{"id":103690,"date":"2024-01-13T09:18:24","date_gmt":"2024-01-13T12:18:24","guid":{"rendered":"http:\/\/aarquiteta.com.br\/?p=103690"},"modified":"2024-01-13T09:18:24","modified_gmt":"2024-01-13T12:18:24","slug":"begonia-maculata-2","status":"publish","type":"post","link":"https:\/\/www.aarquiteta.com.br\/blog\/begonia-maculata-2\/","title":{"rendered":"Begonia Maculata: Tudo o Que Voc\u00ea Precisa Saber"},"content":{"rendered":"<p><body><\/p>\n<p>Ol\u00e1, pessoal! Hoje vamos mergulhar no mundo fascinante da <strong>Beg\u00f4nia Maculata<\/strong>, uma planta que tem conquistado cora\u00e7\u00f5es com suas folhas peculiares e pontos prateados que parecem ter sido pintados \u00e0 m\u00e3o por algum artista da natureza. Vamos descobrir juntos como cuidar dessa belezura, entender suas particularidades e, quem sabe, voc\u00ea se anima a ter uma em casa. Preparados? Ent\u00e3o, bora l\u00e1!<\/p>\n<ul>\n<li><strong>Beg\u00f4nia Maculata<\/strong>: Uma planta ornamental com folhas distintas e pontos prateados.<\/li>\n<li><strong>Origem<\/strong>: Nativa das florestas tropicais do Brasil.<\/li>\n<li><strong>Cuidados<\/strong>: Requer aten\u00e7\u00e3o especial com luz, rega, umidade, temperatura, solo e aduba\u00e7\u00e3o.<\/li>\n<li><strong>Propaga\u00e7\u00e3o<\/strong>: Pode ser feita de maneira simples e \u00e9 uma \u00f3tima forma de multiplicar sua cole\u00e7\u00e3o.<\/li>\n<li><strong>Desafios<\/strong>: Suscet\u00edvel a pragas e doen\u00e7as se n\u00e3o cuidada corretamente.<\/li>\n<\/ul>\n<h3>1. Origem<\/h3>\n<figure style=\"width: 1024px\" class=\"wp-caption aligncenter\"><img decoding=\"async\" src=\"https:\/\/www.aarquiteta.com.br\/blog\/wp-content\/uploads\/2023\/12\/begonia-maculata04.jpg\" alt=\"begonia maculata\" width=\"1024\" height=\"1024\" title=\"\"><figcaption class=\"wp-caption-text\">begonia maculata<\/figcaption><\/figure>\n<p>Minha querida <strong>Beg\u00f4nia Maculata<\/strong> \u00e9 uma verdadeira brasileira, nascida e criada nas florestas tropicais do nosso Brasilz\u00e3o. Ela \u00e9 como o samba, tem aquele gingado natural e uma beleza que s\u00f3 vendo!<\/p>\n<h3>2. Apar\u00eancia<\/h3>\n<p>Ah, a apar\u00eancia dela \u00e9 de cair o queixo! As folhas s\u00e3o verdes escuras, grandes e com esses pontinhos prateados que mais parecem estrelas no c\u00e9u de uma noite limpa. E o verso, gente? Um vermelho-vinho que d\u00e1 um contraste espetacular.<\/p>\n<h3>3. Cuidados necess\u00e1rios<\/h3>\n<figure style=\"width: 1024px\" class=\"wp-caption aligncenter\"><img decoding=\"async\" src=\"https:\/\/www.aarquiteta.com.br\/blog\/wp-content\/uploads\/2023\/12\/begonia-maculata03.jpg\" alt=\"begonia maculata\" width=\"1024\" height=\"1024\" title=\"\"><figcaption class=\"wp-caption-text\">begonia maculata<\/figcaption><\/figure>\n<p>Cuidar de uma <strong>Beg\u00f4nia Maculata<\/strong> \u00e9 como cuidar de um bichinho de estima\u00e7\u00e3o: precisa de aten\u00e7\u00e3o e carinho. Mas n\u00e3o se avexe, n\u00e3o \u00e9 nenhum bicho de sete cabe\u00e7as!<\/p>\n<h3>4. Luz<\/h3>\n<p>Ela adora uma luz indireta, sabe? Aquele solzinho da manh\u00e3 ou do fim da tarde cai que \u00e9 uma beleza. Mas cuidado para n\u00e3o deixar no sol\u00e3o, sen\u00e3o a coitada vai torrar!<\/p>\n<h3>5. Rega<\/h3>\n<p>Na rega, o neg\u00f3cio \u00e9 n\u00e3o encharcar. A terra tem que ficar \u00famida, mas n\u00e3o pode virar um p\u00e2ntano, combinado?<\/p>\n<h3>6. Umidade<\/h3>\n<figure style=\"width: 1024px\" class=\"wp-caption aligncenter\"><img decoding=\"async\" src=\"https:\/\/www.aarquiteta.com.br\/blog\/wp-content\/uploads\/2023\/12\/begonia-maculata02.jpg\" alt=\"begonia maculata\" width=\"1024\" height=\"1024\" title=\"\"><figcaption class=\"wp-caption-text\">begonia maculata<\/figcaption><\/figure>\n<p>Umidade \u00e9 com ela mesma! Afinal, veio da floresta tropical, n\u00e9? Ent\u00e3o, um borrifador pode ser um bom amigo para manter tudo nos trinques.<\/p>\n<h3>7. Temperatura<\/h3>\n<p>Calor ela gosta, mas sem exageros. Uma temperatura amena, como um abra\u00e7o de m\u00e3e, \u00e9 o ideal.<\/p>\n<h3>8. Solo<\/h3>\n<figure style=\"width: 1024px\" class=\"wp-caption aligncenter\"><img decoding=\"async\" src=\"https:\/\/www.aarquiteta.com.br\/blog\/wp-content\/uploads\/2023\/12\/begonia-maculata01.jpg\" alt=\"begonia maculata\" width=\"1024\" height=\"1024\" title=\"\"><figcaption class=\"wp-caption-text\">begonia maculata<\/figcaption><\/figure>\n<p>O solo tem que ser bem drenado, para a \u00e1gua n\u00e3o ficar parada. Uma mistura de terra, areia e um pouco de mat\u00e9ria org\u00e2nica \u00e9 o que h\u00e1!<\/p>\n<h3>9. Aduba\u00e7\u00e3o<\/h3>\n<p>De vez em quando, ela gosta de um agrado. Um adubo equilibrado, para plantas de interior, deixa ela mais feliz que pinto no lixo.<\/p>\n<h3>10. Propaga\u00e7\u00e3o<\/h3>\n<p>Propagar a <strong>Beg\u00f4nia Maculata<\/strong> \u00e9 f\u00e1cil que s\u00f3 vendo. Um pedacinho de caule ou folha, um pouco de paci\u00eancia e voil\u00e0, uma nova plantinha para alegrar a casa.<\/p>\n<h3>11. Pragas e doen\u00e7as<\/h3>\n<p>Olha, se n\u00e3o cuidar direitinho, ela pode atrair uns bichinhos indesejados ou pegar uma doen\u00e7a. Mas nada que uma boa observa\u00e7\u00e3o e cuidado n\u00e3o resolvam.<\/p>\n<h3>12. Curiosidades<\/h3>\n<p>Voc\u00ea sabia que a <strong>Beg\u00f4nia Maculata<\/strong> tamb\u00e9m \u00e9 conhecida como &#8220;Beg\u00f4nia Asa de Anjo&#8221;? Pois \u00e9, com essas folhas que mais parecem asas, ela leva esse apelido carinhoso.<\/p>\n<h3>Perguntas Frequentes:<\/h3>\n<ol>\n<li><strong>Como saber se estou regando a Beg\u00f4nia Maculata corretamente?<\/strong><br \/>\n    Olha s\u00f3, a dica de ouro \u00e9: o ded\u00f4metro! Enfia o dedo na terra at\u00e9 a segunda falange. Se sentir \u00famido, pode esperar mais um pouco para regar.<\/li>\n<li><strong>Minha Beg\u00f4nia Maculata pode viver fora de casa?<\/strong><br \/>\n    Pode sim, desde que voc\u00ea a proteja do sol forte e das intemp\u00e9ries. Ela \u00e9 resistente, mas n\u00e3o \u00e9 de ferro!<\/li>\n<li><strong>Como fa\u00e7o para que minha Beg\u00f4nia Maculata flores\u00e7a?<\/strong><br \/>\n    Ah, para ela florir, \u00e9 preciso que ela esteja bem cuidada e feliz. Luz indireta, rega na medida e um bom papo podem ajudar bastante.<\/li>\n<\/ol>\n<p>Em resumo, a <strong>Beg\u00f4nia Maculata<\/strong> \u00e9 uma planta que, al\u00e9m de linda, \u00e9 cheia de personalidade. Cuidar dela \u00e9 um prazer e v\u00ea-la crescer e se desenvolver \u00e9 uma recompensa e tanto. E aqui vai uma curiosidade para fechar com chave de ouro: dizem que ter uma Beg\u00f4nia em casa traz boa sorte. Ent\u00e3o, que tal tentar a sorte e trazer uma dessas belezuras para o seu lar?<\/p>\n<p><\/body><\/p>\n<p style=\"text-align: center;\">[amazon table=&#8221;90132&#8243;]\n","protected":false},"excerpt":{"rendered":"<p>Dicas e truques essenciais sobre begonia maculata. Tudo para um jardim perfeito!<\/p>\n","protected":false},"author":102,"featured_media":103687,"comment_status":"closed","ping_status":"closed","sticky":false,"template":"","format":"standard","meta":{"footnotes":""},"categories":[10005,1484,9612],"tags":[35134],"class_list":["post-103690","post","type-post","status-publish","format-standard","has-post-thumbnail","category-casa-e-jardim","category-decoracao","category-jardinagem","tag-cultivo-de-begonia-maculata-begonia-maculata"],"_wp_attached_file":null,"_wp_attachment_metadata":null,"_wp_attachment_context":null,"_wp_attachment_is_custom_header":null,"geo_longitude":null,"geo_public":null,"geo_latitude":null,"_publicize_done_external":null,"_wpas_done_3897181":null,"publicize_twitter_user":null,"_wpas_done_3897175":null,"_wpas_skip_3897181":null,"_wpas_skip_3897175":null,"_wpas_skip_3924723":null,"_wpas_mess":null,"_wpas_done_3924723":null,"wps_subtitle":"","_links":{"self":[{"href":"https:\/\/www.aarquiteta.com.br\/blog\/wp-json\/wp\/v2\/posts\/103690","targetHints":{"allow":["GET"]}}],"collection":[{"href":"https:\/\/www.aarquiteta.com.br\/blog\/wp-json\/wp\/v2\/posts"}],"about":[{"href":"https:\/\/www.aarquiteta.com.br\/blog\/wp-json\/wp\/v2\/types\/post"}],"author":[{"embeddable":true,"href":"https:\/\/www.aarquiteta.com.br\/blog\/wp-json\/wp\/v2\/users\/102"}],"replies":[{"embeddable":true,"href":"https:\/\/www.aarquiteta.com.br\/blog\/wp-json\/wp\/v2\/comments?post=103690"}],"version-history":[{"count":0,"href":"https:\/\/www.aarquiteta.com.br\/blog\/wp-json\/wp\/v2\/posts\/103690\/revisions"}],"wp:featuredmedia":[{"embeddable":true,"href":"https:\/\/www.aarquiteta.com.br\/blog\/wp-json\/wp\/v2\/media\/103687"}],"wp:attachment":[{"href":"https:\/\/www.aarquiteta.com.br\/blog\/wp-json\/wp\/v2\/media?parent=103690"}],"wp:term":[{"taxonomy":"category","embeddable":true,"href":"https:\/\/www.aarquiteta.com.br\/blog\/wp-json\/wp\/v2\/categories?post=103690"},{"taxonomy":"post_tag","embeddable":true,"href":"https:\/\/www.aarquiteta.com.br\/blog\/wp-json\/wp\/v2\/tags?post=103690"}],"curies":[{"name":"wp","href":"https:\/\/api.w.org\/{rel}","templated":true}]}}