{"id":103628,"date":"2023-12-30T10:29:20","date_gmt":"2023-12-30T13:29:20","guid":{"rendered":"http:\/\/aarquiteta.com.br\/transformacao-motor-geladeira-compressor-caseiro\/"},"modified":"2023-12-30T10:29:20","modified_gmt":"2023-12-30T13:29:20","slug":"transformacao-motor-geladeira-compressor-caseiro","status":"publish","type":"post","link":"https:\/\/www.aarquiteta.com.br\/blog\/transformacao-motor-geladeira-compressor-caseiro\/","title":{"rendered":"&#8220;Transforma\u00e7\u00e3o impressionante: motor de geladeira se torna compressor caseiro! Descubra essa t\u00e9cnica inovadora.&#8221;"},"content":{"rendered":"<p>E a\u00ed, pessoal, tudo tranquilo? Hoje eu vou compartilhar com voc\u00eas uma daquelas dicas que s\u00e3o um verdadeiro achado! Sabe aquele motor de geladeira antiga que t\u00e1 jogado no canto da garagem? Pois \u00e9, ele vai ganhar uma nova vida! Vou ensinar voc\u00eas a transformar esse motor num <b>compressor caseiro<\/b> que \u00e9 uma verdadeira m\u00e3o na roda. E n\u00e3o \u00e9 s\u00f3 pra encher pneu n\u00e3o, viu? D\u00e1 pra fazer pintura e at\u00e9 animar a festa enchendo bexigas!<\/p>\n<p>Se liga na engenhoca: com um chicote el\u00e9trico feito do pr\u00f3prio fio da geladeira, uma mangueira de ar e um bico enchedor, a gente monta um compressor que \u00e9 sil\u00eancio puro. E n\u00e3o precisa ser nenhum mestre dos magos da eletricidade n\u00e3o, \u00e9 tudo simples e direto. Vou mostrar o passo a passo, desde a liga\u00e7\u00e3o el\u00e9trica at\u00e9 a montagem final, e voc\u00ea vai ver que \u00e9 mais f\u00e1cil que tirar doce de crian\u00e7a.<\/p>\n<figure style=\"width: 1024px\" class=\"wp-caption aligncenter\"><img decoding=\"async\" src=\"https:\/\/www.aarquiteta.com.br\/blog\/wp-content\/uploads\/2023\/12\/transformacao-motor-geladeira-compressor-caseiro01.jpg\" alt=\"\" width=\"1024\" height=\"1024\"  impressionante: motor de geladeira se torna compressor Descubra essa  title=\"\"><figcaption class=\"wp-caption-text\">&#8220;Transforma\u00e7\u00e3o impressionante: motor de geladeira se torna compressor caseiro! Descubra essa t\u00e9cnica inovadora.&#8221;<\/figcaption><\/figure>\n<p>Mas \u00f3, n\u00e3o \u00e9 s\u00f3 de montagem que vive o homem, n\u00e9? Vou testar essa belezura ao vivo e a cores, enchendo desde uma bexiga at\u00e9 o pneu do carro. Quer ver se esse compressor caseiro \u00e9 tudo isso mesmo? Ent\u00e3o cola comigo e descubra como essa inven\u00e7\u00e3o pode ser a solu\u00e7\u00e3o dos seus problemas. E se liga, porque no final do artigo tem o v\u00eddeo completo com todo o processo. Bora l\u00e1?<\/p>\n<h3><b>N\u00e3o perca mais tempo e assista agora como tudo isso \u00e9 feito no v\u00eddeo abaixo!<\/b><\/h3>\n<p>Caso seja necess\u00e1rio, ative as legendas em Portugu\u00eas Brasil, nas configura\u00e7\u00f5es do v\u00eddeo e aproveite!<\/p>\n<div class=\"youtube-embed\" data-video_id=\"NNS_Hu2uc8I\"><iframe title=\"Como Fazer Compressor em casa com Motor de Geladeira - Dicas do Fernando\" width=\"696\" height=\"392\" src=\"https:\/\/www.youtube.com\/embed\/NNS_Hu2uc8I?feature=oembed&#038;enablejsapi=1\" frameborder=\"0\" allow=\"accelerometer; autoplay; clipboard-write; encrypted-media; gyroscope; picture-in-picture; web-share\" allowfullscreen><\/iframe><\/div>\n<p>Espero que tenha encontrado o v\u00eddeo informativo e enriquecedor. <\/p>\n<p>Se gostou do conte\u00fado, n\u00e3o deixe de deslizar para baixo e explorar mais dicas e insights valiosos como este. <\/p>\n<p>Estamos sempre aqui para oferecer informa\u00e7\u00f5es \u00fateis e inspiradoras para voc\u00ea!<\/p>\n<figure style=\"width: 1024px\" class=\"wp-caption aligncenter\"><img decoding=\"async\" src=\"https:\/\/www.aarquiteta.com.br\/blog\/wp-content\/uploads\/2023\/12\/transformacao-motor-geladeira-compressor-caseiro02.jpg\" alt=\"\" width=\"1024\" height=\"1024\"  impressionante: motor de geladeira se torna compressor Descubra essa  title=\"\"><figcaption class=\"wp-caption-text\">&#8220;Transforma\u00e7\u00e3o impressionante: motor de geladeira se torna compressor caseiro! Descubra essa t\u00e9cnica inovadora.&#8221;<\/figcaption><\/figure>\n","protected":false},"excerpt":{"rendered":"<p>Descubra agora mesmo como transformar um simples motor de geladeira em um compressor caseiro! Aprenda essa t\u00e9cnica inovadora que vai te impressionar.<\/p>\n","protected":false},"author":102,"featured_media":103626,"comment_status":"closed","ping_status":"closed","sticky":false,"template":"","format":"standard","meta":{"footnotes":""},"categories":[249],"tags":[],"class_list":["post-103628","post","type-post","status-publish","format-standard","has-post-thumbnail","category-engenharia-e-construcao-civil"],"_wp_attached_file":null,"_wp_attachment_metadata":null,"_wp_attachment_context":null,"_wp_attachment_is_custom_header":null,"geo_longitude":null,"geo_public":null,"geo_latitude":null,"_publicize_done_external":null,"_wpas_done_3897181":null,"publicize_twitter_user":null,"_wpas_done_3897175":null,"_wpas_skip_3897181":null,"_wpas_skip_3897175":null,"_wpas_skip_3924723":null,"_wpas_mess":null,"_wpas_done_3924723":null,"wps_subtitle":"","_links":{"self":[{"href":"https:\/\/www.aarquiteta.com.br\/blog\/wp-json\/wp\/v2\/posts\/103628","targetHints":{"allow":["GET"]}}],"collection":[{"href":"https:\/\/www.aarquiteta.com.br\/blog\/wp-json\/wp\/v2\/posts"}],"about":[{"href":"https:\/\/www.aarquiteta.com.br\/blog\/wp-json\/wp\/v2\/types\/post"}],"author":[{"embeddable":true,"href":"https:\/\/www.aarquiteta.com.br\/blog\/wp-json\/wp\/v2\/users\/102"}],"replies":[{"embeddable":true,"href":"https:\/\/www.aarquiteta.com.br\/blog\/wp-json\/wp\/v2\/comments?post=103628"}],"version-history":[{"count":0,"href":"https:\/\/www.aarquiteta.com.br\/blog\/wp-json\/wp\/v2\/posts\/103628\/revisions"}],"wp:featuredmedia":[{"embeddable":true,"href":"https:\/\/www.aarquiteta.com.br\/blog\/wp-json\/wp\/v2\/media\/103626"}],"wp:attachment":[{"href":"https:\/\/www.aarquiteta.com.br\/blog\/wp-json\/wp\/v2\/media?parent=103628"}],"wp:term":[{"taxonomy":"category","embeddable":true,"href":"https:\/\/www.aarquiteta.com.br\/blog\/wp-json\/wp\/v2\/categories?post=103628"},{"taxonomy":"post_tag","embeddable":true,"href":"https:\/\/www.aarquiteta.com.br\/blog\/wp-json\/wp\/v2\/tags?post=103628"}],"curies":[{"name":"wp","href":"https:\/\/api.w.org\/{rel}","templated":true}]}}