{"id":103531,"date":"2024-01-03T06:15:48","date_gmt":"2024-01-03T09:15:48","guid":{"rendered":"http:\/\/aarquiteta.com.br\/?p=103531"},"modified":"2023-12-30T21:02:30","modified_gmt":"2023-12-31T00:02:30","slug":"modelos-de-balcao-de-cozinha","status":"publish","type":"post","link":"https:\/\/www.aarquiteta.com.br\/blog\/modelos-de-balcao-de-cozinha\/","title":{"rendered":"Modelos de Balc\u00e3o de Cozinha: 5 Sugest\u00f5es para Renovar Seu Espa\u00e7o"},"content":{"rendered":"<p>Quando se fala em dar aquele tapa na decora\u00e7\u00e3o da cozinha, o balc\u00e3o \u00e9 pe\u00e7a-chave, n\u00e9? Al\u00e9m de ser super funcional, ele d\u00e1 um charme todo especial pro ambiente. Ent\u00e3o, bora conferir uns modelos que podem deixar sua cozinha de cara nova e ainda facilitar sua vida na hora de preparar aquele rango gostoso ou s\u00f3 fazer um social com a galera.<\/p>\n<ul>\n<li><strong>Funcionalidade:<\/strong> O balc\u00e3o serve como apoio na hora de cozinhar e ainda pode ser um espa\u00e7o extra de armazenamento.<\/li>\n<li><strong>Estilo:<\/strong> Ele tem o poder de definir o estilo da cozinha, seja moderno, r\u00fastico ou cl\u00e1ssico.<\/li>\n<li><strong>Socializa\u00e7\u00e3o:<\/strong> \u00c9 o ponto de encontro para um bate-papo informal enquanto rola o preparo das refei\u00e7\u00f5es.<\/li>\n<\/ul>\n<h3>1. Balc\u00e3o de cozinha em L<\/h3>\n<figure style=\"width: 1024px\" class=\"wp-caption aligncenter\"><img decoding=\"async\" src=\"https:\/\/www.aarquiteta.com.br\/blog\/wp-content\/uploads\/2023\/12\/modelos-de-balcao-de-cozinha04.jpg\" alt=\"modelos de balcao de cozinha\" width=\"1024\" height=\"1024\" title=\"\"><figcaption class=\"wp-caption-text\">modelos de balcao de cozinha<\/figcaption><\/figure>\n<p>Olha s\u00f3, o balc\u00e3o em L \u00e9 aquele que parece que nasceu pra cozinha, sabe? Ele se encaixa no canto e aproveita bem o espa\u00e7o, al\u00e9m de ser \u00f3timo pra quem gosta de ter tudo \u00e0 m\u00e3o enquanto cozinha.<\/p>\n<h3>2. Balc\u00e3o de cozinha com ilha<\/h3>\n<p>Quem nunca sonhou com uma ilha na cozinha que atire a primeira pedra! Ela \u00e9 aquela pe\u00e7a desejo que, al\u00e9m de linda, \u00e9 super pr\u00e1tica pra preparar alimentos e ainda serve como mesa para refei\u00e7\u00f5es r\u00e1pidas.<\/p>\n<h3>3. Balc\u00e3o de cozinha com cooktop<\/h3>\n<figure style=\"width: 1024px\" class=\"wp-caption aligncenter\"><img decoding=\"async\" src=\"https:\/\/www.aarquiteta.com.br\/blog\/wp-content\/uploads\/2023\/12\/modelos-de-balcao-de-cozinha03.jpg\" alt=\"modelos de balcao de cozinha\" width=\"1024\" height=\"1024\" title=\"\"><figcaption class=\"wp-caption-text\">modelos de balcao de cozinha<\/figcaption><\/figure>\n<p>Integrar o cooktop ao balc\u00e3o \u00e9 a pedida certa pra quem curte um visual clean e moderno. E o melhor, sobra mais espa\u00e7o nos arm\u00e1rios, j\u00e1 que n\u00e3o precisa daquele fog\u00e3o tradicional.<\/p>\n<h3>4. Balc\u00e3o de cozinha com pia embutida<\/h3>\n<p>A pia embutida no balc\u00e3o \u00e9 aquela m\u00e3o na roda pra limpeza. Sem cantinhos pra acumular sujeira, fica tudo mais f\u00e1cil de manter brilhando.<\/p>\n<h3>5. Balc\u00e3o de cozinha com bancada de refei\u00e7\u00f5es<\/h3>\n<p>Imagina s\u00f3 ter um espa\u00e7o no balc\u00e3o pra fazer aquelas refei\u00e7\u00f5es r\u00e1pidas ou mesmo pra crian\u00e7ada fazer a li\u00e7\u00e3o de casa enquanto voc\u00ea prepara o jantar. Pr\u00e1tico, n\u00e9?<\/p>\n<h3>6. Balc\u00e3o de cozinha com arm\u00e1rios embutidos<\/h3>\n<figure style=\"width: 1024px\" class=\"wp-caption aligncenter\"><img decoding=\"async\" src=\"https:\/\/www.aarquiteta.com.br\/blog\/wp-content\/uploads\/2023\/12\/modelos-de-balcao-de-cozinha02.jpg\" alt=\"modelos de balcao de cozinha\" width=\"1024\" height=\"1024\" title=\"\"><figcaption class=\"wp-caption-text\">modelos de balcao de cozinha<\/figcaption><\/figure>\n<p>Arm\u00e1rios embutidos no balc\u00e3o s\u00e3o o sonho de quem busca otimizar espa\u00e7o. D\u00e1 pra guardar um monte de coisa e ainda deixa a cozinha com um ar super organizado.<\/p>\n<h3>7. Balc\u00e3o de cozinha com prateleiras<\/h3>\n<p>Prateleiras abertas d\u00e3o um toque todo especial e ainda s\u00e3o perfeitas pra expor aquelas lou\u00e7as bonitonas ou seus livros de receita.<\/p>\n<h3>8. Balc\u00e3o de cozinha com nichos<\/h3>\n<figure style=\"width: 1024px\" class=\"wp-caption aligncenter\"><img decoding=\"async\" src=\"https:\/\/www.aarquiteta.com.br\/blog\/wp-content\/uploads\/2023\/12\/modelos-de-balcao-de-cozinha01.jpg\" alt=\"modelos de balcao de cozinha\" width=\"1024\" height=\"1024\" title=\"\"><figcaption class=\"wp-caption-text\">modelos de balcao de cozinha<\/figcaption><\/figure>\n<p>Nichos s\u00e3o aqueles espa\u00e7os curinga que servem pra guardar desde temperos at\u00e9 utens\u00edlios, deixando tudo \u00e0 vista e f\u00e1cil de pegar.<\/p>\n<h3>9. Balc\u00e3o de cozinha retr\u00e1til<\/h3>\n<p>Se o espa\u00e7o \u00e9 pequeno, o balc\u00e3o retr\u00e1til \u00e9 uma sacada genial. Usa quando precisa e esconde quando quer mais espa\u00e7o pra circular.<\/p>\n<h3>10. Balc\u00e3o de cozinha suspenso<\/h3>\n<p>Quer dar uma leveza no visual da cozinha? Vai de balc\u00e3o suspenso. Ele parece que t\u00e1 flutuando e ainda facilita a limpeza do ch\u00e3o.<\/p>\n<h3>11. Balc\u00e3o de cozinha com tampo de vidro<\/h3>\n<p>O tampo de vidro \u00e9 aquele toque de modernidade e sofistica\u00e7\u00e3o. F\u00e1cil de limpar e d\u00e1 um brilho todo especial pra cozinha.<\/p>\n<h3>12. Balc\u00e3o de cozinha com acabamento em m\u00e1rmore<\/h3>\n<p>M\u00e1rmore \u00e9 sin\u00f4nimo de eleg\u00e2ncia, n\u00e9? Um balc\u00e3o com esse acabamento \u00e9 pra quem quer dar um up na decora\u00e7\u00e3o sem medo de ser feliz.<\/p>\n<p>Escolher o modelo de balc\u00e3o certo pode ser aquele detalhe que faltava pra sua cozinha ficar com cara de capa de revista. E o melhor, sem abrir m\u00e3o da funcionalidade e do conforto.<\/p>\n<blockquote><p><em>Curiosidade: Voc\u00ea sabia que o balc\u00e3o de cozinha tamb\u00e9m pode influenciar na forma como voc\u00ea interage com as pessoas? Com um balc\u00e3o bem posicionado e convidativo, sua cozinha pode se tornar o cora\u00e7\u00e3o da casa, onde todos se re\u00fanem para conversar e compartilhar experi\u00eancias. Quem diria que um m\u00f3vel poderia fazer tanto pela socializa\u00e7\u00e3o, hein?<\/em><\/p><\/blockquote>\n<h3>Perguntas Frequentes<\/h3>\n<ol>\n<li><strong>Qual \u00e9 o melhor material para o balc\u00e3o de cozinha?<\/strong>Depende do seu estilo e do quanto voc\u00ea t\u00e1 disposto a cuidar. Materiais como granito e quartzo s\u00e3o dur\u00f5es e f\u00e1ceis de limpar. J\u00e1 a madeira traz aconchego, mas pede um cuidado a mais.<\/li>\n<li><strong>Como escolher o tamanho ideal do balc\u00e3o de cozinha?<\/strong>Pense no espa\u00e7o que voc\u00ea tem e no que precisa. Se gosta de cozinhar com a fam\u00edlia ou amigos, um balc\u00e3o maior pode ser uma boa. Mas se o espa\u00e7o \u00e9 pequeno, um modelo retr\u00e1til ou suspenso pode ser a solu\u00e7\u00e3o.<\/li>\n<li><strong>\u00c9 poss\u00edvel personalizar o balc\u00e3o de cozinha de acordo com a decora\u00e7\u00e3o do ambiente?<\/strong>Claro que sim! Voc\u00ea pode escolher o material, a cor, o acabamento&#8230; D\u00e1 pra fazer um balc\u00e3o que \u00e9 a sua cara e que combina direitinho com o resto da decora\u00e7\u00e3o.<\/li>\n<\/ol>\n<p>Ent\u00e3o, \u00e9 isso! Um balc\u00e3o de cozinha bem pensado pode ser o grande astro da sua casa, trazendo beleza e praticidade pro seu dia a dia. E \u00f3, n\u00e3o esquece de escolher um modelo que al\u00e9m de bonito, atenda suas necessidades, viu? Afinal, cozinha \u00e9 lugar de viver bons momentos!<\/p>\n<p>&nbsp;<\/p>\n<p>&nbsp;<\/p>\n<p style=\"text-align: center;\">\n","protected":false},"excerpt":{"rendered":"<p>Reinvente seu espa\u00e7o com ideias incr\u00edveis para modelos de balcao de cozinha. Confira agora!<\/p>\n","protected":false},"author":102,"featured_media":103528,"comment_status":"closed","ping_status":"closed","sticky":false,"template":"","format":"standard","meta":{"footnotes":""},"categories":[1484],"tags":[],"class_list":["post-103531","post","type-post","status-publish","format-standard","has-post-thumbnail","category-decoracao"],"_wp_attached_file":null,"_wp_attachment_metadata":null,"_wp_attachment_context":null,"_wp_attachment_is_custom_header":null,"geo_longitude":null,"geo_public":null,"geo_latitude":null,"_publicize_done_external":null,"_wpas_done_3897181":null,"publicize_twitter_user":null,"_wpas_done_3897175":null,"_wpas_skip_3897181":null,"_wpas_skip_3897175":null,"_wpas_skip_3924723":null,"_wpas_mess":null,"_wpas_done_3924723":null,"wps_subtitle":"","_links":{"self":[{"href":"https:\/\/www.aarquiteta.com.br\/blog\/wp-json\/wp\/v2\/posts\/103531","targetHints":{"allow":["GET"]}}],"collection":[{"href":"https:\/\/www.aarquiteta.com.br\/blog\/wp-json\/wp\/v2\/posts"}],"about":[{"href":"https:\/\/www.aarquiteta.com.br\/blog\/wp-json\/wp\/v2\/types\/post"}],"author":[{"embeddable":true,"href":"https:\/\/www.aarquiteta.com.br\/blog\/wp-json\/wp\/v2\/users\/102"}],"replies":[{"embeddable":true,"href":"https:\/\/www.aarquiteta.com.br\/blog\/wp-json\/wp\/v2\/comments?post=103531"}],"version-history":[{"count":0,"href":"https:\/\/www.aarquiteta.com.br\/blog\/wp-json\/wp\/v2\/posts\/103531\/revisions"}],"wp:featuredmedia":[{"embeddable":true,"href":"https:\/\/www.aarquiteta.com.br\/blog\/wp-json\/wp\/v2\/media\/103528"}],"wp:attachment":[{"href":"https:\/\/www.aarquiteta.com.br\/blog\/wp-json\/wp\/v2\/media?parent=103531"}],"wp:term":[{"taxonomy":"category","embeddable":true,"href":"https:\/\/www.aarquiteta.com.br\/blog\/wp-json\/wp\/v2\/categories?post=103531"},{"taxonomy":"post_tag","embeddable":true,"href":"https:\/\/www.aarquiteta.com.br\/blog\/wp-json\/wp\/v2\/tags?post=103531"}],"curies":[{"name":"wp","href":"https:\/\/api.w.org\/{rel}","templated":true}]}}