{"id":103401,"date":"2024-01-17T20:20:12","date_gmt":"2024-01-17T23:20:12","guid":{"rendered":"http:\/\/aarquiteta.com.br\/?p=103401"},"modified":"2024-06-27T16:29:21","modified_gmt":"2024-06-27T19:29:21","slug":"jardim-vertical-de-pallet","status":"publish","type":"post","link":"https:\/\/www.aarquiteta.com.br\/blog\/jardim-vertical-de-pallet\/","title":{"rendered":"Jardim Vertical de Pallet: DIY Sustent\u00e1vel e Criativo"},"content":{"rendered":"<p><body><\/p>\n<p>Um jardim vertical de pallet \u00e9 uma solu\u00e7\u00e3o criativa e sustent\u00e1vel para quem quer trazer um pouco de verde para dentro de casa ou otimizar espa\u00e7os externos. Utilizando estruturas de madeira recicladas, conhecidas como pallets, \u00e9 poss\u00edvel cultivar uma variedade de plantas de forma organizada e esteticamente agrad\u00e1vel. Vamos explorar os benef\u00edcios dessa pr\u00e1tica e como voc\u00ea pode criar o seu pr\u00f3prio jardim vertical.<\/p>\n<ul>\n<li>Economia de espa\u00e7o<\/li>\n<li>Contribui\u00e7\u00e3o para a melhoria da qualidade do ar<\/li>\n<li>Valoriza\u00e7\u00e3o est\u00e9tica e decorativa<\/li>\n<li>Oportunidade para cultivar alimentos org\u00e2nicos<\/li>\n<li>Impacto positivo no bem-estar e sa\u00fade<\/li>\n<li>Pr\u00e1tica sustent\u00e1vel e ecol\u00f3gica<\/li>\n<\/ul>\n<h3>Benef\u00edcios de ter um jardim vertical de pallet<\/h3>\n<figure style=\"width: 1024px\" class=\"wp-caption aligncenter\"><img decoding=\"async\" src=\"https:\/\/www.aarquiteta.com.br\/blog\/wp-content\/uploads\/2023\/12\/jardim-vertical-de-pallet04.jpg\" alt=\"jardim vertical de pallet\" width=\"1024\" height=\"1024\" title=\"\"><figcaption class=\"wp-caption-text\">jardim vertical de pallet<\/figcaption><\/figure>\n<h3>Economia de espa\u00e7o<\/h3>\n<p>Se voc\u00ea mora em um apartamento ou tem um quintal pequeno, sabe como cada cent\u00edmetro \u00e9 precioso. O jardim vertical de pallet \u00e9 a solu\u00e7\u00e3o perfeita, pois permite cultivar plantas sem ocupar muito espa\u00e7o horizontal. \u00c9 como ter um pedacinho da natureza em qualquer parede vazia!<\/p>\n<h3>Melhora a qualidade do ar<\/h3>\n<figure style=\"width: 1024px\" class=\"wp-caption aligncenter\"><img decoding=\"async\" src=\"https:\/\/www.aarquiteta.com.br\/blog\/wp-content\/uploads\/2023\/12\/jardim-vertical-de-pallet03.jpg\" alt=\"jardim vertical de pallet\" width=\"1024\" height=\"1024\" title=\"\"><figcaption class=\"wp-caption-text\">jardim vertical de pallet<\/figcaption><\/figure>\n<p>As plantas s\u00e3o nossas parceiras na respira\u00e7\u00e3o, n\u00e3o \u00e9 mesmo? Elas absorvem o CO2 e liberam oxig\u00eanio, purificando o ar que a gente respira. Ter um jardim vertical em casa \u00e9 como contar com um ex\u00e9rcito de pequenos purificadores de ar naturais.<\/p>\n<h3>Est\u00e9tica e decora\u00e7\u00e3o<\/h3>\n<p>Al\u00e9m de serem \u00f3timas para a sa\u00fade, as plantas d\u00e3o aquele toque especial na decora\u00e7\u00e3o. Um jardim vertical de pallet pode transformar uma parede sem gra\u00e7a em um ponto focal cheio de vida e cor. \u00c9 a natureza dando um up no nosso lar!<\/p>\n<h3>Cultivo de alimentos<\/h3>\n<p>Imagina s\u00f3 colher temperos fresquinhos direto da sua parede? Com um jardim vertical de pallet, isso \u00e9 poss\u00edvel! Al\u00e9m de ser super pr\u00e1tico, voc\u00ea sabe que est\u00e1 consumindo alimentos livres de agrot\u00f3xicos. \u00c9 sa\u00fade e sabor que fala, n\u00e9?<\/p>\n<h3>Bem-estar e sa\u00fade<\/h3>\n<figure style=\"width: 1024px\" class=\"wp-caption aligncenter\"><img decoding=\"async\" src=\"https:\/\/www.aarquiteta.com.br\/blog\/wp-content\/uploads\/2023\/12\/jardim-vertical-de-pallet02.jpg\" alt=\"jardim vertical de pallet\" width=\"1024\" height=\"1024\" title=\"\"><figcaption class=\"wp-caption-text\">jardim vertical de pallet<\/figcaption><\/figure>\n<p>Ter plantas por perto tamb\u00e9m faz bem para a alma. Elas reduzem o estresse e aumentam a sensa\u00e7\u00e3o de bem-estar. Cuidar do seu jardim vertical pode ser um momento de paz e conex\u00e3o com a natureza, mesmo estando dentro de casa.<\/p>\n<h3>Sustentabilidade<\/h3>\n<p>Reaproveitar pallets para criar um jardim vertical \u00e9 um ato de amor ao planeta. Voc\u00ea est\u00e1 reciclando materiais e contribuindo para um mundo mais verde. \u00c9 sustentabilidade na pr\u00e1tica!<\/p>\n<h3>Como fazer um jardim vertical de pallet<\/h3>\n<figure style=\"width: 1024px\" class=\"wp-caption aligncenter\"><img decoding=\"async\" src=\"https:\/\/www.aarquiteta.com.br\/blog\/wp-content\/uploads\/2023\/12\/jardim-vertical-de-pallet01.jpg\" alt=\"jardim vertical de pallet\" width=\"1024\" height=\"1024\" title=\"\"><figcaption class=\"wp-caption-text\">jardim vertical de pallet<\/figcaption><\/figure>\n<h3>Escolha do pallet<\/h3>\n<p>Primeiro, voc\u00ea precisa encontrar um pallet em bom estado. Procure por um que seja resistente e que n\u00e3o tenha sido tratado com produtos qu\u00edmicos nocivos. Afinal, seguran\u00e7a em primeiro lugar!<\/p>\n<h3>Prepara\u00e7\u00e3o do pallet<\/h3>\n<p>Antes de mais nada, d\u00ea uma boa lixada no seu pallet para evitar farpas. Depois, voc\u00ea pode pint\u00e1-lo ou enverniz\u00e1-lo para combinar com a sua decora\u00e7\u00e3o e proteger a madeira.<\/p>\n<h3>Fixa\u00e7\u00e3o do pallet na parede<\/h3>\n<p>Para fixar o pallet na parede, voc\u00ea vai precisar de suportes resistentes e parafusos. Certifique-se de que est\u00e1 bem seguro para evitar acidentes. Seguran\u00e7a nunca \u00e9 demais!<\/p>\n<h3>Prepara\u00e7\u00e3o das plantas<\/h3>\n<p>Escolha plantas que se adaptem bem ao ambiente onde o jardim ser\u00e1 instalado. Se for dentro de casa, opte por esp\u00e9cies que gostem de sombra ou meia-sombra. Se for ao ar livre, o c\u00e9u \u00e9 o limite!<\/p>\n<h3>Plantio das plantas<\/h3>\n<p>Utilize sacos de cultivo ou crie compartimentos com tecido paisag\u00edstico para acomodar a terra e as plantas no pallet. Lembre-se de deixar um espa\u00e7o adequado para o crescimento de cada uma.<\/p>\n<h3>Cuidados e manuten\u00e7\u00e3o<\/h3>\n<p style=\"text-align: center;\">[amazon table=&#8221;82802&#8243;]\n<p>Regue regularmente, mas sem exageros, e fique de olho na sa\u00fade das suas plantinhas. Remova folhas secas e adube quando necess\u00e1rio. Um pouco de carinho faz toda a diferen\u00e7a!<\/p>\n<h3>Plantas ideais para um jardim vertical de pallet<\/h3>\n<h3>Suculentas<\/h3>\n<p>As suculentas s\u00e3o quase as rainhas dos jardins verticais. Elas s\u00e3o resistentes, n\u00e3o precisam de muita \u00e1gua e ainda s\u00e3o super charmosas. \u00c9 sucesso garantido!<\/p>\n<h3>Perguntas Frequentes<\/h3>\n<h3>Posso usar qualquer tipo de pallet para fazer um jardim vertical?<\/h3>\n<p>N\u00e3o \u00e9 todo pallet que serve para o nosso prop\u00f3sito. \u00c9 importante escolher um que seja resistente e que n\u00e3o tenha sido tratado com subst\u00e2ncias t\u00f3xicas, especialmente se voc\u00ea planeja cultivar alimentos.<\/p>\n<h3>Quais cuidados devo ter ao regar as plantas no jardim vertical?<\/h3>\n<p>A dica de ouro \u00e9: menos \u00e9 mais! Regue o suficiente para manter a terra \u00famida, mas sem encharcar. E claro, a frequ\u00eancia vai depender do tipo de planta que voc\u00ea escolher.<\/p>\n<h3>\u00c9 necess\u00e1rio adubar as plantas no jardim vertical com frequ\u00eancia?<\/h3>\n<p>Depende da planta, mas de modo geral, uma aduba\u00e7\u00e3o a cada tr\u00eas meses \u00e9 suficiente para manter seu jardim vertical saud\u00e1vel e bonito.<\/p>\n<h3>Conclus\u00e3o<\/h3>\n<p>Ter um jardim vertical de pallet \u00e9 uma maneira incr\u00edvel de trazer mais verde para sua vida, economizar espa\u00e7o e ainda cuidar do nosso planeta. Com um pouco de criatividade e dedica\u00e7\u00e3o, voc\u00ea pode transformar qualquer cantinho em um o\u00e1sis particular. E a\u00ed, que tal colocar a m\u00e3o na terra e come\u00e7ar o seu?<\/p>\n<p><b>Curiosidade:<\/b> Voc\u00ea sabia que os jardins verticais n\u00e3o s\u00e3o uma inven\u00e7\u00e3o moderna? Eles j\u00e1 existiam na antiga Babil\u00f4nia, nos famosos Jardins Suspensos, uma das Sete Maravilhas do Mundo Antigo. Hoje, com um simples pallet, voc\u00ea pode ter um pedacinho dessa maravilha na sua casa!<\/p>\n<p><\/body><\/p>\n","protected":false},"excerpt":{"rendered":"<p>Dicas e truques essenciais sobre jardim vertical de pallet. Tudo para um jardim perfeito!<\/p>\n","protected":false},"author":102,"featured_media":103398,"comment_status":"closed","ping_status":"closed","sticky":false,"template":"","format":"standard","meta":{"footnotes":""},"categories":[10005,1484,35395,9612],"tags":[35121],"class_list":["post-103401","post","type-post","status-publish","format-standard","has-post-thumbnail","category-casa-e-jardim","category-decoracao","category-jardim-vertical","category-jardinagem","tag-cultivo-de-jardim-vertical-de-pallet-jardim-vertical-de-pallet"],"_wp_attached_file":null,"_wp_attachment_metadata":null,"_wp_attachment_context":null,"_wp_attachment_is_custom_header":null,"geo_longitude":null,"geo_public":null,"geo_latitude":null,"_publicize_done_external":null,"_wpas_done_3897181":null,"publicize_twitter_user":null,"_wpas_done_3897175":null,"_wpas_skip_3897181":null,"_wpas_skip_3897175":null,"_wpas_skip_3924723":null,"_wpas_mess":null,"_wpas_done_3924723":null,"wps_subtitle":"","_links":{"self":[{"href":"https:\/\/www.aarquiteta.com.br\/blog\/wp-json\/wp\/v2\/posts\/103401","targetHints":{"allow":["GET"]}}],"collection":[{"href":"https:\/\/www.aarquiteta.com.br\/blog\/wp-json\/wp\/v2\/posts"}],"about":[{"href":"https:\/\/www.aarquiteta.com.br\/blog\/wp-json\/wp\/v2\/types\/post"}],"author":[{"embeddable":true,"href":"https:\/\/www.aarquiteta.com.br\/blog\/wp-json\/wp\/v2\/users\/102"}],"replies":[{"embeddable":true,"href":"https:\/\/www.aarquiteta.com.br\/blog\/wp-json\/wp\/v2\/comments?post=103401"}],"version-history":[{"count":0,"href":"https:\/\/www.aarquiteta.com.br\/blog\/wp-json\/wp\/v2\/posts\/103401\/revisions"}],"wp:featuredmedia":[{"embeddable":true,"href":"https:\/\/www.aarquiteta.com.br\/blog\/wp-json\/wp\/v2\/media\/103398"}],"wp:attachment":[{"href":"https:\/\/www.aarquiteta.com.br\/blog\/wp-json\/wp\/v2\/media?parent=103401"}],"wp:term":[{"taxonomy":"category","embeddable":true,"href":"https:\/\/www.aarquiteta.com.br\/blog\/wp-json\/wp\/v2\/categories?post=103401"},{"taxonomy":"post_tag","embeddable":true,"href":"https:\/\/www.aarquiteta.com.br\/blog\/wp-json\/wp\/v2\/tags?post=103401"}],"curies":[{"name":"wp","href":"https:\/\/api.w.org\/{rel}","templated":true}]}}