{"id":103354,"date":"2023-12-26T12:17:22","date_gmt":"2023-12-26T15:17:22","guid":{"rendered":"http:\/\/aarquiteta.com.br\/designer-inovador-apartamento-30-metros-quadrados-oasis-minimalista\/"},"modified":"2023-12-26T12:17:22","modified_gmt":"2023-12-26T15:17:22","slug":"designer-inovador-apartamento-30-metros-quadrados-oasis-minimalista","status":"publish","type":"post","link":"https:\/\/www.aarquiteta.com.br\/blog\/designer-inovador-apartamento-30-metros-quadrados-oasis-minimalista\/","title":{"rendered":"Designer inovador transforma apartamento de 30 metros quadrados em um verdadeiro o\u00e1sis minimalista: muitos duvidaram de sua genialidade."},"content":{"rendered":"<p>Imagina s\u00f3, um ap\u00ea de <b>30 metros quadrados<\/b> que mais parece um quebra-cabe\u00e7a de design e funcionalidade. Estou falando do Tara, um pr\u00e9dio que respira ares de 1920 com seu estilo art d\u00e9co, mas que esconde um segredinho moderno e minimalista por dentro. A miss\u00e3o? Criar um espa\u00e7o que fosse um o\u00e1sis de tranquilidade e estilo no meio da correria de Sydney. E n\u00e3o \u00e9 que conseguiram?<\/p>\n<p>Quando voc\u00ea pensa em minimalismo, pode imaginar um lugar meio vazio, n\u00e9? Mas aqui, cada cantinho \u00e9 um truque de m\u00e1gica. A parede funcional, que \u00e9 praticamente um canivete su\u00ed\u00e7o, esconde um sof\u00e1 de quatro lugares e uma cama dobr\u00e1vel, tudo isso envolto em <b>metal robusto<\/b> que d\u00e1 um toque contempor\u00e2neo e \u00fanico. E a cozinha? Ah, a cozinha \u00e9 um show \u00e0 parte, com eletrodom\u00e9sticos compactos que brincam de esconde-esconde, deixando tudo mais clean e esperto.<\/p>\n<figure style=\"width: 1024px\" class=\"wp-caption aligncenter\"><img decoding=\"async\" src=\"https:\/\/www.aarquiteta.com.br\/blog\/wp-content\/uploads\/2023\/12\/designer-inovador-apartamento-30-metros-quadrados-oasis-minimalista01.jpg\" alt=\"Designer inovador transforma apartamento de 30 metros quadrados em um verdadeiro o\u00e1sis minimalista: muitos duvidaram de sua genialidade.\" width=\"1024\" height=\"1024\" title=\"\"><figcaption class=\"wp-caption-text\">Designer inovador transforma apartamento de 30 metros quadrados em um verdadeiro o\u00e1sis minimalista: muitos duvidaram de sua genialidade.<\/figcaption><\/figure>\n<p>E a luz? Bom, a luz \u00e9 praticamente um personagem principal nessa hist\u00f3ria, entrando de fininho pela janela e se espalhando pelo tampo branco da cozinha, que mais parece um farol guiando navios perdidos. E o banheiro com porta de vidro fosco? Uma ideia genial para <b>roubar luz<\/b> e fazer o espa\u00e7o parecer maior. \u00c9 cada detalhe pensado com carinho, desde a persiana que desce suavemente at\u00e9 os puxadores ocultos que d\u00e3o aquele toque de &#8220;nossa, como eles pensaram nisso?&#8221;. E a\u00ed, ficou curioso para ver como esse cubo m\u00e1gico da habita\u00e7\u00e3o se desdobra? D\u00e1 uma espiadinha no v\u00eddeo completo e prepare-se para ficar de boca aberta.<\/p>\n<h3><b>N\u00e3o perca mais tempo e assista agora como tudo isso \u00e9 feito no v\u00eddeo abaixo!<\/b><\/h3>\n<p>Caso seja necess\u00e1rio, ative as legendas em Portugu\u00eas Brasil, nas configura\u00e7\u00f5es do v\u00eddeo e aproveite!<\/p>\n<div class=\"youtube-embed\" data-video_id=\"S-KsCfne6qw\"><iframe title=\"NEVER TOO SMALL Metal Clad Sydney Micro Studio Apartment - 30sqm\/322sqft\" width=\"696\" height=\"392\" src=\"https:\/\/www.youtube.com\/embed\/S-KsCfne6qw?feature=oembed&#038;enablejsapi=1\" frameborder=\"0\" allow=\"accelerometer; autoplay; clipboard-write; encrypted-media; gyroscope; picture-in-picture; web-share\" allowfullscreen><\/iframe><\/div>\n<p>Espero que tenha encontrado o v\u00eddeo informativo e enriquecedor. <\/p>\n<p>Se gostou do conte\u00fado, n\u00e3o deixe de deslizar para baixo e explorar mais dicas e insights valiosos como este. <\/p>\n<p>Estamos sempre aqui para oferecer informa\u00e7\u00f5es \u00fateis e inspiradoras para voc\u00ea!<\/p>\n<figure style=\"width: 1024px\" class=\"wp-caption aligncenter\"><img decoding=\"async\" src=\"https:\/\/www.aarquiteta.com.br\/blog\/wp-content\/uploads\/2023\/12\/designer-inovador-apartamento-30-metros-quadrados-oasis-minimalista02.jpg\" alt=\"Designer inovador transforma apartamento de 30 metros quadrados em um verdadeiro o\u00e1sis minimalista: muitos duvidaram de sua genialidade.\" width=\"1024\" height=\"1024\" title=\"\"><figcaption class=\"wp-caption-text\">Designer inovador transforma apartamento de 30 metros quadrados em um verdadeiro o\u00e1sis minimalista: muitos duvidaram de sua genialidade.<\/figcaption><\/figure>\n","protected":false},"excerpt":{"rendered":"<p>Descubra as transforma\u00e7\u00f5es impressionantes que um designer inovador realizou em um apartamento de 30 metros quadrados. Suas genialidades minimalistas deixaram muitas pessoas c\u00e9ticas, mas os ensinamentos e orienta\u00e7\u00f5es desse mestre do design surpreendem. Venha explorar esse verdadeiro aprendizado arquitet\u00f4nico!<\/p>\n","protected":false},"author":102,"featured_media":103352,"comment_status":"closed","ping_status":"closed","sticky":false,"template":"","format":"standard","meta":{"footnotes":""},"categories":[1507,1484],"tags":[],"class_list":["post-103354","post","type-post","status-publish","format-standard","has-post-thumbnail","category-arquitetura","category-decoracao"],"_wp_attached_file":null,"_wp_attachment_metadata":null,"_wp_attachment_context":null,"_wp_attachment_is_custom_header":null,"geo_longitude":null,"geo_public":null,"geo_latitude":null,"_publicize_done_external":null,"_wpas_done_3897181":null,"publicize_twitter_user":null,"_wpas_done_3897175":null,"_wpas_skip_3897181":null,"_wpas_skip_3897175":null,"_wpas_skip_3924723":null,"_wpas_mess":null,"_wpas_done_3924723":null,"wps_subtitle":"","_links":{"self":[{"href":"https:\/\/www.aarquiteta.com.br\/blog\/wp-json\/wp\/v2\/posts\/103354","targetHints":{"allow":["GET"]}}],"collection":[{"href":"https:\/\/www.aarquiteta.com.br\/blog\/wp-json\/wp\/v2\/posts"}],"about":[{"href":"https:\/\/www.aarquiteta.com.br\/blog\/wp-json\/wp\/v2\/types\/post"}],"author":[{"embeddable":true,"href":"https:\/\/www.aarquiteta.com.br\/blog\/wp-json\/wp\/v2\/users\/102"}],"replies":[{"embeddable":true,"href":"https:\/\/www.aarquiteta.com.br\/blog\/wp-json\/wp\/v2\/comments?post=103354"}],"version-history":[{"count":0,"href":"https:\/\/www.aarquiteta.com.br\/blog\/wp-json\/wp\/v2\/posts\/103354\/revisions"}],"wp:featuredmedia":[{"embeddable":true,"href":"https:\/\/www.aarquiteta.com.br\/blog\/wp-json\/wp\/v2\/media\/103352"}],"wp:attachment":[{"href":"https:\/\/www.aarquiteta.com.br\/blog\/wp-json\/wp\/v2\/media?parent=103354"}],"wp:term":[{"taxonomy":"category","embeddable":true,"href":"https:\/\/www.aarquiteta.com.br\/blog\/wp-json\/wp\/v2\/categories?post=103354"},{"taxonomy":"post_tag","embeddable":true,"href":"https:\/\/www.aarquiteta.com.br\/blog\/wp-json\/wp\/v2\/tags?post=103354"}],"curies":[{"name":"wp","href":"https:\/\/api.w.org\/{rel}","templated":true}]}}