{"id":103350,"date":"2023-12-27T12:35:18","date_gmt":"2023-12-27T15:35:18","guid":{"rendered":"http:\/\/aarquiteta.com.br\/?p=103350"},"modified":"2024-07-03T14:17:19","modified_gmt":"2024-07-03T17:17:19","slug":"prateleira-com-suporte-invisivel","status":"publish","type":"post","link":"https:\/\/www.aarquiteta.com.br\/blog\/prateleira-com-suporte-invisivel\/","title":{"rendered":"Prateleira com Suporte Invis\u00edvel: 5 Dicas para um Design Moderno"},"content":{"rendered":"<p>Quando a gente pensa em dar aquele up na decora\u00e7\u00e3o de casa, uma prateleira com suporte invis\u00edvel pode ser um verdadeiro game changer. Sabe por qu\u00ea? Porque al\u00e9m de ser super estilosa, ela ainda d\u00e1 aquela sensa\u00e7\u00e3o de que seus objetos est\u00e3o flutuando na parede. E n\u00e3o \u00e9 s\u00f3 isso, n\u00e3o! Vem comigo que vou te contar todos os benef\u00edcios dessa maravilha do design moderno:<\/p>\n<ul>\n<li>Est\u00e9tica clean que combina com tudo.<\/li>\n<li>Ambientes parecem mais amplos.<\/li>\n<li>Flexibilidade total na hora de decorar.<\/li>\n<li>Instala\u00e7\u00e3o? Mam\u00e3o com a\u00e7\u00facar!<\/li>\n<li>Resistente e dur\u00e1vel, aguenta o tranco.<\/li>\n<li>V\u00e1rias op\u00e7\u00f5es de materiais para escolher.<\/li>\n<li>Personalize do seu jeito.<\/li>\n<li>Limpeza r\u00e1pida e sem complica\u00e7\u00e3o.<\/li>\n<li>Seguran\u00e7a para voc\u00ea e sua fam\u00edlia.<\/li>\n<li>Otimiza\u00e7\u00e3o do espa\u00e7o \u00e9 com ela mesma.<\/li>\n<li>Praticidade no dia a dia.<\/li>\n<li>Valoriza qualquer cantinho da casa.<\/li>\n<\/ul>\n<h3>Est\u00e9tica moderna e minimalista<\/h3>\n<div style=\"width: 696px;\" class=\"wp-video\"><video class=\"wp-video-shortcode\" id=\"video-103350-1\" width=\"696\" height=\"696\" preload=\"metadata\" controls=\"controls\"><source type=\"video\/mp4\" src=\"https:\/\/www.aarquiteta.com.br\/blog\/wp-content\/uploads\/2023\/12\/seed2443638101049506.mp4?_=1\" \/><a href=\"https:\/\/www.aarquiteta.com.br\/blog\/wp-content\/uploads\/2023\/12\/seed2443638101049506.mp4\">https:\/\/www.aarquiteta.com.br\/blog\/wp-content\/uploads\/2023\/12\/seed2443638101049506.mp4<\/a><\/video><\/div>\n<p>&nbsp;<\/p>\n<p>Olha, se voc\u00ea \u00e9 f\u00e3 de um visual mais clean, vai pirar nas prateleiras com suporte invis\u00edvel. Elas s\u00e3o o toque de modernidade que faltava na sua casa. Sem aqueles suportes aparecendo, seus livros e enfeites v\u00e3o parecer que est\u00e3o fazendo um n\u00famero de m\u00e1gica na sua parede.<\/p>\n<h3>Maior sensa\u00e7\u00e3o de espa\u00e7o<\/h3>\n<p>Em um passe de m\u00e1gica, seu c\u00f4modo vai parecer maior. Isso mesmo! Sem os suportes tradicionais, a prateleira com suporte invis\u00edvel deixa o ambiente mais aberto, passando a impress\u00e3o de que voc\u00ea tem mais espa\u00e7o do que realmente tem. Quem n\u00e3o quer uma sala que parece mais espa\u00e7osa, n\u00e9?<\/p>\n<h3>Versatilidade na decora\u00e7\u00e3o<\/h3>\n<figure style=\"width: 1024px\" class=\"wp-caption aligncenter\"><img decoding=\"async\" src=\"https:\/\/www.aarquiteta.com.br\/blog\/wp-content\/uploads\/2023\/12\/prateleira-com-suporte-invisivel03.jpg\" alt=\"prateleira com suporte invis\u00edvel\" width=\"1024\" height=\"1024\" title=\"\"><figcaption class=\"wp-caption-text\">prateleira com suporte invis\u00edvel<\/figcaption><\/figure>\n<p>Com uma prateleira dessas, voc\u00ea pode soltar a imagina\u00e7\u00e3o na hora de decorar. Quer mudar a cara do ambiente? \u00c9 s\u00f3 trocar os objetos de lugar ou colocar novos enfeites. E o melhor: combina com qualquer estilo, do retr\u00f4 ao contempor\u00e2neo.<\/p>\n<h3>F\u00e1cil instala\u00e7\u00e3o<\/h3>\n<p>Se voc\u00ea \u00e9 do tipo que foge de complica\u00e7\u00e3o, vai adorar saber que instalar uma prateleira com suporte invis\u00edvel \u00e9 mais f\u00e1cil que aprender a dan\u00e7ar Macarena. Com poucas ferramentas e um pouco de paci\u00eancia, voc\u00ea mesmo pode fazer a instala\u00e7\u00e3o.<\/p>\n<h3>Resist\u00eancia e durabilidade<\/h3>\n<p>Essas prateleiras s\u00e3o tipo os her\u00f3is dos m\u00f3veis: fortes e confi\u00e1veis. Feitas para durar, elas aguentam os livros mais pesados e os enfeites mais queridos sem dar nem um sinal de cansa\u00e7o.<\/p>\n<h3>Op\u00e7\u00f5es de materiais<\/h3>\n<figure style=\"width: 1024px\" class=\"wp-caption aligncenter\"><img decoding=\"async\" src=\"https:\/\/www.aarquiteta.com.br\/blog\/wp-content\/uploads\/2023\/12\/prateleira-com-suporte-invisivel02.jpg\" alt=\"prateleira com suporte invis\u00edvel\" width=\"1024\" height=\"1024\" title=\"\"><figcaption class=\"wp-caption-text\">prateleira com suporte invis\u00edvel<\/figcaption><\/figure>\n<p>Seja voc\u00ea um f\u00e3 de madeira, vidro ou metal, tem prateleira com suporte invis\u00edvel para todos os gostos. Cada material tem seu charme e vantagens, ent\u00e3o \u00e9 s\u00f3 escolher o que mais combina com voc\u00ea e seu lar.<\/p>\n<h3>Personaliza\u00e7\u00e3o<\/h3>\n<p>Quer uma prateleira que seja a sua cara? Com o suporte invis\u00edvel, voc\u00ea pode personalizar do jeitinho que quiser. Pinte, envernize ou deixe ao natural, o c\u00e9u \u00e9 o limite!<\/p>\n<h3>F\u00e1cil limpeza<\/h3>\n<figure style=\"width: 1024px\" class=\"wp-caption aligncenter\"><img decoding=\"async\" src=\"https:\/\/www.aarquiteta.com.br\/blog\/wp-content\/uploads\/2023\/12\/prateleira-com-suporte-invisivel01.jpg\" alt=\"prateleira com suporte invis\u00edvel\" width=\"1024\" height=\"1024\" title=\"\"><figcaption class=\"wp-caption-text\">prateleira com suporte invis\u00edvel<\/figcaption><\/figure>\n<p>Na hora da faxina, voc\u00ea vai agradecer por ter escolhido uma prateleira com suporte invis\u00edvel. Um paninho aqui, outro ali e voil\u00e0! Tudo limpinho e sem estresse.<\/p>\n<h3>Seguran\u00e7a<\/h3>\n<p>Al\u00e9m de lindas, essas prateleiras s\u00e3o seguras. Sem suportes ou parafusos aparentes, voc\u00ea reduz o risco de acidentes, especialmente se tiver crian\u00e7as ou pets arteiros em casa.<\/p>\n<h3>Economia de espa\u00e7o<\/h3>\n<p>Se o seu ap\u00ea \u00e9 daqueles que cada cent\u00edmetro conta, uma prateleira com suporte invis\u00edvel \u00e9 sua melhor amiga. Ela n\u00e3o s\u00f3 economiza espa\u00e7o, como tamb\u00e9m deixa tudo mais organizado e acess\u00edvel.<\/p>\n<h3>Praticidade<\/h3>\n<p>No corre-corre do dia a dia, a gente precisa de solu\u00e7\u00f5es pr\u00e1ticas, e essa prateleira \u00e9 uma delas. F\u00e1cil de montar, de limpar e de mudar de lugar, ela \u00e9 a defini\u00e7\u00e3o de praticidade.<\/p>\n<figure style=\"width: 1024px\" class=\"wp-caption aligncenter\"><img decoding=\"async\" src=\"https:\/\/www.aarquiteta.com.br\/blog\/wp-content\/uploads\/2023\/12\/prateleira-com-suporte-invisivel04.jpg\" alt=\"prateleira com suporte invis\u00edvel\" width=\"1024\" height=\"1024\" title=\"\"><figcaption class=\"wp-caption-text\">prateleira com suporte invis\u00edvel<\/figcaption><\/figure>\n<h3>Valoriza\u00e7\u00e3o do ambiente<\/h3>\n<p>Por fim, uma prateleira com suporte invis\u00edvel d\u00e1 aquele up no ambiente. Ela valoriza o espa\u00e7o, deixando sua casa mais convidativa e aconchegante. \u00c9 o tipo de investimento que, al\u00e9m de \u00fatil, ainda decora.<\/p>\n<blockquote><p>Curiosidade do dia: voc\u00ea sabia que a ideia de prateleiras flutuantes surgiu da necessidade de economizar espa\u00e7o em ambientes pequenos? Pois \u00e9, a necessidade \u00e9 mesmo a m\u00e3e da inven\u00e7\u00e3o!<\/p><\/blockquote>\n<h3>Perguntas Frequentes<\/h3>\n<ol>\n<li><strong>Como instalar uma prateleira com suporte invis\u00edvel?<\/strong><br \/>\n\u00c9 simples: marque na parede onde os suportes v\u00e3o ficar, fure, coloque as buchas e parafuse os suportes. Depois \u00e9 s\u00f3 encaixar a prateleira e pronto! Mas \u00f3, sempre confira o manual do fabricante, t\u00e1?<\/li>\n<li><strong>Quais materiais posso utilizar para a prateleira com suporte invis\u00edvel?<\/strong><br \/>\nMadeira, MDF, vidro, acr\u00edlico&#8230; a lista \u00e9 grande! Escolha um material que suporte o peso que voc\u00ea pretende colocar em cima e que combine com o estilo da sua casa.<\/li>\n<li><strong>\u00c9 seguro utilizar uma prateleira com suporte invis\u00edvel?<\/strong><br \/>\nCom certeza! Desde que voc\u00ea instale direitinho e n\u00e3o sobrecarregue, sua prateleira vai ficar firme e forte na parede, sem riscos.<\/li>\n<\/ol>\n<p>Ent\u00e3o \u00e9 isso! Uma prateleira com suporte invis\u00edvel \u00e9 aquele toque de m\u00e1gica que faltava na sua decora\u00e7\u00e3o. Al\u00e9m de todos esses benef\u00edcios, ela ainda \u00e9 uma conversa fiada de boa na hora de receber as visitas. &#8220;Nossa, como voc\u00ea fez isso?&#8221; E a\u00ed, voc\u00ea d\u00e1 aquele sorrisinho de quem sabe das coisas e responde: &#8220;Ah, \u00e9 s\u00f3 um truquezinho de decora\u00e7\u00e3o!&#8221;<\/p>\n<p>&nbsp;<\/p>\n<p style=\"text-align: center;\">\n","protected":false},"excerpt":{"rendered":"<p>Reinvente seu espa\u00e7o com ideias incr\u00edveis para prateleira com suporte invis\u00edvel. Confira agora!<\/p>\n","protected":false},"author":102,"featured_media":103378,"comment_status":"closed","ping_status":"closed","sticky":false,"template":"","format":"standard","meta":{"footnotes":""},"categories":[35414,1484,35452],"tags":[],"class_list":["post-103350","post","type-post","status-publish","format-standard","has-post-thumbnail","category-acessorios-para-decoracao","category-decoracao","category-prateleiras-e-nichos"],"_wp_attached_file":null,"_wp_attachment_metadata":null,"_wp_attachment_context":null,"_wp_attachment_is_custom_header":null,"geo_longitude":null,"geo_public":null,"geo_latitude":null,"_publicize_done_external":null,"_wpas_done_3897181":null,"publicize_twitter_user":null,"_wpas_done_3897175":null,"_wpas_skip_3897181":null,"_wpas_skip_3897175":null,"_wpas_skip_3924723":null,"_wpas_mess":null,"_wpas_done_3924723":null,"wps_subtitle":"","_links":{"self":[{"href":"https:\/\/www.aarquiteta.com.br\/blog\/wp-json\/wp\/v2\/posts\/103350","targetHints":{"allow":["GET"]}}],"collection":[{"href":"https:\/\/www.aarquiteta.com.br\/blog\/wp-json\/wp\/v2\/posts"}],"about":[{"href":"https:\/\/www.aarquiteta.com.br\/blog\/wp-json\/wp\/v2\/types\/post"}],"author":[{"embeddable":true,"href":"https:\/\/www.aarquiteta.com.br\/blog\/wp-json\/wp\/v2\/users\/102"}],"replies":[{"embeddable":true,"href":"https:\/\/www.aarquiteta.com.br\/blog\/wp-json\/wp\/v2\/comments?post=103350"}],"version-history":[{"count":0,"href":"https:\/\/www.aarquiteta.com.br\/blog\/wp-json\/wp\/v2\/posts\/103350\/revisions"}],"wp:featuredmedia":[{"embeddable":true,"href":"https:\/\/www.aarquiteta.com.br\/blog\/wp-json\/wp\/v2\/media\/103378"}],"wp:attachment":[{"href":"https:\/\/www.aarquiteta.com.br\/blog\/wp-json\/wp\/v2\/media?parent=103350"}],"wp:term":[{"taxonomy":"category","embeddable":true,"href":"https:\/\/www.aarquiteta.com.br\/blog\/wp-json\/wp\/v2\/categories?post=103350"},{"taxonomy":"post_tag","embeddable":true,"href":"https:\/\/www.aarquiteta.com.br\/blog\/wp-json\/wp\/v2\/tags?post=103350"}],"curies":[{"name":"wp","href":"https:\/\/api.w.org\/{rel}","templated":true}]}}