{"id":103315,"date":"2023-12-25T19:15:35","date_gmt":"2023-12-25T22:15:35","guid":{"rendered":"http:\/\/aarquiteta.com.br\/?p=103315"},"modified":"2023-12-25T19:15:35","modified_gmt":"2023-12-25T22:15:35","slug":"pessoa-transforma-apartamento-obra-arte-duvidaram","status":"publish","type":"post","link":"https:\/\/www.aarquiteta.com.br\/blog\/pessoa-transforma-apartamento-obra-arte-duvidaram\/","title":{"rendered":"Pessoa brilhante transforma pequeno apartamento de 24 m2 em obra de arte."},"content":{"rendered":"<p>Imagina s\u00f3, um ap\u00ea de <b>24 metros quadrados<\/b> que parece ter o dobro do tamanho. \u00c9 isso mesmo! Estou falando de um cantinho em Rushcutters Bay, um bairro de Sydney que \u00e9 um pulinho do centro e um saltinho do porto. O pr\u00e9dio \u00e9 uma rel\u00edquia dos anos 60, mas o que temos aqui \u00e9 uma verdadeira c\u00e1psula do tempo repaginada para os dias de hoje. E n\u00e3o \u00e9 qualquer reforma n\u00e3o, \u00e9 uma transforma\u00e7\u00e3o daquelas que faz a gente repensar o espa\u00e7o que ocupa.<\/p>\n<p>Quando coloquei os p\u00e9s nesse apartamento pela primeira vez, era tudo junto e misturado: cozinha no corredor, sala e quarto num abra\u00e7o s\u00f3. Mas, \u00f3, a gente deu uma de m\u00e1gico e <b>separou o sono da divers\u00e3o<\/b> com uma tela deslizante que \u00e9 puro charme e funcionalidade. E n\u00e3o para por a\u00ed: a cama, que mais parece um trono, esconde gavetas para voc\u00ea guardar at\u00e9 o que n\u00e3o precisa. E a luz natural? Ah, essa entra de fininho pelas janelas que v\u00e3o de parede a parede, fazendo a gente se sentir abra\u00e7ado pelo sol.<\/p>\n<figure style=\"width: 1024px\" class=\"wp-caption aligncenter\"><img decoding=\"async\" src=\"https:\/\/www.aarquiteta.com.br\/blog\/wp-content\/uploads\/2023\/12\/pessoa-transforma-apartamento-obra-arte-duvidaram01.jpg\" alt=\"Pessoa brilhante transforma pequeno apartamento em obra de arte. Muitos duvidaram dela.,.\" width=\"1024\" height=\"1024\" title=\"\"><figcaption class=\"wp-caption-text\">Pessoa brilhante transforma pequeno apartamento em obra de arte. Muitos duvidaram dela.,.<\/figcaption><\/figure>\n<p>Os detalhes s\u00e3o de cair o queixo: uma cozinha que \u00e9 um quebra-cabe\u00e7a de efici\u00eancia, um banheiro que \u00e9 um spa particular, e um espelho que te faz pensar que entrou no pa\u00eds das maravilhas. Tudo isso com um toque de concreto e madeira que traz a natureza pra dentro de casa. E o melhor de tudo? <b>Essa joia<\/b> \u00e9 um exemplo de como podemos dar uma nova cara aos cl\u00e1ssicos sem perder a ess\u00eancia. Quer ver como esse pequeno gigante ficou? Ent\u00e3o se joga no v\u00eddeo completo que t\u00e1 te esperando no final do artigo. Vem comigo nessa tour que \u00e9 pura inspira\u00e7\u00e3o!<\/p>\n<h3><b>N\u00e3o perca mais tempo e assista agora como tudo isso \u00e9 feito no v\u00eddeo abaixo!<\/b><\/h3>\n<p>Caso seja necess\u00e1rio, ative as legendas em Portugu\u00eas Brasil, nas configura\u00e7\u00f5es do v\u00eddeo e aproveite!<\/p>\n<div class=\"youtube-embed\" data-video_id=\"daL7TkzyW7k\"><iframe title=\"NEVER TOO SMALL 24sqm\/258sqft Micro Apartment - Boneca\" width=\"696\" height=\"392\" src=\"https:\/\/www.youtube.com\/embed\/daL7TkzyW7k?feature=oembed&#038;enablejsapi=1\" frameborder=\"0\" allow=\"accelerometer; autoplay; clipboard-write; encrypted-media; gyroscope; picture-in-picture; web-share\" allowfullscreen><\/iframe><\/div>\n<p>Espero que tenha encontrado o v\u00eddeo informativo e enriquecedor.<\/p>\n<p>Se gostou do conte\u00fado, n\u00e3o deixe de deslizar para baixo e explorar mais dicas e insights valiosos como este.<\/p>\n<p>Estamos sempre aqui para oferecer informa\u00e7\u00f5es \u00fateis e inspiradoras para voc\u00ea!<\/p>\n<figure style=\"width: 1024px\" class=\"wp-caption aligncenter\"><img decoding=\"async\" src=\"https:\/\/www.aarquiteta.com.br\/blog\/wp-content\/uploads\/2023\/12\/pessoa-transforma-apartamento-obra-arte-duvidaram02.jpg\" alt=\"Pessoa brilhante transforma pequeno apartamento em obra de arte. Muitos duvidaram dela.,.\" width=\"1024\" height=\"1024\" title=\"\"><figcaption class=\"wp-caption-text\">Pessoa brilhante transforma pequeno apartamento em obra de arte. Muitos duvidaram dela.<\/figcaption><\/figure>\n<p>&nbsp;<\/p>\n","protected":false},"excerpt":{"rendered":"<p>Pessoa brilhante surpreende ao transformar pequeno apartamento em uma obra de arte deslumbrante. As muitas d\u00favidas lan\u00e7adas sobre ela s\u00f3 tornam essa conquista ainda mais impressionante. Aprenda com suas li\u00e7\u00f5es, instru\u00e7\u00f5es e indica\u00e7\u00f5es para atingir resultados extraordin\u00e1rios em seus pr\u00f3prios projetos.<\/p>\n","protected":false},"author":102,"featured_media":103313,"comment_status":"closed","ping_status":"closed","sticky":false,"template":"","format":"standard","meta":{"footnotes":""},"categories":[1507,1484],"tags":[],"class_list":["post-103315","post","type-post","status-publish","format-standard","has-post-thumbnail","category-arquitetura","category-decoracao"],"_wp_attached_file":null,"_wp_attachment_metadata":null,"_wp_attachment_context":null,"_wp_attachment_is_custom_header":null,"geo_longitude":null,"geo_public":null,"geo_latitude":null,"_publicize_done_external":null,"_wpas_done_3897181":null,"publicize_twitter_user":null,"_wpas_done_3897175":null,"_wpas_skip_3897181":null,"_wpas_skip_3897175":null,"_wpas_skip_3924723":null,"_wpas_mess":null,"_wpas_done_3924723":null,"wps_subtitle":"","_links":{"self":[{"href":"https:\/\/www.aarquiteta.com.br\/blog\/wp-json\/wp\/v2\/posts\/103315","targetHints":{"allow":["GET"]}}],"collection":[{"href":"https:\/\/www.aarquiteta.com.br\/blog\/wp-json\/wp\/v2\/posts"}],"about":[{"href":"https:\/\/www.aarquiteta.com.br\/blog\/wp-json\/wp\/v2\/types\/post"}],"author":[{"embeddable":true,"href":"https:\/\/www.aarquiteta.com.br\/blog\/wp-json\/wp\/v2\/users\/102"}],"replies":[{"embeddable":true,"href":"https:\/\/www.aarquiteta.com.br\/blog\/wp-json\/wp\/v2\/comments?post=103315"}],"version-history":[{"count":0,"href":"https:\/\/www.aarquiteta.com.br\/blog\/wp-json\/wp\/v2\/posts\/103315\/revisions"}],"wp:featuredmedia":[{"embeddable":true,"href":"https:\/\/www.aarquiteta.com.br\/blog\/wp-json\/wp\/v2\/media\/103313"}],"wp:attachment":[{"href":"https:\/\/www.aarquiteta.com.br\/blog\/wp-json\/wp\/v2\/media?parent=103315"}],"wp:term":[{"taxonomy":"category","embeddable":true,"href":"https:\/\/www.aarquiteta.com.br\/blog\/wp-json\/wp\/v2\/categories?post=103315"},{"taxonomy":"post_tag","embeddable":true,"href":"https:\/\/www.aarquiteta.com.br\/blog\/wp-json\/wp\/v2\/tags?post=103315"}],"curies":[{"name":"wp","href":"https:\/\/api.w.org\/{rel}","templated":true}]}}