{"id":10321,"date":"2017-05-08T11:44:40","date_gmt":"2017-05-08T14:44:40","guid":{"rendered":"http:\/\/aarquiteta.com.br\/?p=10321"},"modified":"2024-06-28T11:18:15","modified_gmt":"2024-06-28T14:18:15","slug":"familias-revit-saiba-como-fazer-a-sua","status":"publish","type":"post","link":"https:\/\/www.aarquiteta.com.br\/blog\/familias-revit-saiba-como-fazer-a-sua\/","title":{"rendered":"Saiba como fazer a sua Fam\u00edlia Revit"},"content":{"rendered":"<p>Aprenda a editar e criar suas pr\u00f3prias fam\u00edlias Revit e n\u00e3o dependa mais da internet para fazer seus projetos!\u00a0Voc\u00ea sabia que um dos maiores problemas de exporta\u00e7\u00e3o do Revit \u00e9 a m\u00e1 edi\u00e7\u00e3o de fam\u00edlias?<\/p>\n<p>O que no AutoCAD cham\u00e1vamos blocos, no Revit chamamos fam\u00edlias. E da mesma forma que no seu primo mais pr\u00f3ximo, as fam\u00edlias desempenham um papel fundamental em projetos de arquitetura e engenharia.<\/p>\n<p>A edi\u00e7\u00e3o\u00a0destes elementos no Revit requer uma aten\u00e7\u00e3o redobrada do usu\u00e1rio. No mundo dwg, bastava que as linhas estivessem unidas e t\u00ednhamos mesas, poltronas e bancadas.<\/p>\n<p>No entanto, no Revit, todos os blocos devem ser pensados em 3D e nas suas diversas possibilidades de varia\u00e7\u00f5es.<\/p>\n<p>Muitos consideram que\u00a0ter milhares de componentes resolve o problema, mas a experi\u00eancia como consultor mostra que isso mais atrapalha do que ajuda.<\/p>\n<p>As fam\u00edlias dispon\u00edveis na Internet s\u00e3o em sua maioria criadas segundo par\u00e2metros desconhecidos de n\u00edvel de detalhamento, nomenclatura de componentes e subcomponentes.<\/p>\n<p>E este problema aflora quase sempre no momento da impress\u00e3o quando um mesmo conjunto de fam\u00edlias apresentam express\u00f5es gr\u00e1ficas diferentes.<\/p>\n<p>Editar fam\u00edlias n\u00e3o s\u00f3 \u00e9 pr\u00e9-requisito de projetos executivos, <strong>at\u00e9 mesmo projetos de prefeitura necessitam desta habilidade.<\/strong><\/p>\n<p>O Brasil e o mundo migram em largos passos para a ado\u00e7\u00e3o do Bim e sem d\u00favida isso passa pela cria\u00e7\u00e3o e edi\u00e7\u00e3o inteligente de fam\u00edlias.<\/p>\n<h2>Fator decisivo no mercado profissional.<\/h2>\n<p>Ent\u00e3o isso \u00e9 um fator decisivo no curriculum do novo profissional de projetos?\u00a0Certamente sim.<\/p>\n<p>Muitos projetos em Revit ainda dependem do AutoCAD para seu desenvolvimento, seja recebendo os dwg&#8217;s para compatibiliza\u00e7\u00e3o ou\u00a0exportando para os projetistas de sistemas que ainda n\u00e3o adotaram a tecnologia.<\/p>\n<p>No momento da exporta\u00e7\u00e3o, elementos como layouts v\u00e3o compactamente e, por vezes, em layers e cores diferentes, mesmo estando no mesmo grupo.<\/p>\n<p>Configurar corretamente categorias e subcategorias nas fam\u00edlias trar\u00e1 melhores resultados no momento de apresent\u00e1-los em DWG. A dica \u00e9 a correta padroniza\u00e7\u00e3o de grupos, categorias e subcategorias.<\/p>\n<p>Voc\u00ea sabia que fam\u00edlias Revit pode ter <strong>diversas cores e diversas espessuras de linhas<\/strong>?<\/p>\n<p>\u00c9 muito comum fam\u00edlias terem diversas cores ou tons diferentes de uma mesma cor em fam\u00edlias de mobili\u00e1rios, por exemplo.<\/p>\n<p>Isso \u00e9 poss\u00edvel utilizando-se de subcategorias nas fam\u00edlias e permitir\u00e1 que fam\u00edlias possam ter uma cor padr\u00e3o e outras cores aplicadas a detalhes como o furo da bancada ou as pernas de uma mesa.<\/p>\n<p><img decoding=\"async\" class=\"aligncenter wp-image-10324 \" src=\"https:\/\/www.aarquiteta.com.br\/blog\/wp-content\/uploads\/2017\/05\/familias_revit_02.png\" alt=\"\" width=\"706\" height=\"93\" title=\"\"><\/p>\n<h2>Categorias de componentes<\/h2>\n<p>Voc\u00ea sabia que \u00e9 na edi\u00e7\u00e3o de fam\u00edlias que se define <strong>a categoria de um\u00a0componente<\/strong> do Revit?<\/p>\n<p>Nos manuais de modelagem BIM quase sempre podemos ver tabelas que definem que categorias e subcategorias das fam\u00edlias e elementos que um projeto deve ter.<\/p>\n<p>Esta padroniza\u00e7\u00e3o afeta n\u00e3o somente a express\u00e3o gr\u00e1fica de todo um grupo quanto est\u00e1 diretamente relacionado \u00e0s quantifica\u00e7\u00f5es do projeto. A boa not\u00edcia \u00e9 que trocar a categoria de determinada fam\u00edlia \u00e9 simples e r\u00e1pido.<\/p>\n<p>Uma dica valiosa da edi\u00e7\u00e3o de fam\u00edlias \u00e9 n\u00e3o <strong>vincular modelo com modelo<\/strong>! Para vincular par\u00e2metros de dimens\u00e3o, por exemplo, o usu\u00e1rio deve sempre utilizar os planos de refer\u00eancia, uma das ferramentas mais usadas na edi\u00e7\u00e3o e cria\u00e7\u00e3o de fam\u00edlias (s\u00e3o as linhas verdes tracejadas;).<\/p>\n<h2>V\u00e1rios tipos em uma mesma fam\u00edlia.<\/h2>\n<p>Uma coisa muito comum \u00e9 a a\u00e7\u00e3o de carregar uma fam\u00edlia e diversos tipos desta fam\u00edlia, em geral, relacionada a dimens\u00e3o j\u00e1 virem carregadas no projeto.<\/p>\n<p>Este recurso pode ainda restringir a cria\u00e7\u00e3o de novos tipos relacionados \u00e0s dimens\u00f5es quando, por exemplo, as larguras e alturas de uma janela s\u00e3o padr\u00e3o de f\u00e1brica.<\/p>\n<p><img decoding=\"async\" class=\"size-full wp-image-10330 aligncenter\" src=\"https:\/\/www.aarquiteta.com.br\/blog\/wp-content\/uploads\/2017\/05\/familias_revit_07.png.jpg\" alt=\"\" width=\"792\" height=\"307\" title=\"\" srcset=\"https:\/\/www.aarquiteta.com.br\/blog\/wp-content\/uploads\/2017\/05\/familias_revit_07.png.jpg 792w, https:\/\/www.aarquiteta.com.br\/blog\/wp-content\/uploads\/2017\/05\/familias_revit_07.png-696x270.jpg 696w, https:\/\/www.aarquiteta.com.br\/blog\/wp-content\/uploads\/2017\/05\/familias_revit_07.png-150x58.jpg 150w\" sizes=\"(max-width: 792px) 100vw, 792px\" \/><\/p>\n<p><img decoding=\"async\" class=\"size-mediumgridsize wp-image-10331 aligncenter\" src=\"https:\/\/www.aarquiteta.com.br\/blog\/wp-content\/uploads\/2017\/05\/familias_revit_08.png.jpg\" alt=\"\" width=\"783\" height=\"302\" title=\"\" srcset=\"https:\/\/www.aarquiteta.com.br\/blog\/wp-content\/uploads\/2017\/05\/familias_revit_08.png.jpg 783w, https:\/\/www.aarquiteta.com.br\/blog\/wp-content\/uploads\/2017\/05\/familias_revit_08.png-696x268.jpg 696w, https:\/\/www.aarquiteta.com.br\/blog\/wp-content\/uploads\/2017\/05\/familias_revit_08.png-150x58.jpg 150w\" sizes=\"(max-width: 783px) 100vw, 783px\" \/><\/p>\n<p>&nbsp;<\/p>\n<h2>Renderiza\u00e7\u00e3o dez nas fam\u00edlias Revit<\/h2>\n<p>Que tal suas fam\u00edlias Revit \u00a0terem diversos materiais na hora da renderiza\u00e7\u00e3o?<\/p>\n<p>A cria\u00e7\u00e3o e aplica\u00e7\u00e3o do par\u00e2metro de materiais \u00e9 um recurso muito importante para projetistas de interiores e projetistas que fazem renderiza\u00e7\u00f5es de apresenta\u00e7\u00e3o. A escolha do revestimento deve ser f\u00e1cil e aplicada exatamente onde deve.<\/p>\n<p>Um mesmo m\u00f3vel, por exemplo, pode ter diversos materiais vinculados: um sof\u00e1, por exemplo, que tem os p\u00e9s, a estrutura aparente e o estofado em acabamentos diferentes.<\/p>\n<p><img decoding=\"async\" class=\"wp-image-10332 aligncenter\" src=\"https:\/\/www.aarquiteta.com.br\/blog\/wp-content\/uploads\/2017\/05\/familias_revit_mesa01.png\" alt=\"\" width=\"500\" height=\"299\" title=\"\" srcset=\"https:\/\/www.aarquiteta.com.br\/blog\/wp-content\/uploads\/2017\/05\/familias_revit_mesa01.png 1000w, https:\/\/www.aarquiteta.com.br\/blog\/wp-content\/uploads\/2017\/05\/familias_revit_mesa01-696x416.png 696w, https:\/\/www.aarquiteta.com.br\/blog\/wp-content\/uploads\/2017\/05\/familias_revit_mesa01-150x90.png 150w\" sizes=\"(max-width: 500px) 100vw, 500px\" \/><\/p>\n<p><img decoding=\"async\" class=\"wp-image-10333 aligncenter\" src=\"https:\/\/www.aarquiteta.com.br\/blog\/wp-content\/uploads\/2017\/05\/familias_revit_mesa02.png\" alt=\"\" width=\"500\" height=\"299\" title=\"\" srcset=\"https:\/\/www.aarquiteta.com.br\/blog\/wp-content\/uploads\/2017\/05\/familias_revit_mesa02.png 1000w, https:\/\/www.aarquiteta.com.br\/blog\/wp-content\/uploads\/2017\/05\/familias_revit_mesa02-696x416.png 696w, https:\/\/www.aarquiteta.com.br\/blog\/wp-content\/uploads\/2017\/05\/familias_revit_mesa02-150x90.png 150w\" sizes=\"(max-width: 500px) 100vw, 500px\" \/><\/p>\n<p><img decoding=\"async\" class=\"wp-image-10334 aligncenter\" src=\"https:\/\/www.aarquiteta.com.br\/blog\/wp-content\/uploads\/2017\/05\/familias_revit_mesa03.png\" alt=\"\" width=\"500\" height=\"299\" title=\"\" srcset=\"https:\/\/www.aarquiteta.com.br\/blog\/wp-content\/uploads\/2017\/05\/familias_revit_mesa03.png 1000w, https:\/\/www.aarquiteta.com.br\/blog\/wp-content\/uploads\/2017\/05\/familias_revit_mesa03-696x416.png 696w, https:\/\/www.aarquiteta.com.br\/blog\/wp-content\/uploads\/2017\/05\/familias_revit_mesa03-150x90.png 150w\" sizes=\"(max-width: 500px) 100vw, 500px\" \/><\/p>\n<div class=\"mceTemp\"><\/div>\n<p>&nbsp;<\/p>\n","protected":false},"excerpt":{"rendered":"<p>Aprenda a editar e criar suas pr\u00f3prias fam\u00edlias Revit e n\u00e3o dependa mais da internet para fazer seus projetos!\u00a0Voc\u00ea sabia que um dos maiores problemas de exporta\u00e7\u00e3o do Revit \u00e9 a m\u00e1 edi\u00e7\u00e3o de fam\u00edlias? O que no AutoCAD cham\u00e1vamos blocos, no Revit chamamos fam\u00edlias. E da mesma forma que no seu primo mais pr\u00f3ximo, [&hellip;]<\/p>\n","protected":false},"author":102,"featured_media":10365,"comment_status":"closed","ping_status":"closed","sticky":false,"template":"","format":"standard","meta":{"footnotes":""},"categories":[5,1097],"tags":[],"class_list":["post-10321","post","type-post","status-publish","format-standard","has-post-thumbnail","category-biblioteca-arquitetura","category-bim"],"_wp_attached_file":null,"_wp_attachment_metadata":null,"_wp_attachment_context":null,"_wp_attachment_is_custom_header":null,"geo_longitude":null,"geo_public":null,"geo_latitude":null,"_publicize_done_external":null,"_wpas_done_3897181":null,"publicize_twitter_user":null,"_wpas_done_3897175":null,"_wpas_skip_3897181":null,"_wpas_skip_3897175":null,"_wpas_skip_3924723":null,"_wpas_mess":null,"_wpas_done_3924723":null,"wps_subtitle":"Confira neste artigo as dicas sobre o programa mais utilizado pelas construtoras e incorporadoras do Brasil!","_links":{"self":[{"href":"https:\/\/www.aarquiteta.com.br\/blog\/wp-json\/wp\/v2\/posts\/10321","targetHints":{"allow":["GET"]}}],"collection":[{"href":"https:\/\/www.aarquiteta.com.br\/blog\/wp-json\/wp\/v2\/posts"}],"about":[{"href":"https:\/\/www.aarquiteta.com.br\/blog\/wp-json\/wp\/v2\/types\/post"}],"author":[{"embeddable":true,"href":"https:\/\/www.aarquiteta.com.br\/blog\/wp-json\/wp\/v2\/users\/102"}],"replies":[{"embeddable":true,"href":"https:\/\/www.aarquiteta.com.br\/blog\/wp-json\/wp\/v2\/comments?post=10321"}],"version-history":[{"count":0,"href":"https:\/\/www.aarquiteta.com.br\/blog\/wp-json\/wp\/v2\/posts\/10321\/revisions"}],"wp:featuredmedia":[{"embeddable":true,"href":"https:\/\/www.aarquiteta.com.br\/blog\/wp-json\/wp\/v2\/media\/10365"}],"wp:attachment":[{"href":"https:\/\/www.aarquiteta.com.br\/blog\/wp-json\/wp\/v2\/media?parent=10321"}],"wp:term":[{"taxonomy":"category","embeddable":true,"href":"https:\/\/www.aarquiteta.com.br\/blog\/wp-json\/wp\/v2\/categories?post=10321"},{"taxonomy":"post_tag","embeddable":true,"href":"https:\/\/www.aarquiteta.com.br\/blog\/wp-json\/wp\/v2\/tags?post=10321"}],"curies":[{"name":"wp","href":"https:\/\/api.w.org\/{rel}","templated":true}]}}