{"id":103160,"date":"2023-12-23T13:50:09","date_gmt":"2023-12-23T16:50:09","guid":{"rendered":"http:\/\/aarquiteta.com.br\/?p=103160"},"modified":"2023-12-23T14:11:46","modified_gmt":"2023-12-23T17:11:46","slug":"pessoa-inovadora-transforma-mini-casa-espaco-incrivel","status":"publish","type":"post","link":"https:\/\/www.aarquiteta.com.br\/blog\/pessoa-inovadora-transforma-mini-casa-espaco-incrivel\/","title":{"rendered":"Pessoa inovadora transforma mini casa em espa\u00e7o incr\u00edvel. Muitos duvidaram, mas o resultado \u00e9 surpreendente!"},"content":{"rendered":"<p>Quem nunca sonhou em ter um cantinho s\u00f3 seu, que atire a primeira pedra, n\u00e3o \u00e9 mesmo? Mas e se eu te contar que esse cantinho pode ser uma <b>mini casa<\/b> super estilosa, com um p\u00e9 direito que \u00e9 um verdadeiro suspiro de liberdade? Pois \u00e9, eu mergulhei de cabe\u00e7a nesse projeto e quero te levar nessa onda comigo. Vou te mostrar como \u00e9 poss\u00edvel viver grande em um espa\u00e7o pequeno, e o melhor, com um toque de modernidade que vai fazer seus olhos brilharem.<\/p>\n<p>Imagine uma casa geminada, onde cada cent\u00edmetro \u00e9 pensado para ser funcional e aconchegante. Estou falando de uma sala que \u00e9 um verdadeiro abra\u00e7o, uma cozinha que \u00e9 um convite ao chef que existe em voc\u00ea e um mezanino que \u00e9 um ninho de tranquilidade. E o charme? Ah, o charme fica por conta de um painel 3D iluminado que \u00e9 puro estilo. Mas n\u00e3o para por a\u00ed, tem muito mais nesse projeto que \u00e9 um verdadeiro quebra-cabe\u00e7a de boas ideias.<\/p>\n<figure style=\"width: 1024px\" class=\"wp-caption aligncenter\"><img decoding=\"async\" src=\"https:\/\/www.aarquiteta.com.br\/blog\/wp-content\/uploads\/2023\/12\/pessoa-inovadora-transforma-mini-casa-espaco-incrivel01.jpg\" alt=\"Pessoa inovadora transforma mini casa em espa\u00e7o incr\u00edvel. Muitos duvidaram, mas o resultado \u00e9 surpreendente!\" width=\"1024\" height=\"1024\" title=\"\"><figcaption class=\"wp-caption-text\">Pessoa inovadora transforma mini casa em espa\u00e7o incr\u00edvel. Muitos duvidaram, mas o resultado \u00e9 surpreendente!<\/figcaption><\/figure>\n<p>Ent\u00e3o, se voc\u00ea est\u00e1 curioso para saber como eu consegui fazer a luz e o ar dan\u00e7arem juntos em um espa\u00e7o de <b>4&#215;5 metros<\/b>, sem contar com janelas laterais ou nos fundos, voc\u00ea precisa conferir o v\u00eddeo completo. Vou te levar em um tour detalhado, mostrando cada cantinho e compartilhando os segredos dessa mini casa que \u00e9 grande em personalidade. Vem comigo que no final desse v\u00eddeo, voc\u00ea vai estar cheio de inspira\u00e7\u00e3o para transformar seu pr\u00f3prio espa\u00e7o!<\/p>\n<h3><b>N\u00e3o perca mais tempo e assista agora como tudo isso \u00e9 feito no v\u00eddeo abaixo!<\/b><\/h3>\n<p>Caso seja necess\u00e1rio, ative as legendas em Portugu\u00eas Brasil, nas configura\u00e7\u00f5es do v\u00eddeo e aproveite!<\/p>\n<div class=\"youtube-embed\" data-video_id=\"QjbHSGJcGMQ\"><iframe title=\"MINI CASA 4 X 5 m COM P\u00c9 DIREITO ALTO\" width=\"696\" height=\"392\" src=\"https:\/\/www.youtube.com\/embed\/QjbHSGJcGMQ?feature=oembed&#038;enablejsapi=1\" frameborder=\"0\" allow=\"accelerometer; autoplay; clipboard-write; encrypted-media; gyroscope; picture-in-picture; web-share\" allowfullscreen><\/iframe><\/div>\n<p>Espero que tenha encontrado o v\u00eddeo informativo e enriquecedor.<\/p>\n<p>Se gostou do conte\u00fado, n\u00e3o deixe de deslizar para baixo e explorar mais dicas e insights valiosos como este.<\/p>\n<p>Estamos sempre aqui para oferecer informa\u00e7\u00f5es \u00fateis e inspiradoras para voc\u00ea!<\/p>\n<figure id=\"attachment_103169\" aria-describedby=\"caption-attachment-103169\" style=\"width: 911px\" class=\"wp-caption alignnone\"><img decoding=\"async\" class=\"wp-image-103169 size-full\" title=\"Pessoa inovadora transforma mini casa em espa\u00e7o incr\u00edvel. Muitos duvidaram, mas o resultado \u00e9 surpreendente!\" src=\"https:\/\/www.aarquiteta.com.br\/blog\/wp-content\/uploads\/2023\/12\/loft-4x5-1.jpg\" alt=\"Pessoa inovadora transforma mini casa em espa\u00e7o incr\u00edvel. Muitos duvidaram, mas o resultado \u00e9 surpreendente!\" width=\"911\" height=\"908\" srcset=\"https:\/\/www.aarquiteta.com.br\/blog\/wp-content\/uploads\/2023\/12\/loft-4x5-1.jpg 911w, https:\/\/www.aarquiteta.com.br\/blog\/wp-content\/uploads\/2023\/12\/loft-4x5-1-696x694.jpg 696w, https:\/\/www.aarquiteta.com.br\/blog\/wp-content\/uploads\/2023\/12\/loft-4x5-1-96x96.jpg 96w, https:\/\/www.aarquiteta.com.br\/blog\/wp-content\/uploads\/2023\/12\/loft-4x5-1-150x150.jpg 150w\" sizes=\"(max-width: 911px) 100vw, 911px\" \/><figcaption id=\"caption-attachment-103169\" class=\"wp-caption-text\">Pessoa inovadora transforma mini casa em espa\u00e7o incr\u00edvel. Muitos duvidaram, mas o resultado \u00e9 surpreendente!<\/figcaption><\/figure>\n<h3><b>Voc\u00ea \u00e9 estudante ou entusiasta nas \u00e1reas de Arquitetura e decora\u00e7\u00e3o? Ent\u00e3o, acesse abaixo e conhe\u00e7a nosso pacote:<\/b><\/h3>\n<figure id=\"attachment_54464\" aria-describedby=\"caption-attachment-54464\" style=\"width: 1080px\" class=\"wp-caption alignnone\"><a href=\"https:\/\/www.aarquiteta.com.br\/curso-de-arquitetura\/\"><img decoding=\"async\" class=\"wp-image-54464 size-full\" title=\"Forma\u00e7\u00e3o Premium Arquitetura.\" src=\"https:\/\/www.aarquiteta.com.br\/blog\/wp-content\/uploads\/2022\/05\/curso-pacote-formacao-Arquitetura-01.jpg\" alt=\"Forma\u00e7\u00e3o Premium Arquitetura.\" width=\"1080\" height=\"1080\" srcset=\"https:\/\/www.aarquiteta.com.br\/blog\/wp-content\/uploads\/2022\/05\/curso-pacote-formacao-Arquitetura-01.jpg 1080w, https:\/\/www.aarquiteta.com.br\/blog\/wp-content\/uploads\/2022\/05\/curso-pacote-formacao-Arquitetura-01-1024x1024.jpg 1024w, https:\/\/www.aarquiteta.com.br\/blog\/wp-content\/uploads\/2022\/05\/curso-pacote-formacao-Arquitetura-01-696x696.jpg 696w, https:\/\/www.aarquiteta.com.br\/blog\/wp-content\/uploads\/2022\/05\/curso-pacote-formacao-Arquitetura-01-96x96.jpg 96w, https:\/\/www.aarquiteta.com.br\/blog\/wp-content\/uploads\/2022\/05\/curso-pacote-formacao-Arquitetura-01-150x150.jpg 150w\" sizes=\"(max-width: 1080px) 100vw, 1080px\" \/><\/a><figcaption id=\"caption-attachment-54464\" class=\"wp-caption-text\">Forma\u00e7\u00e3o Premium Arquitetura.<\/figcaption><\/figure>\n","protected":false},"excerpt":{"rendered":"<p>Aprenda com uma pessoa inovadora a transformar uma mini casa em um espa\u00e7o incr\u00edvel. Muitos duvidaram no in\u00edcio, mas o resultado \u00e9 surpreendente! Descubra as li\u00e7\u00f5es, as indica\u00e7\u00f5es e as sugest\u00f5es que v\u00e3o te impressionar.<\/p>\n","protected":false},"author":102,"featured_media":103158,"comment_status":"closed","ping_status":"closed","sticky":false,"template":"","format":"standard","meta":{"footnotes":""},"categories":[1507,1484],"tags":[],"class_list":["post-103160","post","type-post","status-publish","format-standard","has-post-thumbnail","category-arquitetura","category-decoracao"],"_wp_attached_file":null,"_wp_attachment_metadata":null,"_wp_attachment_context":null,"_wp_attachment_is_custom_header":null,"geo_longitude":null,"geo_public":null,"geo_latitude":null,"_publicize_done_external":null,"_wpas_done_3897181":null,"publicize_twitter_user":null,"_wpas_done_3897175":null,"_wpas_skip_3897181":null,"_wpas_skip_3897175":null,"_wpas_skip_3924723":null,"_wpas_mess":null,"_wpas_done_3924723":null,"wps_subtitle":"","_links":{"self":[{"href":"https:\/\/www.aarquiteta.com.br\/blog\/wp-json\/wp\/v2\/posts\/103160","targetHints":{"allow":["GET"]}}],"collection":[{"href":"https:\/\/www.aarquiteta.com.br\/blog\/wp-json\/wp\/v2\/posts"}],"about":[{"href":"https:\/\/www.aarquiteta.com.br\/blog\/wp-json\/wp\/v2\/types\/post"}],"author":[{"embeddable":true,"href":"https:\/\/www.aarquiteta.com.br\/blog\/wp-json\/wp\/v2\/users\/102"}],"replies":[{"embeddable":true,"href":"https:\/\/www.aarquiteta.com.br\/blog\/wp-json\/wp\/v2\/comments?post=103160"}],"version-history":[{"count":0,"href":"https:\/\/www.aarquiteta.com.br\/blog\/wp-json\/wp\/v2\/posts\/103160\/revisions"}],"wp:featuredmedia":[{"embeddable":true,"href":"https:\/\/www.aarquiteta.com.br\/blog\/wp-json\/wp\/v2\/media\/103158"}],"wp:attachment":[{"href":"https:\/\/www.aarquiteta.com.br\/blog\/wp-json\/wp\/v2\/media?parent=103160"}],"wp:term":[{"taxonomy":"category","embeddable":true,"href":"https:\/\/www.aarquiteta.com.br\/blog\/wp-json\/wp\/v2\/categories?post=103160"},{"taxonomy":"post_tag","embeddable":true,"href":"https:\/\/www.aarquiteta.com.br\/blog\/wp-json\/wp\/v2\/tags?post=103160"}],"curies":[{"name":"wp","href":"https:\/\/api.w.org\/{rel}","templated":true}]}}