{"id":103127,"date":"2023-12-23T10:08:02","date_gmt":"2023-12-23T13:08:02","guid":{"rendered":"http:\/\/aarquiteta.com.br\/?p=103127"},"modified":"2023-12-23T10:26:36","modified_gmt":"2023-12-23T13:26:36","slug":"arquiteta-transforma-montanha-lar-dos-sonhos","status":"publish","type":"post","link":"https:\/\/www.aarquiteta.com.br\/blog\/arquiteta-transforma-montanha-lar-dos-sonhos\/","title":{"rendered":"Arquiteta incr\u00edvel transforma montanha em lar dos sonhos. Muitos duvidaram da t\u00e9cnica inovadora."},"content":{"rendered":"<p>Imagina s\u00f3, voc\u00ea acordar todo dia com uma vista de tirar o f\u00f4lego, num cantinho que mais parece um abra\u00e7o quentinho da m\u00e3e natureza. Pois \u00e9, n\u00e3o \u00e9 conto de fadas n\u00e3o, \u00e9 realidade! E n\u00e3o \u00e9 qualquer realidade, \u00e9 a Lower Shotover House, um lar escondidinho nas montanhas de Queenstown, na Nova Zel\u00e2ndia. Eu sou Jess Barter, arquiteta do Bureaux, e tive o prazer de desenhar essa belezura que parece ter sa\u00eddo direto de um sonho.<\/p>\n<p>Ent\u00e3o, se liga nessa: a casa foi esculpida na pr\u00f3pria montanha, com paredes que contam hist\u00f3rias em pedra e janelas que s\u00e3o como olhos m\u00e1gicos para o mundo l\u00e1 fora. O clima por aqui pode ser meio bipolar, sabe? Mas a casa&#8230; ah, a casa \u00e9 o aconchego em forma de arquitetura. E n\u00e3o \u00e9 s\u00f3 isso n\u00e3o, tem um toque de drama, com madeira escura que parece dan\u00e7ar com a luz do dia, e espa\u00e7os que brincam de esconde-esconde, ora apertadinhos, ora se abrindo em um suspiro para o c\u00e9u. E a cozinha? Ah, a cozinha \u00e9 um show \u00e0 parte, um palco para os sabores e para a vida que pulsa nesse lar.<\/p>\n<figure style=\"width: 1024px\" class=\"wp-caption aligncenter\"><img decoding=\"async\" src=\"https:\/\/www.aarquiteta.com.br\/blog\/wp-content\/uploads\/2023\/12\/arquiteta-transforma-montanha-lar-dos-sonhos01.jpg\" alt=\"Arquiteta incr\u00edvel transforma montanha em lar dos sonhos. Muitos duvidaram da t\u00e9cnica inovadora.\" width=\"1024\" height=\"1024\" title=\"\"><figcaption class=\"wp-caption-text\">Arquiteta incr\u00edvel transforma montanha em lar dos sonhos. Muitos duvidaram da t\u00e9cnica inovadora.<\/figcaption><\/figure>\n<p>Ent\u00e3o, prepara o cora\u00e7\u00e3o e os olhos, porque o v\u00eddeo que t\u00e1 te esperando no final desse artigo \u00e9 daqueles que a gente n\u00e3o esquece. Vou te levar num tour pela Lower Shotover House, e te prometo: vai ser uma viagem que vai mexer com todos os teus sentidos. Vem comigo descobrir como a natureza e a arquitetura fizeram as pazes e criaram um lugar que \u00e9 pura poesia.<\/p>\n<h3><b>N\u00e3o perca mais tempo e assista agora como tudo isso \u00e9 feito no v\u00eddeo abaixo!<\/b><\/h3>\n<p>Caso seja necess\u00e1rio, ative as legendas em Portugu\u00eas Brasil, nas configura\u00e7\u00f5es do v\u00eddeo e aproveite!<\/p>\n<div class=\"youtube-embed\" data-video_id=\"UmEl8J6Ul5s\"><iframe title=\"Architect Designs a Hidden Home in the Mountains of New Zealand (House Tour)\" width=\"696\" height=\"392\" src=\"https:\/\/www.youtube.com\/embed\/UmEl8J6Ul5s?feature=oembed&#038;enablejsapi=1\" frameborder=\"0\" allow=\"accelerometer; autoplay; clipboard-write; encrypted-media; gyroscope; picture-in-picture; web-share\" allowfullscreen><\/iframe><\/div>\n<p>Espero que tenha encontrado o v\u00eddeo informativo e enriquecedor.<\/p>\n<p>Se gostou do conte\u00fado, n\u00e3o deixe de deslizar para baixo e explorar mais dicas e insights valiosos como este.<\/p>\n<p>Estamos sempre aqui para oferecer informa\u00e7\u00f5es \u00fateis e inspiradoras para voc\u00ea!<\/p>\n<figure style=\"width: 1024px\" class=\"wp-caption aligncenter\"><img decoding=\"async\" src=\"https:\/\/www.aarquiteta.com.br\/blog\/wp-content\/uploads\/2023\/12\/arquiteta-transforma-montanha-lar-dos-sonhos01.jpg\" alt=\"Arquiteta incr\u00edvel transforma montanha em lar dos sonhos. Muitos duvidaram da t\u00e9cnica inovadora.\" width=\"1024\" height=\"1024\" title=\"\"><figcaption class=\"wp-caption-text\">Arquiteta incr\u00edvel transforma montanha em lar dos sonhos. Muitos duvidaram da t\u00e9cnica inovadora.<\/figcaption><\/figure>\n","protected":false},"excerpt":{"rendered":"<p>Descubra as instru\u00e7\u00f5es inovadoras dessa incr\u00edvel arquiteta que transformou uma montanha em um lar dos sonhos. Muitos duvidaram da t\u00e9cnica utilizada, mas as li\u00e7\u00f5es aprendidas s\u00e3o surpreendentes.<\/p>\n","protected":false},"author":102,"featured_media":103125,"comment_status":"closed","ping_status":"closed","sticky":false,"template":"","format":"standard","meta":{"footnotes":""},"categories":[1507,1484],"tags":[],"class_list":["post-103127","post","type-post","status-publish","format-standard","has-post-thumbnail","category-arquitetura","category-decoracao"],"_wp_attached_file":null,"_wp_attachment_metadata":null,"_wp_attachment_context":null,"_wp_attachment_is_custom_header":null,"geo_longitude":null,"geo_public":null,"geo_latitude":null,"_publicize_done_external":null,"_wpas_done_3897181":null,"publicize_twitter_user":null,"_wpas_done_3897175":null,"_wpas_skip_3897181":null,"_wpas_skip_3897175":null,"_wpas_skip_3924723":null,"_wpas_mess":null,"_wpas_done_3924723":null,"wps_subtitle":"","_links":{"self":[{"href":"https:\/\/www.aarquiteta.com.br\/blog\/wp-json\/wp\/v2\/posts\/103127","targetHints":{"allow":["GET"]}}],"collection":[{"href":"https:\/\/www.aarquiteta.com.br\/blog\/wp-json\/wp\/v2\/posts"}],"about":[{"href":"https:\/\/www.aarquiteta.com.br\/blog\/wp-json\/wp\/v2\/types\/post"}],"author":[{"embeddable":true,"href":"https:\/\/www.aarquiteta.com.br\/blog\/wp-json\/wp\/v2\/users\/102"}],"replies":[{"embeddable":true,"href":"https:\/\/www.aarquiteta.com.br\/blog\/wp-json\/wp\/v2\/comments?post=103127"}],"version-history":[{"count":0,"href":"https:\/\/www.aarquiteta.com.br\/blog\/wp-json\/wp\/v2\/posts\/103127\/revisions"}],"wp:featuredmedia":[{"embeddable":true,"href":"https:\/\/www.aarquiteta.com.br\/blog\/wp-json\/wp\/v2\/media\/103125"}],"wp:attachment":[{"href":"https:\/\/www.aarquiteta.com.br\/blog\/wp-json\/wp\/v2\/media?parent=103127"}],"wp:term":[{"taxonomy":"category","embeddable":true,"href":"https:\/\/www.aarquiteta.com.br\/blog\/wp-json\/wp\/v2\/categories?post=103127"},{"taxonomy":"post_tag","embeddable":true,"href":"https:\/\/www.aarquiteta.com.br\/blog\/wp-json\/wp\/v2\/tags?post=103127"}],"curies":[{"name":"wp","href":"https:\/\/api.w.org\/{rel}","templated":true}]}}