{"id":103114,"date":"2023-12-23T08:10:45","date_gmt":"2023-12-23T11:10:45","guid":{"rendered":"http:\/\/aarquiteta.com.br\/?p=103114"},"modified":"2023-12-23T08:10:45","modified_gmt":"2023-12-23T11:10:45","slug":"designer-brilhante-transforma-apartamento-refugio-urbano","status":"publish","type":"post","link":"https:\/\/www.aarquiteta.com.br\/blog\/designer-brilhante-transforma-apartamento-refugio-urbano\/","title":{"rendered":"Designer brilhante transforma apartamento em ref\u00fagio urbano."},"content":{"rendered":"<p>E a\u00ed, pessoal? Hoje eu t\u00f4 aqui pra dar aquele espiadinha marota num ap\u00ea que \u00e9 um verdadeiro col\u00edrio para os olhos dos amantes de design. Imagina s\u00f3: um loft de 1300 p\u00e9s quadrados, com um p\u00e9-direito que vai at\u00e9 o c\u00e9u e uma decora\u00e7\u00e3o que \u00e9 puro charme e modernidade. \u00c9 de cair o queixo!<\/p>\n<p>Esse cantinho foi dividido em dois n\u00edveis, com um qu\u00ea de mist\u00e9rio e sofistica\u00e7\u00e3o que s\u00f3 vendo pra crer. E n\u00e3o \u00e9 s\u00f3 um espa\u00e7o qualquer, n\u00e3o! Foi pensado para ser o para\u00edso dos solteiros, mas com um toque de m\u00e1gica, transforma-se no lar ideal para uma fam\u00edlia com crian\u00e7as. E o melhor de tudo? Fica bem no cora\u00e7\u00e3o da cidade, mas com uma tranquilidade que parece brincadeira. \u00c9 o equil\u00edbrio perfeito entre a agita\u00e7\u00e3o urbana e o aconchego do lar.<\/p>\n<figure style=\"width: 1024px\" class=\"wp-caption alignnone\"><img decoding=\"async\" title=\"Designer brilhante transforma apartamento em ref\u00fagio urbano.\" src=\"https:\/\/www.aarquiteta.com.br\/blog\/wp-content\/uploads\/2023\/12\/designer-brilhante-transforma-apartamento-refugio-urbano01.jpg\" alt=\"Designer brilhante transforma apartamento em ref\u00fagio urbano.\" width=\"1024\" height=\"1024\" \/><figcaption class=\"wp-caption-text\">Designer brilhante transforma apartamento em ref\u00fagio urbano.<\/figcaption><\/figure>\n<p>Ent\u00e3o, prepara o cora\u00e7\u00e3o e os olhinhos, porque eu vou te levar num tour que \u00e9 pura inspira\u00e7\u00e3o. Vamos desbravar cada cantinho desse ap\u00ea, desde a sala de estar com cozinha integrada at\u00e9 o quarto principal que \u00e9 um verdadeiro ref\u00fagio urbano. E n\u00e3o para por a\u00ed, tem at\u00e9 banheiro com TV pra voc\u00ea n\u00e3o perder nenhum cap\u00edtulo da sua novela favorita enquanto relaxa na banheira. Ficou curioso? Ent\u00e3o cola comigo e vem conferir esse espa\u00e7o que \u00e9 um verdadeiro espet\u00e1culo!<\/p>\n<p><!-- The video link would be placed here in the actual post --><\/p>\n<div class=\"youtube-embed\" data-video_id=\"vmPE2pOEPnU\"><iframe title=\"Loft Living: A Chic and Modern Apartment Tour, 1300 sq ft\" width=\"696\" height=\"392\" src=\"https:\/\/www.youtube.com\/embed\/vmPE2pOEPnU?feature=oembed&#038;enablejsapi=1\" frameborder=\"0\" allow=\"accelerometer; autoplay; clipboard-write; encrypted-media; gyroscope; picture-in-picture; web-share\" allowfullscreen><\/iframe><\/div>\n<p>Espero que tenha encontrado o v\u00eddeo informativo e enriquecedor.<\/p>\n<p>Se gostou do conte\u00fado, n\u00e3o deixe de deslizar para baixo e explorar mais dicas e insights valiosos como este.<\/p>\n<p>Estamos sempre aqui para oferecer informa\u00e7\u00f5es \u00fateis e inspiradoras para voc\u00ea!<\/p>\n<figure id=\"attachment_103116\" aria-describedby=\"caption-attachment-103116\" style=\"width: 896px\" class=\"wp-caption alignnone\"><img decoding=\"async\" class=\"size-full wp-image-103116\" src=\"https:\/\/www.aarquiteta.com.br\/blog\/wp-content\/uploads\/2023\/12\/LOFT-OK.jpg\" alt=\"Designer brilhante transforma apartamento em ref\u00fagio urbano.\" width=\"896\" height=\"819\" title=\"\" srcset=\"https:\/\/www.aarquiteta.com.br\/blog\/wp-content\/uploads\/2023\/12\/LOFT-OK.jpg 896w, https:\/\/www.aarquiteta.com.br\/blog\/wp-content\/uploads\/2023\/12\/LOFT-OK-696x636.jpg 696w, https:\/\/www.aarquiteta.com.br\/blog\/wp-content\/uploads\/2023\/12\/LOFT-OK-150x137.jpg 150w\" sizes=\"(max-width: 896px) 100vw, 896px\" \/><figcaption id=\"caption-attachment-103116\" class=\"wp-caption-text\">Designer brilhante transforma apartamento em ref\u00fagio urbano.<\/figcaption><\/figure>\n<p>&nbsp;<\/p>\n","protected":false},"excerpt":{"rendered":"<p>Designer brilhante revela suas incr\u00edveis instru\u00e7\u00f5es para transformar um apartamento comum em um ref\u00fagio urbano cativante. Descubra as melhores maneiras de criar um espa\u00e7o \u00fanico e convidativo, seguindo as inspiradoras li\u00e7\u00f5es desse mestre do design.<\/p>\n","protected":false},"author":102,"featured_media":103112,"comment_status":"closed","ping_status":"closed","sticky":false,"template":"","format":"standard","meta":{"footnotes":""},"categories":[1507,1484],"tags":[],"class_list":["post-103114","post","type-post","status-publish","format-standard","has-post-thumbnail","category-arquitetura","category-decoracao"],"_wp_attached_file":null,"_wp_attachment_metadata":null,"_wp_attachment_context":null,"_wp_attachment_is_custom_header":null,"geo_longitude":null,"geo_public":null,"geo_latitude":null,"_publicize_done_external":null,"_wpas_done_3897181":null,"publicize_twitter_user":null,"_wpas_done_3897175":null,"_wpas_skip_3897181":null,"_wpas_skip_3897175":null,"_wpas_skip_3924723":null,"_wpas_mess":null,"_wpas_done_3924723":null,"wps_subtitle":"","_links":{"self":[{"href":"https:\/\/www.aarquiteta.com.br\/blog\/wp-json\/wp\/v2\/posts\/103114","targetHints":{"allow":["GET"]}}],"collection":[{"href":"https:\/\/www.aarquiteta.com.br\/blog\/wp-json\/wp\/v2\/posts"}],"about":[{"href":"https:\/\/www.aarquiteta.com.br\/blog\/wp-json\/wp\/v2\/types\/post"}],"author":[{"embeddable":true,"href":"https:\/\/www.aarquiteta.com.br\/blog\/wp-json\/wp\/v2\/users\/102"}],"replies":[{"embeddable":true,"href":"https:\/\/www.aarquiteta.com.br\/blog\/wp-json\/wp\/v2\/comments?post=103114"}],"version-history":[{"count":0,"href":"https:\/\/www.aarquiteta.com.br\/blog\/wp-json\/wp\/v2\/posts\/103114\/revisions"}],"wp:featuredmedia":[{"embeddable":true,"href":"https:\/\/www.aarquiteta.com.br\/blog\/wp-json\/wp\/v2\/media\/103112"}],"wp:attachment":[{"href":"https:\/\/www.aarquiteta.com.br\/blog\/wp-json\/wp\/v2\/media?parent=103114"}],"wp:term":[{"taxonomy":"category","embeddable":true,"href":"https:\/\/www.aarquiteta.com.br\/blog\/wp-json\/wp\/v2\/categories?post=103114"},{"taxonomy":"post_tag","embeddable":true,"href":"https:\/\/www.aarquiteta.com.br\/blog\/wp-json\/wp\/v2\/tags?post=103114"}],"curies":[{"name":"wp","href":"https:\/\/api.w.org\/{rel}","templated":true}]}}