{"id":103094,"date":"2024-01-07T12:18:57","date_gmt":"2024-01-07T15:18:57","guid":{"rendered":"http:\/\/aarquiteta.com.br\/?p=103094"},"modified":"2024-01-07T12:18:57","modified_gmt":"2024-01-07T15:18:57","slug":"vitoria-regia-2","status":"publish","type":"post","link":"https:\/\/www.aarquiteta.com.br\/blog\/vitoria-regia-2\/","title":{"rendered":"Vit\u00f3ria R\u00e9gia: Como Cultivar e Apreciar Esta Rainha dos Lagos"},"content":{"rendered":"<p><body><\/p>\n<p>Quando pensamos em plantas aqu\u00e1ticas majestosas, a vit\u00f3ria-r\u00e9gia logo vem \u00e0 mente. Origin\u00e1ria das \u00e1guas mornas da bacia Amaz\u00f4nica, essa planta \u00e9 um verdadeiro espet\u00e1culo da natureza. Mas voc\u00ea sabe o que torna a vit\u00f3ria-r\u00e9gia t\u00e3o especial e como cuidar dela? Vamos mergulhar nesse universo aqu\u00e1tico e descobrir todos os segredos dessa rainha das \u00e1guas.<\/p>\n<ul>\n<li>A vit\u00f3ria-r\u00e9gia \u00e9 uma planta aqu\u00e1tica nativa da regi\u00e3o amaz\u00f4nica.<\/li>\n<li>\u00c9 conhecida por suas grandes folhas circulares que flutuam sobre a \u00e1gua.<\/li>\n<li>As flores da vit\u00f3ria-r\u00e9gia s\u00e3o grandes, perfumadas e mudam de cor ao longo de sua breve vida.<\/li>\n<\/ul>\n<h3>Caracter\u00edsticas da vit\u00f3ria-r\u00e9gia<\/h3>\n<figure style=\"width: 1024px\" class=\"wp-caption aligncenter\"><img decoding=\"async\" src=\"https:\/\/www.aarquiteta.com.br\/blog\/wp-content\/uploads\/2023\/12\/vitoria-regia04.jpg\" alt=\"vit\u00f3ria r\u00e9gia\" width=\"1024\" height=\"1024\" title=\"\"><figcaption class=\"wp-caption-text\">vit\u00f3ria r\u00e9gia<\/figcaption><\/figure>\n<h3>Tamanho e formato das folhas<\/h3>\n<p>As folhas da vit\u00f3ria-r\u00e9gia s\u00e3o um verdadeiro col\u00edrio para os olhos. Com um di\u00e2metro que pode chegar a at\u00e9 3 metros, elas s\u00e3o como pequenas ilhas flutuantes. E n\u00e3o \u00e9 s\u00f3 pelo tamanho que impressionam, mas tamb\u00e9m pela borda virada para cima, que parece uma grande bandeja verde sobre a \u00e1gua.<\/p>\n<h3>Flores e frutos<\/h3>\n<figure style=\"width: 1024px\" class=\"wp-caption aligncenter\"><img decoding=\"async\" src=\"https:\/\/www.aarquiteta.com.br\/blog\/wp-content\/uploads\/2023\/12\/vitoria-regia03.jpg\" alt=\"vit\u00f3ria r\u00e9gia\" width=\"1024\" height=\"1024\" title=\"\"><figcaption class=\"wp-caption-text\">vit\u00f3ria r\u00e9gia<\/figcaption><\/figure>\n<p>Ah, as flores! Elas s\u00e3o um espet\u00e1culo \u00e0 parte. Grandes, brancas e com um perfume que atrai n\u00e3o s\u00f3 os humanos, mas tamb\u00e9m os polinizadores noturnos. E n\u00e3o para por a\u00ed: elas mudam de cor, passando para um tom rosado no segundo dia de vida. Depois da festa das flores, v\u00eam os frutos, que s\u00e3o comest\u00edveis e contribuem para a dieta local.<\/p>\n<h3>Adaptabilidade ao ambiente aqu\u00e1tico<\/h3>\n<p>A vit\u00f3ria-r\u00e9gia \u00e9 uma verdadeira mestra da adapta\u00e7\u00e3o. Suas ra\u00edzes ficam fincadas no fundo do rio, enquanto as folhas e flores desfilam na superf\u00edcie. E tem mais: a parte de baixo das folhas \u00e9 uma rede de nervuras cheia de ar, o que as mant\u00e9m sempre flutuando.<\/p>\n<h3>Import\u00e2ncia ecol\u00f3gica<\/h3>\n<p>Essa planta n\u00e3o \u00e9 s\u00f3 bonita, ela \u00e9 essencial para o ecossistema. Serve de abrigo para peixes e outros animais aqu\u00e1ticos, al\u00e9m de contribuir para a oxigena\u00e7\u00e3o da \u00e1gua. \u00c9 uma verdadeira hero\u00edna verde!<\/p>\n<h3>Curiosidades sobre a vit\u00f3ria-r\u00e9gia<\/h3>\n<figure style=\"width: 1024px\" class=\"wp-caption aligncenter\"><img decoding=\"async\" src=\"https:\/\/www.aarquiteta.com.br\/blog\/wp-content\/uploads\/2023\/12\/vitoria-regia02.jpg\" alt=\"vit\u00f3ria r\u00e9gia\" width=\"1024\" height=\"1024\" title=\"\"><figcaption class=\"wp-caption-text\">vit\u00f3ria r\u00e9gia<\/figcaption><\/figure>\n<p>Voc\u00ea sabia que a vit\u00f3ria-r\u00e9gia foi nomeada em homenagem \u00e0 Rainha Vit\u00f3ria da Inglaterra? E que suas folhas s\u00e3o t\u00e3o resistentes que podem at\u00e9 suportar o peso de uma crian\u00e7a pequena? Mas n\u00e3o v\u00e1 tentar isso em casa, hein?<\/p>\n<h3>Como cuidar da vit\u00f3ria-r\u00e9gia<\/h3>\n<h3>Localiza\u00e7\u00e3o adequada<\/h3>\n<figure style=\"width: 1024px\" class=\"wp-caption aligncenter\"><img decoding=\"async\" src=\"https:\/\/www.aarquiteta.com.br\/blog\/wp-content\/uploads\/2023\/12\/vitoria-regia01.jpg\" alt=\"vit\u00f3ria r\u00e9gia\" width=\"1024\" height=\"1024\" title=\"\"><figcaption class=\"wp-caption-text\">vit\u00f3ria r\u00e9gia<\/figcaption><\/figure>\n<p>Para ter uma vit\u00f3ria-r\u00e9gia em casa, voc\u00ea vai precisar de um lago ou uma piscina natural. Ela precisa de espa\u00e7o para se espalhar e mostrar toda a sua beleza.<\/p>\n<h3>Temperatura e umidade<\/h3>\n<p>Essa planta \u00e9 tropical e gosta de calor. A temperatura ideal da \u00e1gua deve estar entre 25\u00b0C e 30\u00b0C. E n\u00e3o se esque\u00e7a da umidade do ar, que tamb\u00e9m deve ser alta.<\/p>\n<h3>Solo e aduba\u00e7\u00e3o<\/h3>\n<p>O solo deve ser rico em nutrientes e a aduba\u00e7\u00e3o regular \u00e9 importante para manter sua vit\u00f3ria-r\u00e9gia saud\u00e1vel e exuberante.<\/p>\n<h3>Irriga\u00e7\u00e3o<\/h3>\n<p>Bem, ela j\u00e1 vive na \u00e1gua, ent\u00e3o esse ponto est\u00e1 resolvido. Mas lembre-se de manter a qualidade da \u00e1gua sempre em dia.<\/p>\n<h3>Controle de pragas e doen\u00e7as<\/h3>\n<p>Fique de olho em pragas e doen\u00e7as. A preven\u00e7\u00e3o \u00e9 sempre o melhor rem\u00e9dio, ent\u00e3o mantenha o ambiente limpo e saud\u00e1vel.<\/p>\n<h3>Propaga\u00e7\u00e3o<\/h3>\n<p>Quer mais vit\u00f3rias-r\u00e9gias no seu lago? A propaga\u00e7\u00e3o \u00e9 feita atrav\u00e9s das sementes ou divis\u00e3o de rizomas. \u00c9 um processo um tanto quanto trabalhoso, mas vale a pena.<\/p>\n<h3>Benef\u00edcios da vit\u00f3ria-r\u00e9gia<\/h3>\n<p style=\"text-align: center;\">[amazon table=&#8221;82713&#8243;]\n<h3>Beleza e ornamentalidade<\/h3>\n<p>N\u00e3o tem como negar, a vit\u00f3ria-r\u00e9gia \u00e9 um show de planta. Ela traz beleza e um toque ex\u00f3tico para qualquer lago ornamental.<\/p>\n<h3>Purifica\u00e7\u00e3o da \u00e1gua<\/h3>\n<p>Al\u00e9m de linda, ela ajuda a manter a \u00e1gua limpa, atuando como um filtro natural. \u00c9 beleza e funcionalidade juntas!<\/p>\n<h3>Perguntas Frequentes<\/h3>\n<p><strong>\u00c9 verdade que a vit\u00f3ria-r\u00e9gia s\u00f3 floresce \u00e0 noite?<\/strong><\/p>\n<p>Sim, as flores da vit\u00f3ria-r\u00e9gia se abrem ao anoitecer e exalam um perfume adocicado para atrair os polinizadores noturnos. \u00c9 um verdadeiro espet\u00e1culo noturno!<\/p>\n<p><strong>Posso ter uma vit\u00f3ria-r\u00e9gia em um aqu\u00e1rio em casa?<\/strong><\/p>\n<p>Infelizmente, n\u00e3o. A vit\u00f3ria-r\u00e9gia precisa de muito espa\u00e7o para crescer, ent\u00e3o a menos que voc\u00ea tenha um aqu\u00e1rio do tamanho de uma piscina, \u00e9 melhor admir\u00e1-la em seu habitat natural ou em jardins bot\u00e2nicos.<\/p>\n<p><strong>Quanto tempo vive uma vit\u00f3ria-r\u00e9gia?<\/strong><\/p>\n<p>A vit\u00f3ria-r\u00e9gia pode viver v\u00e1rios anos, desde que as condi\u00e7\u00f5es do ambiente sejam adequadas. Com cuidados e manuten\u00e7\u00e3o corretos, ela continuar\u00e1 a ser a rainha do seu lago por muito tempo.<\/p>\n<h3>Conclus\u00e3o<\/h3>\n<p>Ter uma vit\u00f3ria-r\u00e9gia \u00e9 como ter um pedacinho da Amaz\u00f4nia no quintal. Com suas folhas gigantes e flores que dan\u00e7am ao luar, ela n\u00e3o \u00e9 apenas uma planta, \u00e9 uma experi\u00eancia. E agora que voc\u00ea sabe tudo sobre essa maravilha, que tal come\u00e7ar a planejar seu pr\u00f3prio lago de vit\u00f3rias-r\u00e9gias?<\/p>\n<p><em>Curiosidade: Dizem que a vit\u00f3ria-r\u00e9gia inspirou a cria\u00e7\u00e3o do prato ingl\u00eas &#8220;Water Lily Plate&#8221; no s\u00e9culo 19. Imagina s\u00f3 servir um ch\u00e1 da tarde em uma folha de vit\u00f3ria-r\u00e9gia? Seria um banquete digno de realeza!<\/em><\/p>\n<p><\/body><\/p>\n","protected":false},"excerpt":{"rendered":"<p>Descubra os encantos e segredos de vit\u00f3ria r\u00e9gia. Tudo para um jardim perfeito!<\/p>\n","protected":false},"author":102,"featured_media":103091,"comment_status":"closed","ping_status":"closed","sticky":false,"template":"","format":"standard","meta":{"footnotes":""},"categories":[10005,1484,9612],"tags":[35106],"class_list":["post-103094","post","type-post","status-publish","format-standard","has-post-thumbnail","category-casa-e-jardim","category-decoracao","category-jardinagem","tag-cultivo-de-vitoria-regia-vitoria-regia"],"_wp_attached_file":null,"_wp_attachment_metadata":null,"_wp_attachment_context":null,"_wp_attachment_is_custom_header":null,"geo_longitude":null,"geo_public":null,"geo_latitude":null,"_publicize_done_external":null,"_wpas_done_3897181":null,"publicize_twitter_user":null,"_wpas_done_3897175":null,"_wpas_skip_3897181":null,"_wpas_skip_3897175":null,"_wpas_skip_3924723":null,"_wpas_mess":null,"_wpas_done_3924723":null,"wps_subtitle":"","_links":{"self":[{"href":"https:\/\/www.aarquiteta.com.br\/blog\/wp-json\/wp\/v2\/posts\/103094","targetHints":{"allow":["GET"]}}],"collection":[{"href":"https:\/\/www.aarquiteta.com.br\/blog\/wp-json\/wp\/v2\/posts"}],"about":[{"href":"https:\/\/www.aarquiteta.com.br\/blog\/wp-json\/wp\/v2\/types\/post"}],"author":[{"embeddable":true,"href":"https:\/\/www.aarquiteta.com.br\/blog\/wp-json\/wp\/v2\/users\/102"}],"replies":[{"embeddable":true,"href":"https:\/\/www.aarquiteta.com.br\/blog\/wp-json\/wp\/v2\/comments?post=103094"}],"version-history":[{"count":0,"href":"https:\/\/www.aarquiteta.com.br\/blog\/wp-json\/wp\/v2\/posts\/103094\/revisions"}],"wp:featuredmedia":[{"embeddable":true,"href":"https:\/\/www.aarquiteta.com.br\/blog\/wp-json\/wp\/v2\/media\/103091"}],"wp:attachment":[{"href":"https:\/\/www.aarquiteta.com.br\/blog\/wp-json\/wp\/v2\/media?parent=103094"}],"wp:term":[{"taxonomy":"category","embeddable":true,"href":"https:\/\/www.aarquiteta.com.br\/blog\/wp-json\/wp\/v2\/categories?post=103094"},{"taxonomy":"post_tag","embeddable":true,"href":"https:\/\/www.aarquiteta.com.br\/blog\/wp-json\/wp\/v2\/tags?post=103094"}],"curies":[{"name":"wp","href":"https:\/\/api.w.org\/{rel}","templated":true}]}}