{"id":103068,"date":"2023-12-22T16:34:03","date_gmt":"2023-12-22T19:34:03","guid":{"rendered":"http:\/\/aarquiteta.com.br\/?p=103068"},"modified":"2023-12-22T16:34:03","modified_gmt":"2023-12-22T19:34:03","slug":"apartamento-estilo-moderno-resultado-incrivel","status":"publish","type":"post","link":"https:\/\/www.aarquiteta.com.br\/blog\/apartamento-estilo-moderno-resultado-incrivel\/","title":{"rendered":"Pessoa criativa transforma apartamento em um verdadeiro espet\u00e1culo de estilo e modernidade. Muitos duvidaram, mas o resultado \u00e9 incr\u00edvel!"},"content":{"rendered":"<p>E a\u00ed, pessoal! Hoje eu vou abrir as portas do meu mais novo projeto e voc\u00eas n\u00e3o v\u00e3o acreditar no que seus olhos v\u00e3o ver. Imaginem um apartamento de 1300 p\u00e9s quadrados, um verdadeiro espet\u00e1culo de estilo e modernidade, dividido em dois n\u00edveis e todo trabalhado no conceito Loft. \u00c9 um daqueles lugares que a gente entra e j\u00e1 sente aquele &#8220;uau&#8221; subindo pela espinha, sabe?<\/p>\n<p>Com um p\u00e9-direito que alcan\u00e7a as nuvens, a gente conseguiu criar um espa\u00e7o adicional que \u00e9 pura magia. E n\u00e3o \u00e9 s\u00f3 isso, n\u00e3o!<\/p>\n<p>Pensamos em tudo: desde o solteir\u00e3o descolado at\u00e9 uma fam\u00edlia com crian\u00e7as correndo pra l\u00e1 e pra c\u00e1. E a vista? Ah, a vista \u00e9 de tirar o f\u00f4lego, mesmo estando no cora\u00e7\u00e3o pulsante da cidade. \u00c9 o tipo de lugar que voc\u00ea olha e pensa: &#8220;Aqui, o concreto e o a\u00e7o dan\u00e7am um tango com a luz e o espa\u00e7o&#8221;.<\/p>\n<p><img decoding=\"async\" src=\"https:\/\/www.aarquiteta.com.br\/blog\/wp-content\/uploads\/2023\/12\/apartamento-estilo-moderno-resultado-incrivel.01.jpg\" alt=\"\" width=\"1024\" height=\"1024\" title=\"\"><\/p>\n<p>Ent\u00e3o, se preparem para uma viagem incr\u00edvel por cada cantinho desse ap\u00ea que \u00e9 puro charme e sofistica\u00e7\u00e3o. Vou mostrar detalhes que v\u00e3o fazer seus olhos brilharem e, quem sabe, inspirar o pr\u00f3ximo cap\u00edtulo da vida de voc\u00eas.<\/p>\n<p>At\u00e9 mais, e n\u00e3o deixem de conferir o v\u00eddeo que est\u00e1 logo ali embaixo, esperando por voc\u00eas!<\/p>\n<p><!-- O v\u00eddeo \u00e9 inserido aqui --><\/p>\n<h3><b>N\u00e3o perca mais tempo e assista agora como tudo isso \u00e9 feito no v\u00eddeo abaixo!<\/b><\/h3>\n<div class=\"youtube-embed\" data-video_id=\"vmPE2pOEPnU\"><iframe title=\"Loft Living: A Chic and Modern Apartment Tour, 1300 sq ft\" width=\"696\" height=\"392\" src=\"https:\/\/www.youtube.com\/embed\/vmPE2pOEPnU?feature=oembed&#038;enablejsapi=1\" frameborder=\"0\" allow=\"accelerometer; autoplay; clipboard-write; encrypted-media; gyroscope; picture-in-picture; web-share\" allowfullscreen><\/iframe><\/div>\n<p>Espero que tenha encontrado o v\u00eddeo informativo e enriquecedor.<\/p>\n<p>Se gostou do conte\u00fado, n\u00e3o deixe de deslizar para baixo e explorar mais dicas e insights valiosos como este.<\/p>\n<p>Estamos sempre aqui para oferecer informa\u00e7\u00f5es \u00fateis e inspiradoras para voc\u00ea!<\/p>\n","protected":false},"excerpt":{"rendered":"<p>Conhe\u00e7a as revela\u00e7\u00f5es surpreendentes de um g\u00eanio criativo que transformou seu apartamento em um espet\u00e1culo de estilo e modernidade. Desafiado por muitos, o resultado final \u00e9 absolutamente incr\u00edvel!<\/p>\n","protected":false},"author":102,"featured_media":103067,"comment_status":"closed","ping_status":"closed","sticky":false,"template":"","format":"standard","meta":{"footnotes":""},"categories":[1484],"tags":[],"class_list":["post-103068","post","type-post","status-publish","format-standard","has-post-thumbnail","category-decoracao"],"_wp_attached_file":null,"_wp_attachment_metadata":null,"_wp_attachment_context":null,"_wp_attachment_is_custom_header":null,"geo_longitude":null,"geo_public":null,"geo_latitude":null,"_publicize_done_external":null,"_wpas_done_3897181":null,"publicize_twitter_user":null,"_wpas_done_3897175":null,"_wpas_skip_3897181":null,"_wpas_skip_3897175":null,"_wpas_skip_3924723":null,"_wpas_mess":null,"_wpas_done_3924723":null,"wps_subtitle":"","_links":{"self":[{"href":"https:\/\/www.aarquiteta.com.br\/blog\/wp-json\/wp\/v2\/posts\/103068","targetHints":{"allow":["GET"]}}],"collection":[{"href":"https:\/\/www.aarquiteta.com.br\/blog\/wp-json\/wp\/v2\/posts"}],"about":[{"href":"https:\/\/www.aarquiteta.com.br\/blog\/wp-json\/wp\/v2\/types\/post"}],"author":[{"embeddable":true,"href":"https:\/\/www.aarquiteta.com.br\/blog\/wp-json\/wp\/v2\/users\/102"}],"replies":[{"embeddable":true,"href":"https:\/\/www.aarquiteta.com.br\/blog\/wp-json\/wp\/v2\/comments?post=103068"}],"version-history":[{"count":0,"href":"https:\/\/www.aarquiteta.com.br\/blog\/wp-json\/wp\/v2\/posts\/103068\/revisions"}],"wp:featuredmedia":[{"embeddable":true,"href":"https:\/\/www.aarquiteta.com.br\/blog\/wp-json\/wp\/v2\/media\/103067"}],"wp:attachment":[{"href":"https:\/\/www.aarquiteta.com.br\/blog\/wp-json\/wp\/v2\/media?parent=103068"}],"wp:term":[{"taxonomy":"category","embeddable":true,"href":"https:\/\/www.aarquiteta.com.br\/blog\/wp-json\/wp\/v2\/categories?post=103068"},{"taxonomy":"post_tag","embeddable":true,"href":"https:\/\/www.aarquiteta.com.br\/blog\/wp-json\/wp\/v2\/tags?post=103068"}],"curies":[{"name":"wp","href":"https:\/\/api.w.org\/{rel}","templated":true}]}}