{"id":103056,"date":"2023-12-22T13:55:06","date_gmt":"2023-12-22T16:55:06","guid":{"rendered":"http:\/\/aarquiteta.com.br\/?p=103056"},"modified":"2023-12-22T13:55:06","modified_gmt":"2023-12-22T16:55:06","slug":"pessoa-inovadora-transforma-espaco-compacto","status":"publish","type":"post","link":"https:\/\/www.aarquiteta.com.br\/blog\/pessoa-inovadora-transforma-espaco-compacto\/","title":{"rendered":"Pessoa inovadora transforma espa\u00e7o compacto em um loft incr\u00edvel. Muitos duvidaram, mas o resultado \u00e9 surpreendente!"},"content":{"rendered":"<p>E a\u00ed, pessoal! Hoje eu vou abrir as portas de um cantinho que \u00e9 um verdadeiro achado: uma kitnet loft de 29 m\u00b2 que \u00e9 pura inspira\u00e7\u00e3o para quem sonha com um espa\u00e7o moderno e aconchegante. E n\u00e3o \u00e9 qualquer kitnet n\u00e3o, viu? Ela tem um mezanino que \u00e9 um charme s\u00f3 e um estilo industrial que d\u00e1 aquele toque urbano e descolado. Imagina s\u00f3, um lugarzinho que \u00e9 um verdadeiro quebra-cabe\u00e7a de design e funcionalidade, onde cada metro quadrado \u00e9 aproveitado com uma intelig\u00eancia que at\u00e9 parece m\u00e1gica.<\/p>\n<p>Se voc\u00ea \u00e9 daqueles que adora espiar cada cantinho e descobrir como \u00e9 poss\u00edvel viver bem em um espa\u00e7o compacto, ent\u00e3o se prepare, porque eu vou te levar numa tour que \u00e9 pura curiosidade. Vamos desvendar juntos como uma sala de estar pode ser mais do que um lugar para jogar conversa fora, como uma cozinha pode ser um verdadeiro palco para os mestres-cucas de plant\u00e3o e como um mezanino pode ser o ref\u00fagio perfeito para os sonhos mais altos.<\/p>\n<p><img decoding=\"async\" src=\"https:\/\/www.aarquiteta.com.br\/blog\/wp-content\/uploads\/2023\/12\/pessoa-inovadora-transforma-espaco-compacto01.jpg\" alt=\"\" width=\"1024\" height=\"1024\" title=\"\"><\/p>\n<p>E n\u00e3o pense que eu esqueci da cereja do bolo: no final, eu vou contar quanto custou para erguer esse cantinho dos sonhos. Ent\u00e3o, se voc\u00ea t\u00e1 a\u00ed co\u00e7ando a cabe\u00e7a, pensando em como fazer mais com menos, cola comigo que eu prometo que vai valer a pena. E se voc\u00ea j\u00e1 t\u00e1 com aquela pulga atr\u00e1s da orelha, querendo saber todos os segredos desse loft, \u00e9 s\u00f3 dar o play no v\u00eddeo que t\u00e1 logo ali embaixo. Bora l\u00e1?<\/p>\n<h3><b>N\u00e3o perca mais tempo e assista agora como tudo isso \u00e9 feito no v\u00eddeo abaixo!<\/b><\/h3>\n<div class=\"youtube-embed\" data-video_id=\"ULm-hZdv4Nc\"><iframe title=\"TOUR completo na KITNET LOFT de 29 m\u00b2 | com MEZANINO | Estilo Moderno Industrial\" width=\"696\" height=\"392\" src=\"https:\/\/www.youtube.com\/embed\/ULm-hZdv4Nc?feature=oembed&#038;enablejsapi=1\" frameborder=\"0\" allow=\"accelerometer; autoplay; clipboard-write; encrypted-media; gyroscope; picture-in-picture; web-share\" allowfullscreen><\/iframe><\/div>\n<p>Espero que tenha encontrado o v\u00eddeo informativo e enriquecedor.<\/p>\n<p>Se gostou do conte\u00fado, n\u00e3o deixe de deslizar para baixo e explorar mais dicas e insights valiosos como este.<\/p>\n<p>Estamos sempre aqui para oferecer informa\u00e7\u00f5es \u00fateis e inspiradoras para voc\u00ea!<\/p>\n<p>&nbsp;<\/p>\n","protected":false},"excerpt":{"rendered":"<p>Instru\u00e7\u00f5es de uma pessoa inovadora que transforma um espa\u00e7o compacto em um incr\u00edvel loft. Muitos duvidaram, mas o resultado \u00e9 surpreendente! Descubra os aprendizados e indica\u00e7\u00f5es deste projeto surpreendente!<\/p>\n","protected":false},"author":102,"featured_media":0,"comment_status":"closed","ping_status":"closed","sticky":false,"template":"","format":"standard","meta":{"footnotes":""},"categories":[1507,18801,10005,1484],"tags":[],"class_list":["post-103056","post","type-post","status-publish","format-standard","category-arquitetura","category-arquitetura-moderna","category-casa-e-jardim","category-decoracao"],"_wp_attached_file":null,"_wp_attachment_metadata":null,"_wp_attachment_context":null,"_wp_attachment_is_custom_header":null,"geo_longitude":null,"geo_public":null,"geo_latitude":null,"_publicize_done_external":null,"_wpas_done_3897181":null,"publicize_twitter_user":null,"_wpas_done_3897175":null,"_wpas_skip_3897181":null,"_wpas_skip_3897175":null,"_wpas_skip_3924723":null,"_wpas_mess":null,"_wpas_done_3924723":null,"wps_subtitle":"","_links":{"self":[{"href":"https:\/\/www.aarquiteta.com.br\/blog\/wp-json\/wp\/v2\/posts\/103056","targetHints":{"allow":["GET"]}}],"collection":[{"href":"https:\/\/www.aarquiteta.com.br\/blog\/wp-json\/wp\/v2\/posts"}],"about":[{"href":"https:\/\/www.aarquiteta.com.br\/blog\/wp-json\/wp\/v2\/types\/post"}],"author":[{"embeddable":true,"href":"https:\/\/www.aarquiteta.com.br\/blog\/wp-json\/wp\/v2\/users\/102"}],"replies":[{"embeddable":true,"href":"https:\/\/www.aarquiteta.com.br\/blog\/wp-json\/wp\/v2\/comments?post=103056"}],"version-history":[{"count":0,"href":"https:\/\/www.aarquiteta.com.br\/blog\/wp-json\/wp\/v2\/posts\/103056\/revisions"}],"wp:attachment":[{"href":"https:\/\/www.aarquiteta.com.br\/blog\/wp-json\/wp\/v2\/media?parent=103056"}],"wp:term":[{"taxonomy":"category","embeddable":true,"href":"https:\/\/www.aarquiteta.com.br\/blog\/wp-json\/wp\/v2\/categories?post=103056"},{"taxonomy":"post_tag","embeddable":true,"href":"https:\/\/www.aarquiteta.com.br\/blog\/wp-json\/wp\/v2\/tags?post=103056"}],"curies":[{"name":"wp","href":"https:\/\/api.w.org\/{rel}","templated":true}]}}