{"id":103044,"date":"2023-12-22T12:18:36","date_gmt":"2023-12-22T15:18:36","guid":{"rendered":"http:\/\/aarquiteta.com.br\/?p=103044"},"modified":"2023-12-22T12:18:36","modified_gmt":"2023-12-22T15:18:36","slug":"duplex-50-m2-oasis-elegante-funcional","status":"publish","type":"post","link":"https:\/\/www.aarquiteta.com.br\/blog\/duplex-50-m2-oasis-elegante-funcional\/","title":{"rendered":"Artista da mudan\u00e7a transforma um duplex de 50 m\u00b2 em um o\u00e1sis elegante e funcional. Muitos duvidaram, mas o resultado \u00e9 incr\u00edvel!"},"content":{"rendered":"<p>Ei, voc\u00ea a\u00ed que t\u00e1 com o dedo co\u00e7ando pra dar uma repaginada no seu cantinho, mas n\u00e3o sabe por onde come\u00e7ar, tenho uma surpresa que vai fazer seus olhos brilharem! Imagina transformar um duplex de 50 m\u00b2 num verdadeiro o\u00e1sis de estilo e funcionalidade. Pois \u00e9, eu fiz isso e o resultado t\u00e1 de cair o queixo!<\/p>\n<p>De uma sala vazia e sem gra\u00e7a a uma cozinha que parece ter sa\u00eddo de uma revista de decora\u00e7\u00e3o, eu vou te levar numa viagem pelo antes, durante e o depois dessa transforma\u00e7\u00e3o de tirar o f\u00f4lego. E n\u00e3o \u00e9 s\u00f3 isso, tem dicas de ouro que v\u00e3o desde a escolha de revestimentos at\u00e9 a otimiza\u00e7\u00e3o de espa\u00e7os com portas de correr que s\u00e3o um verdadeiro passe de m\u00e1gica.<\/p>\n<p><img decoding=\"async\" src=\"https:\/\/www.aarquiteta.com.br\/blog\/wp-content\/uploads\/2023\/12\/duplex-50-m2-oasis-elegante-funcional01.jpg\" alt=\"\" width=\"1024\" height=\"1024\" title=\"\"><\/p>\n<p>Se voc\u00ea \u00e9 do tipo que adora um bom &#8220;antes e depois&#8221; e fica imaginando como seria dar uma virada na decora\u00e7\u00e3o da sua casa, segura essa marimba e prepara o cora\u00e7\u00e3o, porque o v\u00eddeo que vem a seguir \u00e9 daqueles que a gente n\u00e3o consegue parar de assistir. Vem comigo nesse mini tour que \u00e9 pura inspira\u00e7\u00e3o!<\/p>\n<h3><b>N\u00e3o perca mais tempo e assista agora como tudo isso \u00e9 feito no v\u00eddeo abaixo!<\/b><\/h3>\n<div class=\"youtube-embed\" data-video_id=\"x76-ht0jAB4\"><iframe title=\"REFORMA COMPLETA DUPLEX 50 m\u00b2\" width=\"696\" height=\"392\" src=\"https:\/\/www.youtube.com\/embed\/x76-ht0jAB4?feature=oembed&#038;enablejsapi=1\" frameborder=\"0\" allow=\"accelerometer; autoplay; clipboard-write; encrypted-media; gyroscope; picture-in-picture; web-share\" allowfullscreen><\/iframe><\/div>\n<p>Espero que tenha encontrado o v\u00eddeo informativo e enriquecedor. Se gostou do conte\u00fado, n\u00e3o deixe de deslizar para baixo e explorar mais dicas e insights valiosos como este. Estamos sempre aqui para oferecer informa\u00e7\u00f5es \u00fateis e inspiradoras para voc\u00ea!<\/p>\n","protected":false},"excerpt":{"rendered":"<p>Artista da mudan\u00e7a surpreende ao transformar um duplex de 50 m\u00b2 em um espa\u00e7o elegante e funcional. Entre ensinamentos, instru\u00e7\u00f5es e sugest\u00f5es, o resultado final \u00e9 impressionante!<\/p>\n","protected":false},"author":102,"featured_media":103043,"comment_status":"closed","ping_status":"closed","sticky":false,"template":"","format":"standard","meta":{"footnotes":""},"categories":[10005,1484,19112,19106,20344],"tags":[],"class_list":["post-103044","post","type-post","status-publish","format-standard","has-post-thumbnail","category-casa-e-jardim","category-decoracao","category-diy","category-organizacao-e-armazenamento","category-utilidades-domesticas"],"_wp_attached_file":null,"_wp_attachment_metadata":null,"_wp_attachment_context":null,"_wp_attachment_is_custom_header":null,"geo_longitude":null,"geo_public":null,"geo_latitude":null,"_publicize_done_external":null,"_wpas_done_3897181":null,"publicize_twitter_user":null,"_wpas_done_3897175":null,"_wpas_skip_3897181":null,"_wpas_skip_3897175":null,"_wpas_skip_3924723":null,"_wpas_mess":null,"_wpas_done_3924723":null,"wps_subtitle":"","_links":{"self":[{"href":"https:\/\/www.aarquiteta.com.br\/blog\/wp-json\/wp\/v2\/posts\/103044","targetHints":{"allow":["GET"]}}],"collection":[{"href":"https:\/\/www.aarquiteta.com.br\/blog\/wp-json\/wp\/v2\/posts"}],"about":[{"href":"https:\/\/www.aarquiteta.com.br\/blog\/wp-json\/wp\/v2\/types\/post"}],"author":[{"embeddable":true,"href":"https:\/\/www.aarquiteta.com.br\/blog\/wp-json\/wp\/v2\/users\/102"}],"replies":[{"embeddable":true,"href":"https:\/\/www.aarquiteta.com.br\/blog\/wp-json\/wp\/v2\/comments?post=103044"}],"version-history":[{"count":0,"href":"https:\/\/www.aarquiteta.com.br\/blog\/wp-json\/wp\/v2\/posts\/103044\/revisions"}],"wp:featuredmedia":[{"embeddable":true,"href":"https:\/\/www.aarquiteta.com.br\/blog\/wp-json\/wp\/v2\/media\/103043"}],"wp:attachment":[{"href":"https:\/\/www.aarquiteta.com.br\/blog\/wp-json\/wp\/v2\/media?parent=103044"}],"wp:term":[{"taxonomy":"category","embeddable":true,"href":"https:\/\/www.aarquiteta.com.br\/blog\/wp-json\/wp\/v2\/categories?post=103044"},{"taxonomy":"post_tag","embeddable":true,"href":"https:\/\/www.aarquiteta.com.br\/blog\/wp-json\/wp\/v2\/tags?post=103044"}],"curies":[{"name":"wp","href":"https:\/\/api.w.org\/{rel}","templated":true}]}}