{"id":103033,"date":"2024-02-27T15:41:46","date_gmt":"2024-02-27T18:41:46","guid":{"rendered":"http:\/\/aarquiteta.com.br\/?p=103033"},"modified":"2024-02-27T15:41:46","modified_gmt":"2024-02-27T18:41:46","slug":"salas-modernas","status":"publish","type":"post","link":"https:\/\/www.aarquiteta.com.br\/blog\/salas-modernas\/","title":{"rendered":"Salas Modernas: 5 Tend\u00eancias de Decora\u00e7\u00e3o Que V\u00e3o Transformar Seu Espa\u00e7o."},"content":{"rendered":"<p>As salas modernas s\u00e3o um reflexo do estilo de vida contempor\u00e2neo, onde a funcionalidade encontra a est\u00e9tica. Elas s\u00e3o populares porque oferecem um ambiente limpo, organizado e com um toque de sofistica\u00e7\u00e3o. Al\u00e9m disso, s\u00e3o projetadas para serem espa\u00e7os multifuncionais que se adaptam \u00e0s necessidades de cada um. Vamos explorar as caracter\u00edsticas, dicas de decora\u00e7\u00e3o e benef\u00edcios de ter uma sala moderna, e responder a algumas perguntas frequentes sobre o tema.<\/p>\n<ul>\n<li>Entenda o que torna uma sala moderna e como ela pode transformar sua casa.<\/li>\n<li>Descubra dicas pr\u00e1ticas para decorar sua sala com um toque moderno.<\/li>\n<li>Conhe\u00e7a os benef\u00edcios de adotar esse estilo na decora\u00e7\u00e3o da sua sala.<\/li>\n<\/ul>\n<h3>Caracter\u00edsticas das salas modernas<\/h3>\n<figure style=\"width: 1024px\" class=\"wp-caption aligncenter\"><img decoding=\"async\" src=\"https:\/\/www.aarquiteta.com.br\/blog\/wp-content\/uploads\/2023\/12\/salas-modernas04.jpg\" alt=\"salas modernas\" width=\"1024\" height=\"1024\" title=\"\"><figcaption class=\"wp-caption-text\">salas modernas<\/figcaption><\/figure>\n<h3>Cores neutras e tons claros<\/h3>\n<p>As cores neutras s\u00e3o a base das salas modernas. Elas criam um cen\u00e1rio tranquilo e s\u00e3o f\u00e1ceis de combinar com diferentes elementos decorativos. Tons claros, como branco, bege e cinza, ampliam visualmente o espa\u00e7o e trazem uma sensa\u00e7\u00e3o de calma e limpeza.<\/p>\n<h3>M\u00f3veis minimalistas<\/h3>\n<figure style=\"width: 1024px\" class=\"wp-caption aligncenter\"><img decoding=\"async\" src=\"https:\/\/www.aarquiteta.com.br\/blog\/wp-content\/uploads\/2023\/12\/salas-modernas03.jpg\" alt=\"salas modernas\" width=\"1024\" height=\"1024\" title=\"\"><figcaption class=\"wp-caption-text\">salas modernas<\/figcaption><\/figure>\n<p>Menos \u00e9 mais quando falamos de m\u00f3veis em uma sala moderna. As pe\u00e7as escolhidas devem ter linhas retas e simples, evitando excessos ornamentais. A funcionalidade \u00e9 chave, ent\u00e3o cada m\u00f3vel deve ter um prop\u00f3sito claro no ambiente.<\/p>\n<h3>Uso de materiais naturais<\/h3>\n<p>Materiais como madeira, pedra e tecidos naturais s\u00e3o frequentemente utilizados para adicionar textura e aconchego \u00e0 sala moderna. Eles trazem um peda\u00e7o da natureza para dentro de casa e criam um contraste interessante com elementos mais industriais.<\/p>\n<h3>Ilumina\u00e7\u00e3o adequada<\/h3>\n<p>A ilumina\u00e7\u00e3o \u00e9 um aspecto crucial em qualquer sala moderna. Deve-se buscar uma combina\u00e7\u00e3o de luz natural com lumin\u00e1rias de design que n\u00e3o s\u00f3 iluminem, mas tamb\u00e9m sirvam como pe\u00e7as decorativas.<\/p>\n<h3>Espa\u00e7os abertos e integrados<\/h3>\n<figure style=\"width: 1024px\" class=\"wp-caption aligncenter\"><img decoding=\"async\" src=\"https:\/\/www.aarquiteta.com.br\/blog\/wp-content\/uploads\/2023\/12\/salas-modernas02.jpg\" alt=\"salas modernas\" width=\"1024\" height=\"1024\" title=\"\"><figcaption class=\"wp-caption-text\">salas modernas<\/figcaption><\/figure>\n<p>A integra\u00e7\u00e3o de espa\u00e7os \u00e9 uma tend\u00eancia nas salas modernas. A ideia \u00e9 criar um ambiente aberto que flua naturalmente entre as diferentes \u00e1reas da casa, como a sala de estar, a sala de jantar e a cozinha.<\/p>\n<h3>Dicas para decorar uma sala moderna<\/h3>\n<h3>Escolha uma paleta de cores neutras<\/h3>\n<figure style=\"width: 1024px\" class=\"wp-caption aligncenter\"><img decoding=\"async\" src=\"https:\/\/www.aarquiteta.com.br\/blog\/wp-content\/uploads\/2023\/12\/salas-modernas01.jpg\" alt=\"salas modernas\" width=\"1024\" height=\"1024\" title=\"\"><figcaption class=\"wp-caption-text\">salas modernas<\/figcaption><\/figure>\n<p>Para come\u00e7ar, defina uma paleta de cores neutras que servir\u00e1 como base para a sua decora\u00e7\u00e3o. Isso facilitar\u00e1 a escolha de m\u00f3veis e acess\u00f3rios que harmonizem com o ambiente.<\/p>\n<h3>Opte por m\u00f3veis com linhas retas e simples<\/h3>\n<p>Escolha m\u00f3veis que reflitam a simplicidade do modernismo. Pe\u00e7as com linhas retas e design limpo ajudam a manter o ambiente descomplicado e elegante.<\/p>\n<h3>Utilize materiais como madeira, vidro e metal<\/h3>\n<p>Integrar diferentes materiais acrescenta interesse visual e textura \u00e0 sala. A madeira traz calor, o vidro amplia o espa\u00e7o e o metal adiciona um toque industrial chique.<\/p>\n<h3>Invista em uma ilumina\u00e7\u00e3o funcional e estilizada<\/h3>\n<p>Al\u00e9m de iluminar, as lumin\u00e1rias podem ser verdadeiras obras de arte. Escolha modelos que complementem o estilo da sala e que possam ser ajustados conforme a necessidade.<\/p>\n<h3>Crie ambientes integrados e fluidos<\/h3>\n<p>Se poss\u00edvel, derrube paredes e crie um espa\u00e7o aberto. Isso promove a intera\u00e7\u00e3o entre as pessoas e torna o ambiente mais acolhedor e funcional.<\/p>\n<h2>Benef\u00edcios de ter uma sala moderna<\/h2>\n<h3>Sensa\u00e7\u00e3o de amplitude e leveza<\/h3>\n<p>Uma sala moderna, com suas cores claras e m\u00f3veis bem escolhidos, proporciona uma sensa\u00e7\u00e3o de mais espa\u00e7o e leveza, tornando o ambiente mais agrad\u00e1vel para se viver.<\/p>\n<h3>Estilo contempor\u00e2neo e sofisticado<\/h3>\n<p>O estilo moderno \u00e9 sin\u00f4nimo de contemporaneidade e sofistica\u00e7\u00e3o. Ele reflete um modo de vida atual e est\u00e1 sempre em voga no mundo do design de interiores.<\/p>\n<h3>Facilidade na organiza\u00e7\u00e3o e limpeza<\/h3>\n<p>Com menos objetos e m\u00f3veis, a sala moderna \u00e9 mais f\u00e1cil de organizar e limpar. Isso significa mais tempo para voc\u00ea aproveitar seu lar.<\/p>\n<blockquote><p><em>Curiosidade: Voc\u00ea sabia que o conceito de &#8220;moderno&#8221; na decora\u00e7\u00e3o est\u00e1 sempre em evolu\u00e7\u00e3o? O que era moderno nos anos 50 \u00e9 bem diferente do que consideramos moderno hoje. Mas uma coisa permanece constante: a busca por um espa\u00e7o que reflita nossa personalidade e estilo de vida.<\/em><\/p><\/blockquote>\n<h3>Perguntas Frequentes<\/h3>\n<p><strong>1. Quais s\u00e3o as melhores cores para uma sala moderna?<\/strong><\/p>\n<p>As melhores cores para uma sala moderna s\u00e3o aquelas que transmitem tranquilidade e s\u00e3o f\u00e1ceis de combinar, como branco, cinza, bege e tons past\u00e9is. Elas ajudam a criar um ambiente sereno e s\u00e3o perfeitas para destacar obras de arte ou pe\u00e7as de design.<\/p>\n<p><strong>2. Como escolher os m\u00f3veis ideais para uma sala moderna?<\/strong><\/p>\n<p>Para escolher os m\u00f3veis ideais, pense na funcionalidade e no design. Prefira pe\u00e7as com linhas retas, sem muitos detalhes e que realmente tenham um uso no seu dia a dia. Lembre-se de que, em uma sala moderna, menos \u00e9 mais.<\/p>\n<p><strong>3. Quais s\u00e3o os principais erros a evitar ao decorar uma sala moderna?<\/strong><\/p>\n<p>Os principais erros incluem sobrecarregar o ambiente com muitos objetos decorativos, escolher m\u00f3veis muito grandes que n\u00e3o se adequam ao espa\u00e7o e n\u00e3o prestar aten\u00e7\u00e3o \u00e0 ilumina\u00e7\u00e3o. Mantenha o equil\u00edbrio e a harmonia em mente ao decorar.<\/p>\n<h3>Conclus\u00e3o<\/h3>\n<p>Adotar uma sala moderna \u00e9 mais do que seguir uma tend\u00eancia; \u00e9 escolher um estilo de vida onde a simplicidade e a funcionalidade andam de m\u00e3os dadas com a beleza. Com as dicas que compartilhei, voc\u00ea est\u00e1 pronto para transformar sua sala em um espa\u00e7o moderno e acolhedor. Lembre-se de que a sua casa \u00e9 o seu ref\u00fagio, ent\u00e3o fa\u00e7a dela um lugar onde voc\u00ea se sinta feliz e inspirado.<\/p>\n<p>&nbsp;<\/p>\n","protected":false},"excerpt":{"rendered":"<p>Reinvente seu espa\u00e7o com ideias incr\u00edveis para salas modernas. Confira agora!<\/p>\n","protected":false},"author":102,"featured_media":103030,"comment_status":"closed","ping_status":"closed","sticky":false,"template":"","format":"standard","meta":{"footnotes":""},"categories":[1484],"tags":[],"class_list":["post-103033","post","type-post","status-publish","format-standard","has-post-thumbnail","category-decoracao"],"_wp_attached_file":null,"_wp_attachment_metadata":null,"_wp_attachment_context":null,"_wp_attachment_is_custom_header":null,"geo_longitude":null,"geo_public":null,"geo_latitude":null,"_publicize_done_external":null,"_wpas_done_3897181":null,"publicize_twitter_user":null,"_wpas_done_3897175":null,"_wpas_skip_3897181":null,"_wpas_skip_3897175":null,"_wpas_skip_3924723":null,"_wpas_mess":null,"_wpas_done_3924723":null,"wps_subtitle":"","_links":{"self":[{"href":"https:\/\/www.aarquiteta.com.br\/blog\/wp-json\/wp\/v2\/posts\/103033","targetHints":{"allow":["GET"]}}],"collection":[{"href":"https:\/\/www.aarquiteta.com.br\/blog\/wp-json\/wp\/v2\/posts"}],"about":[{"href":"https:\/\/www.aarquiteta.com.br\/blog\/wp-json\/wp\/v2\/types\/post"}],"author":[{"embeddable":true,"href":"https:\/\/www.aarquiteta.com.br\/blog\/wp-json\/wp\/v2\/users\/102"}],"replies":[{"embeddable":true,"href":"https:\/\/www.aarquiteta.com.br\/blog\/wp-json\/wp\/v2\/comments?post=103033"}],"version-history":[{"count":0,"href":"https:\/\/www.aarquiteta.com.br\/blog\/wp-json\/wp\/v2\/posts\/103033\/revisions"}],"wp:featuredmedia":[{"embeddable":true,"href":"https:\/\/www.aarquiteta.com.br\/blog\/wp-json\/wp\/v2\/media\/103030"}],"wp:attachment":[{"href":"https:\/\/www.aarquiteta.com.br\/blog\/wp-json\/wp\/v2\/media?parent=103033"}],"wp:term":[{"taxonomy":"category","embeddable":true,"href":"https:\/\/www.aarquiteta.com.br\/blog\/wp-json\/wp\/v2\/categories?post=103033"},{"taxonomy":"post_tag","embeddable":true,"href":"https:\/\/www.aarquiteta.com.br\/blog\/wp-json\/wp\/v2\/tags?post=103033"}],"curies":[{"name":"wp","href":"https:\/\/api.w.org\/{rel}","templated":true}]}}