{"id":102957,"date":"2023-12-21T09:24:58","date_gmt":"2023-12-21T12:24:58","guid":{"rendered":"http:\/\/aarquiteta.com.br\/?p=102957"},"modified":"2023-12-21T09:39:40","modified_gmt":"2023-12-21T12:39:40","slug":"transforme-bagunca-ordem-dicas-incriveis","status":"publish","type":"post","link":"https:\/\/www.aarquiteta.com.br\/blog\/transforme-bagunca-ordem-dicas-incriveis\/","title":{"rendered":"Transforme a bagun\u00e7a em ordem com dicas incr\u00edveis em poucos minutos. Muitos duvidaram, mas essa pessoa brilhante mostrou a t\u00e9cnica inovadora."},"content":{"rendered":"<p>Se voc\u00ea, assim como eu, j\u00e1 se pegou olhando para a bagun\u00e7a em casa e pensando &#8220;por onde eu come\u00e7o?&#8221;, tenho uma novidade que vai fazer seus olhos brilharem e suas m\u00e3os co\u00e7arem para come\u00e7ar a arruma\u00e7\u00e3o. Imagina ter um arsenal de 50 dicas pr\u00e1ticas e eficazes para n\u00e3o s\u00f3 colocar a casa em ordem, mas tamb\u00e9m dar aquele up na vida pessoal? Pois \u00e9, prepare-se para uma verdadeira revolu\u00e7\u00e3o no seu lar!<\/p>\n<p><img decoding=\"async\" src=\"https:\/\/www.aarquiteta.com.br\/blog\/wp-content\/uploads\/2023\/12\/transforme-bagunca-ordem-dicas-incriveis01.jpg\" alt=\"\" width=\"1024\" height=\"1024\" title=\"\"><\/p>\n<p>De tapetes estrategicamente colocados para barrar a sujeira at\u00e9 o uso criativo de ganchos e divis\u00f3rias, essas dicas s\u00e3o como um mapa do tesouro para quem busca a harmonia dom\u00e9stica. E n\u00e3o para por a\u00ed: vou te mostrar como a organiza\u00e7\u00e3o dos cabides pode ser um b\u00e1lsamo para os olhos e como potes e caixas podem ser seus melhores amigos na cozinha. Ah, e tem mais, at\u00e9 a papelada e a agenda v\u00e3o entrar na linha com um sistema que \u00e9 puro charme e efici\u00eancia.<\/p>\n<p>Ent\u00e3o, se voc\u00ea est\u00e1 pronto para transformar o caos em tranquilidade e a desordem em um doce lar dos sonhos, vem comigo! Vou te contar todos os segredinhos e macetes que v\u00e3o fazer voc\u00ea se perguntar como viveu tanto tempo sem eles. E o melhor: tudo isso com um toque de leveza e bom humor, porque arrumar a casa n\u00e3o precisa ser um bicho de sete cabe\u00e7as, n\u00e9?<\/p>\n<h3><b>N\u00e3o perca mais tempo e assista agora como tudo isso \u00e9 feito no v\u00eddeo abaixo!<\/b><\/h3>\n<div class=\"youtube-embed\" data-video_id=\"BIt77YoCJzI\"><iframe title=\"ESPECIAL: 50 DICAS PARA ORGANIZAR A CASA (E A VIDA!) | Organize sem Frescuras!\" width=\"696\" height=\"392\" src=\"https:\/\/www.youtube.com\/embed\/BIt77YoCJzI?feature=oembed&#038;enablejsapi=1\" frameborder=\"0\" allow=\"accelerometer; autoplay; clipboard-write; encrypted-media; gyroscope; picture-in-picture; web-share\" allowfullscreen><\/iframe><\/div>\n<p>Gostou das informa\u00e7\u00f5es do v\u00eddeo?<\/p>\n<p>Espero que este v\u00eddeo tenha sido \u00fatil e arrastre para baixo para ver mais dicas como esta!<\/p>\n","protected":false},"excerpt":{"rendered":"<p>Confira as instru\u00e7\u00f5es inovadoras deste indiv\u00edduo brilhante que transformaram a bagun\u00e7a em ordem em poucos minutos. Desperte sua curiosidade com suas sugest\u00f5es incr\u00edveis e aprenda as melhores formas de organizar sua vida. Acredite ou n\u00e3o, muitos duvidaram, mas suas li\u00e7\u00f5es e indica\u00e7\u00f5es de aprendizado comprovam que \u00e9 poss\u00edvel deixar tudo em seu lugar de forma eficiente.<\/p>\n","protected":false},"author":102,"featured_media":102956,"comment_status":"closed","ping_status":"closed","sticky":false,"template":"","format":"standard","meta":{"footnotes":""},"categories":[10005,249,1484],"tags":[],"class_list":["post-102957","post","type-post","status-publish","format-standard","has-post-thumbnail","category-casa-e-jardim","category-engenharia-e-construcao-civil","category-decoracao"],"_wp_attached_file":null,"_wp_attachment_metadata":null,"_wp_attachment_context":null,"_wp_attachment_is_custom_header":null,"geo_longitude":null,"geo_public":null,"geo_latitude":null,"_publicize_done_external":null,"_wpas_done_3897181":null,"publicize_twitter_user":null,"_wpas_done_3897175":null,"_wpas_skip_3897181":null,"_wpas_skip_3897175":null,"_wpas_skip_3924723":null,"_wpas_mess":null,"_wpas_done_3924723":null,"wps_subtitle":"","_links":{"self":[{"href":"https:\/\/www.aarquiteta.com.br\/blog\/wp-json\/wp\/v2\/posts\/102957","targetHints":{"allow":["GET"]}}],"collection":[{"href":"https:\/\/www.aarquiteta.com.br\/blog\/wp-json\/wp\/v2\/posts"}],"about":[{"href":"https:\/\/www.aarquiteta.com.br\/blog\/wp-json\/wp\/v2\/types\/post"}],"author":[{"embeddable":true,"href":"https:\/\/www.aarquiteta.com.br\/blog\/wp-json\/wp\/v2\/users\/102"}],"replies":[{"embeddable":true,"href":"https:\/\/www.aarquiteta.com.br\/blog\/wp-json\/wp\/v2\/comments?post=102957"}],"version-history":[{"count":0,"href":"https:\/\/www.aarquiteta.com.br\/blog\/wp-json\/wp\/v2\/posts\/102957\/revisions"}],"wp:featuredmedia":[{"embeddable":true,"href":"https:\/\/www.aarquiteta.com.br\/blog\/wp-json\/wp\/v2\/media\/102956"}],"wp:attachment":[{"href":"https:\/\/www.aarquiteta.com.br\/blog\/wp-json\/wp\/v2\/media?parent=102957"}],"wp:term":[{"taxonomy":"category","embeddable":true,"href":"https:\/\/www.aarquiteta.com.br\/blog\/wp-json\/wp\/v2\/categories?post=102957"},{"taxonomy":"post_tag","embeddable":true,"href":"https:\/\/www.aarquiteta.com.br\/blog\/wp-json\/wp\/v2\/tags?post=102957"}],"curies":[{"name":"wp","href":"https:\/\/api.w.org\/{rel}","templated":true}]}}