{"id":102748,"date":"2024-05-15T20:22:06","date_gmt":"2024-05-15T23:22:06","guid":{"rendered":"http:\/\/aarquiteta.com.br\/?p=102748"},"modified":"2024-07-03T16:20:57","modified_gmt":"2024-07-03T19:20:57","slug":"pendente-para-area-gourmet","status":"publish","type":"post","link":"https:\/\/www.aarquiteta.com.br\/blog\/pendente-para-area-gourmet\/","title":{"rendered":"Pendente para \u00c1rea Gourmet: 5 Sugest\u00f5es para Iluminar com Estilo"},"content":{"rendered":"<p>Voc\u00ea j\u00e1 ouviu falar em \u00e1rea gourmet, mas sabe o que realmente significa? Pois bem, \u00e9 um espa\u00e7o dedicado ao preparo de alimentos e \u00e0 conviv\u00eancia, geralmente equipado com churrasqueira, forno de pizza, bancadas e, muitas vezes, integrado a \u00e1reas de lazer como piscinas e jardins.<\/p>\n<p>Agora, por que voc\u00ea deveria considerar ter uma dessas em casa? Vamos desbravar esse universo delicioso e pr\u00e1tico!<\/p>\n<ul>\n<li>Espa\u00e7o perfeito para reunir quem a gente ama;<\/li>\n<li>Um plus na hora de vender ou alugar o im\u00f3vel;<\/li>\n<li>Facilidade e praticidade no preparo das refei\u00e7\u00f5es;<\/li>\n<li>Personaliza\u00e7\u00e3o que reflete seu estilo de vida;<\/li>\n<li>Conforto e aconchego para os momentos de relax;<\/li>\n<li>Integra\u00e7\u00e3o que amplia e valoriza os espa\u00e7os;<\/li>\n<li>Versatilidade para diferentes ocasi\u00f5es e usos;<\/li>\n<li>Organiza\u00e7\u00e3o e limpeza sem grandes complica\u00e7\u00f5es;<\/li>\n<li>O sonho da churrasqueira pr\u00f3pria realizado;<\/li>\n<li>Valoriza\u00e7\u00e3o de cada segundo do seu lazer;<\/li>\n<li>Um convite \u00e0 inova\u00e7\u00e3o na cozinha;<\/li>\n<li>Economia ao evitar gastos frequentes em restaurantes.<\/li>\n<\/ul>\n<h3>1. Espa\u00e7o para receber amigos e familiares<\/h3>\n<figure style=\"width: 1024px\" class=\"wp-caption aligncenter\"><img decoding=\"async\" src=\"https:\/\/www.aarquiteta.com.br\/blog\/wp-content\/uploads\/2023\/12\/pendente-para-area-gourmet04.jpg\" alt=\"pendente para \u00e1rea gourmet\" width=\"1024\" height=\"1024\" title=\"\"><figcaption class=\"wp-caption-text\">pendente para \u00e1rea gourmet<\/figcaption><\/figure>\n<p>Quem n\u00e3o gosta de uma boa reuni\u00e3o com as pessoas queridas? A \u00e1rea gourmet \u00e9 o cen\u00e1rio ideal para esses encontros. Imagina s\u00f3, um s\u00e1bado \u00e0 tarde, o cheiro do churrasco subindo e as risadas ecoando. \u00c9 ou n\u00e3o \u00e9 um pedacinho do para\u00edso?<\/p>\n<style id=\"wp_carousel_dynamic_css102775\">.sp-wp-carousel-free-id-102775.wpcf-fancybox-wrapper .fancybox-bg{background: #0b0b0b;opacity: 0.8;}.sp-wp-carousel-free-id-102775.wpcf-fancybox-wrapper .fancybox-navigation .fancybox-button .wpcp-fancybox-nav-arrow i {color: #ccc;}.sp-wp-carousel-free-id-102775.wpcf-fancybox-wrapper .fancybox-navigation .fancybox-button .wpcp-fancybox-nav-arrow i:hover {color: #fff;}.sp-wp-carousel-free-id-102775.wpcf-fancybox-wrapper .fancybox-navigation .fancybox-button {background: #1e1e1e;}.sp-wp-carousel-free-id-102775.wpcf-fancybox-wrapper .fancybox-navigation .fancybox-button:hover {background: #1e1e1e;}#sp-wp-carousel-free-id-102775 .wpcp-swiper-dots {margin: 40px 0px 0px 0px;}.wpcp-wrapper-102775 .swiper-wrapper .swiper-slide-kenburn, .wpcp-wrapper-102775 .swiper-wrapper, .wpcp-wrapper-102775 .wpcpro-row{align-items: center;}#sp-wp-carousel-free-id-102775 .wpcp-single-item {box-shadow: 0px 0px 0px 0px #dddddd;transition: all .3s;margin: 0px;}#sp-wp-carousel-free-id-102775.swiper-flip .wpcp-single-item{margin: 0!important;}#sp-wp-carousel-free-id-102775 .wpcp-single-item:hover {box-shadow: 0px 0px 0px 0px #dddddd;}#sp-wp-carousel-free-id-102775.sp-wpcp-102775 .wpcp-single-item {border: 1px solid #dddddd;}#sp-wp-carousel-free-id-102775.sp-wpcp-102775 .swiper-button-prev,#sp-wp-carousel-free-id-102775.sp-wpcp-102775 .swiper-button-next,#sp-wp-carousel-free-id-102775.sp-wpcp-102775 .swiper-button-prev:hover,#sp-wp-carousel-free-id-102775.sp-wpcp-102775 .swiper-button-next:hover {background: none;border: none;font-size: 30px;}#sp-wp-carousel-free-id-102775.sp-wpcp-102775 .swiper-button-prev i,#sp-wp-carousel-free-id-102775.sp-wpcp-102775 .swiper-button-next i {color: #aaa;}#sp-wp-carousel-free-id-102775.sp-wpcp-102775 .swiper-button-prev i:hover,#sp-wp-carousel-free-id-102775.sp-wpcp-102775 .swiper-button-next i:hover {color: #178087;}#sp-wp-carousel-free-id-102775.sp-wpcp-102775 .wpcp-swiper-dots .swiper-pagination-bullet {background-color: #cccccc;}#sp-wp-carousel-free-id-102775.sp-wpcp-102775 .wpcp-swiper-dots .swiper-pagination-bullet.swiper-pagination-bullet-active {background-color: #178087;} #sp-wp-carousel-free-id-102775.sp-wpcp-102775.wpcp-image-carousel .wpcp-single-item:hover img, #sp-wp-carousel-free-id-102775.sp-wpcp-102775.wpcp-post-carousel .wpcp-single-item:hover img, #sp-wp-carousel-free-id-102775.sp-wpcp-102775.wpcp-product-carousel .wpcp-single-item:hover img{-webkit-transform: scale(1.2);-moz-transform: scale(1.2);transform: scale(1.2);}#sp-wp-carousel-free-id-102775 .wpcpro-row>[class*=\"wpcpro-col-\"] { padding: 0 10px; padding-bottom: 20px;} #sp-wp-carousel-free-id-102775 .swiper-slide .single-item-fade:not(:last-child) { margin-right: 20px;}@media (min-width: 480px) { .wpcpro-row .wpcpro-col-sm-1 { flex: 0 0 100%; max-width: 100%; } .wpcpro-row .wpcpro-col-sm-2 { flex: 0 0 50%; max-width: 50%; } .wpcpro-row .wpcpro-col-sm-2-5 { flex: 0 0 75%; max-width: 75%; } .wpcpro-row .wpcpro-col-sm-3 { flex: 0 0 33.333%; max-width: 33.333%; } .wpcpro-row .wpcpro-col-sm-4 { flex: 0 0 25%; max-width: 25%; } .wpcpro-row .wpcpro-col-sm-5 { flex: 0 0 20%; max-width: 20%; } .wpcpro-row .wpcpro-col-sm-6 { flex: 0 0 16.66666666666667%; max-width: 16.66666666666667%; } .wpcpro-row .wpcpro-col-sm-7 { flex: 0 0 14.28571428%; max-width: 14.28571428%; } .wpcpro-row .wpcpro-col-sm-8 { flex: 0 0 12.5%; max-width: 12.5%; } } @media (max-width: 480px) { .wpcpro-row .wpcpro-col-xs-1 { flex: 0 0 100%; max-width: 100%; } .wpcpro-row .wpcpro-col-xs-2 { flex: 0 0 50%; max-width: 50%; } .wpcpro-row .wpcpro-col-xs-3 { flex: 0 0 33.222%; max-width: 33.222%; } .wpcpro-row .wpcpro-col-xs-4 { flex: 0 0 25%; max-width: 25%; } .wpcpro-row .wpcpro-col-xs-5 { flex: 0 0 20%; max-width: 20%; } .wpcpro-row .wpcpro-col-xs-6 { flex: 0 0 16.6667%; max-width: 16.6667%; } .wpcpro-row .wpcpro-col-xs-7 { flex: 0 0 14.28571428%; max-width: 14.28571428%; } .wpcpro-row .wpcpro-col-xs-8 { flex: 0 0 12.5%; max-width: 12.5%; } } @media (min-width: 736px) { .wpcpro-row .wpcpro-col-md-1 { flex: 0 0 100%; max-width: 100%; } .wpcpro-row .wpcpro-col-md-2 { flex: 0 0 50%; max-width: 50%; } .wpcpro-row .wpcpro-col-md-2-5 { flex: 0 0 75%; max-width: 75%; } .wpcpro-row .wpcpro-col-md-3 { flex: 0 0 33.333%; max-width: 33.333%; } .wpcpro-row .wpcpro-col-md-4 { flex: 0 0 25%; max-width: 25%; } .wpcpro-row .wpcpro-col-md-5 { flex: 0 0 20%; max-width: 20%; } .wpcpro-row .wpcpro-col-md-6 { flex: 0 0 16.66666666666667%; max-width: 16.66666666666667%; } .wpcpro-row .wpcpro-col-md-7 { flex: 0 0 14.28571428%; max-width: 14.28571428%; } .wpcpro-row .wpcpro-col-md-8 { flex: 0 0 12.5%; max-width: 12.5%; } } @media (min-width: 980px) { .wpcpro-row .wpcpro-col-lg-1 { flex: 0 0 100%; max-width: 100%; } .wpcpro-row .wpcpro-col-lg-2 { flex: 0 0 50%; max-width: 50%; } .wpcpro-row .wpcpro-col-lg-3 { flex: 0 0 33.222%; max-width: 33.222%; } .wpcpro-row .wpcpro-col-lg-4 { flex: 0 0 25%; max-width: 25%; } .wpcpro-row .wpcpro-col-lg-5 { flex: 0 0 20%; max-width: 20%; } .wpcpro-row .wpcpro-col-lg-6 { flex: 0 0 16.6667%; max-width: 16.6667%; } .wpcpro-row .wpcpro-col-lg-7 { flex: 0 0 14.28571428%; max-width: 14.28571428%; } .wpcpro-row .wpcpro-col-lg-8 { flex: 0 0 12.5%; max-width: 12.5%; } } @media (min-width: 1200px) { .wpcpro-row .wpcpro-col-xl-1 { flex: 0 0 100%; max-width: 100%; } .wpcpro-row .wpcpro-col-xl-2 { flex: 0 0 50%; max-width: 50%; } .wpcpro-row .wpcpro-col-xl-3 { flex: 0 0 33.22222222%; max-width: 33.22222222%; } .wpcpro-row .wpcpro-col-xl-4 { flex: 0 0 25%; max-width: 25%; } .wpcpro-row .wpcpro-col-xl-5 { flex: 0 0 20%; max-width: 20%; } .wpcpro-row .wpcpro-col-xl-6 { flex: 0 0 16.66667%; max-width: 16.66667%; } .wpcpro-row .wpcpro-col-xl-7 { flex: 0 0 14.28571428%; max-width: 14.28571428%; } .wpcpro-row .wpcpro-col-xl-8 { flex: 0 0 12.5%; max-width: 12.5%; } }<\/style><div class=\"wpcp-carousel-wrapper wpcp-wrapper-102775\">\n\t<div id=\"wpcp-preloader-102775\" class=\"wpcp-carousel-preloader\"><img decoding=\"async\" src=\"https:\/\/www.aarquiteta.com.br\/blog\/wp-content\/plugins\/wp-carousel-free\/public\/css\/spinner.svg\" alt=\"Preloader Image\" title=\"\"><\/div>\t<div class=\"wpcp-carousel-content-wrapper\">\n\t<div id=\"sp-wp-carousel-free-id-102775\" class=\"wpcp-carousel-section sp-wpcp-102775  nav-vertical-center wpcp-image-carousel wpcp-preloader wpcp-standard\" data-swiper='{ &quot;pagination_type&quot;: &quot;dots&quot;,&quot;accessibility&quot;:true, &quot;spaceBetween&quot;:20, &quot;arrows&quot;:false, &quot;freeMode&quot;: false, &quot;autoplay&quot;:true, &quot;effect&quot;: &quot;&quot;, &quot;centerMode&quot;: false, &quot;autoplaySpeed&quot;:3000, &quot;dots&quot;:true, &quot;infinite&quot;:true, &quot;speed&quot;:600, &quot;pauseOnHover&quot;:true,\n\t\t\t&quot;slidesToShow&quot;:{&quot;lg_desktop&quot;:5, &quot;desktop&quot;: 4, &quot;laptop&quot;: 3, &quot;tablet&quot;: 2, &quot;mobile&quot;: 1}, &quot;responsive&quot;:{&quot;desktop&quot;:1200, &quot;laptop&quot;: 980, &quot;tablet&quot;: 736, &quot;mobile&quot;: 480}, &quot;rtl&quot;:false, &quot;lazyLoad&quot;: &quot;false&quot;, &quot;swipe&quot;: true, &quot;draggable&quot;: true, &quot;swipeToSlide&quot;:false }' dir=\"ltr\">\n\t\t<div class=\"swiper-wrapper\">\n\t\t<div class=\"swiper-slide\">\n\t<div class=\"wpcp-single-item\">\n\t\t\t<a class=\"wcp-light-box\" data-buttons='[\"close\"]' data-wpc_url='https:\/\/www.aarquiteta.com.br\/blog\/wp-content\/uploads\/2023\/10\/Luminarias-Pendentes-na-Sala-4.jpg' href=\"https:\/\/www.aarquiteta.com.br\/blog\/wp-content\/uploads\/2023\/10\/Luminarias-Pendentes-na-Sala-4.jpg\" data-fancybox=\"wpcp_view\">\n\t\t<figure>\n\t\t\t<img decoding=\"async\" class=\"skip-lazy\" src=\"https:\/\/www.aarquiteta.com.br\/blog\/wp-content\/uploads\/2023\/10\/Luminarias-Pendentes-na-Sala-4.jpg\" alt=\"Lumin\u00e1rias Pendentes na Sala: Como Escolher e Posicionar para um Ambiente Deslumbrante!\" width=\"1200\" height=\"800\" title=\"\">\t\t<\/figure>\n\t<\/a>\n\t\t<\/div>\n<\/div>\n\t<div class=\"swiper-slide\">\n\t<div class=\"wpcp-single-item\">\n\t\t\t<a class=\"wcp-light-box\" data-buttons='[\"close\"]' data-wpc_url='https:\/\/www.aarquiteta.com.br\/blog\/wp-content\/uploads\/2023\/10\/Luminarias-Pendentes-na-Sala-5.jpg' href=\"https:\/\/www.aarquiteta.com.br\/blog\/wp-content\/uploads\/2023\/10\/Luminarias-Pendentes-na-Sala-5.jpg\" data-fancybox=\"wpcp_view\">\n\t\t<figure>\n\t\t\t<img decoding=\"async\" class=\"skip-lazy\" src=\"https:\/\/www.aarquiteta.com.br\/blog\/wp-content\/uploads\/2023\/10\/Luminarias-Pendentes-na-Sala-5.jpg\" alt=\"Lumin\u00e1rias Pendentes na Sala: Como Escolher e Posicionar para um Ambiente Deslumbrante!\" width=\"1200\" height=\"800\" title=\"\">\t\t<\/figure>\n\t<\/a>\n\t\t<\/div>\n<\/div>\n\t<div class=\"swiper-slide\">\n\t<div class=\"wpcp-single-item\">\n\t\t\t<a class=\"wcp-light-box\" data-buttons='[\"close\"]' data-wpc_url='https:\/\/www.aarquiteta.com.br\/blog\/wp-content\/uploads\/2023\/10\/Luminarias-Pendentes-na-Sala-2.jpg' href=\"https:\/\/www.aarquiteta.com.br\/blog\/wp-content\/uploads\/2023\/10\/Luminarias-Pendentes-na-Sala-2.jpg\" data-fancybox=\"wpcp_view\">\n\t\t<figure>\n\t\t\t<img decoding=\"async\" class=\"skip-lazy\" src=\"https:\/\/www.aarquiteta.com.br\/blog\/wp-content\/uploads\/2023\/10\/Luminarias-Pendentes-na-Sala-2.jpg\" alt=\"Lumin\u00e1rias Pendentes na Sala: Como Escolher e Posicionar para um Ambiente Deslumbrante!\" width=\"1200\" height=\"800\" title=\"\">\t\t<\/figure>\n\t<\/a>\n\t\t<\/div>\n<\/div>\n\t<div class=\"swiper-slide\">\n\t<div class=\"wpcp-single-item\">\n\t\t\t<a class=\"wcp-light-box\" data-buttons='[\"close\"]' data-wpc_url='https:\/\/www.aarquiteta.com.br\/blog\/wp-content\/uploads\/2023\/10\/Luminarias-Pendentes-na-Sala-3.jpg' href=\"https:\/\/www.aarquiteta.com.br\/blog\/wp-content\/uploads\/2023\/10\/Luminarias-Pendentes-na-Sala-3.jpg\" data-fancybox=\"wpcp_view\">\n\t\t<figure>\n\t\t\t<img decoding=\"async\" class=\"skip-lazy\" src=\"https:\/\/www.aarquiteta.com.br\/blog\/wp-content\/uploads\/2023\/10\/Luminarias-Pendentes-na-Sala-3.jpg\" alt=\"Lumin\u00e1rias Pendentes na Sala: Como Escolher e Posicionar para um Ambiente Deslumbrante!\" width=\"1200\" height=\"800\" title=\"\">\t\t<\/figure>\n\t<\/a>\n\t\t<\/div>\n<\/div>\n\t<div class=\"swiper-slide\">\n\t<div class=\"wpcp-single-item\">\n\t\t\t<a class=\"wcp-light-box\" data-buttons='[\"close\"]' data-wpc_url='https:\/\/www.aarquiteta.com.br\/blog\/wp-content\/uploads\/2023\/10\/Luminarias-Pendentes-na-Sala-9.jpg' href=\"https:\/\/www.aarquiteta.com.br\/blog\/wp-content\/uploads\/2023\/10\/Luminarias-Pendentes-na-Sala-9.jpg\" data-fancybox=\"wpcp_view\">\n\t\t<figure>\n\t\t\t<img decoding=\"async\" class=\"skip-lazy\" src=\"https:\/\/www.aarquiteta.com.br\/blog\/wp-content\/uploads\/2023\/10\/Luminarias-Pendentes-na-Sala-9.jpg\" alt=\"Lumin\u00e1rias Pendentes na Sala: Como Escolher e Posicionar para um Ambiente Deslumbrante!\" width=\"1200\" height=\"800\" title=\"\">\t\t<\/figure>\n\t<\/a>\n\t\t<\/div>\n<\/div>\n\t<div class=\"swiper-slide\">\n\t<div class=\"wpcp-single-item\">\n\t\t\t<a class=\"wcp-light-box\" data-buttons='[\"close\"]' data-wpc_url='https:\/\/www.aarquiteta.com.br\/blog\/wp-content\/uploads\/2023\/05\/Luminaria-de-led.png' href=\"https:\/\/www.aarquiteta.com.br\/blog\/wp-content\/uploads\/2023\/05\/Luminaria-de-led.png\" data-fancybox=\"wpcp_view\">\n\t\t<figure>\n\t\t\t<img decoding=\"async\" class=\"skip-lazy\" src=\"https:\/\/www.aarquiteta.com.br\/blog\/wp-content\/uploads\/2023\/05\/Luminaria-de-led.png\" alt=\"Lumin\u00e1ria de led\" width=\"1456\" height=\"816\" title=\"\">\t\t<\/figure>\n\t<\/a>\n\t\t<\/div>\n<\/div>\n\t<div class=\"swiper-slide\">\n\t<div class=\"wpcp-single-item\">\n\t\t\t<a class=\"wcp-light-box\" data-buttons='[\"close\"]' data-wpc_url='https:\/\/www.aarquiteta.com.br\/blog\/wp-content\/uploads\/2023\/12\/pendente-para-area-gourmet04.jpg' href=\"https:\/\/www.aarquiteta.com.br\/blog\/wp-content\/uploads\/2023\/12\/pendente-para-area-gourmet04.jpg\" data-fancybox=\"wpcp_view\">\n\t\t<figure>\n\t\t\t<img decoding=\"async\" class=\"skip-lazy\" src=\"https:\/\/www.aarquiteta.com.br\/blog\/wp-content\/uploads\/2023\/12\/pendente-para-area-gourmet04.jpg\" alt=\"pendente para \u00e1rea gourmet\" width=\"1024\" height=\"1024\" title=\"\">\t\t<\/figure>\n\t<\/a>\n\t\t<\/div>\n<\/div>\n\t<div class=\"swiper-slide\">\n\t<div class=\"wpcp-single-item\">\n\t\t\t<a class=\"wcp-light-box\" data-buttons='[\"close\"]' data-wpc_url='https:\/\/www.aarquiteta.com.br\/blog\/wp-content\/uploads\/2023\/12\/pendente-para-area-gourmet03.jpg' href=\"https:\/\/www.aarquiteta.com.br\/blog\/wp-content\/uploads\/2023\/12\/pendente-para-area-gourmet03.jpg\" data-fancybox=\"wpcp_view\">\n\t\t<figure>\n\t\t\t<img decoding=\"async\" class=\"skip-lazy\" src=\"https:\/\/www.aarquiteta.com.br\/blog\/wp-content\/uploads\/2023\/12\/pendente-para-area-gourmet03.jpg\" alt=\"pendente para \u00e1rea gourmet\" width=\"1024\" height=\"1024\" title=\"\">\t\t<\/figure>\n\t<\/a>\n\t\t<\/div>\n<\/div>\n\t<div class=\"swiper-slide\">\n\t<div class=\"wpcp-single-item\">\n\t\t\t<a class=\"wcp-light-box\" data-buttons='[\"close\"]' data-wpc_url='https:\/\/www.aarquiteta.com.br\/blog\/wp-content\/uploads\/2023\/12\/pendente-para-area-gourmet02.jpg' href=\"https:\/\/www.aarquiteta.com.br\/blog\/wp-content\/uploads\/2023\/12\/pendente-para-area-gourmet02.jpg\" data-fancybox=\"wpcp_view\">\n\t\t<figure>\n\t\t\t<img decoding=\"async\" class=\"skip-lazy\" src=\"https:\/\/www.aarquiteta.com.br\/blog\/wp-content\/uploads\/2023\/12\/pendente-para-area-gourmet02.jpg\" alt=\"pendente para \u00e1rea gourmet\" width=\"1024\" height=\"1024\" title=\"\">\t\t<\/figure>\n\t<\/a>\n\t\t<\/div>\n<\/div>\n\t<div class=\"swiper-slide\">\n\t<div class=\"wpcp-single-item\">\n\t\t\t<a class=\"wcp-light-box\" data-buttons='[\"close\"]' data-wpc_url='https:\/\/www.aarquiteta.com.br\/blog\/wp-content\/uploads\/2023\/12\/pendente-para-area-gourmet01.jpg' href=\"https:\/\/www.aarquiteta.com.br\/blog\/wp-content\/uploads\/2023\/12\/pendente-para-area-gourmet01.jpg\" data-fancybox=\"wpcp_view\">\n\t\t<figure>\n\t\t\t<img decoding=\"async\" class=\"skip-lazy\" src=\"https:\/\/www.aarquiteta.com.br\/blog\/wp-content\/uploads\/2023\/12\/pendente-para-area-gourmet01.jpg\" alt=\"pendente para \u00e1rea gourmet\" width=\"1024\" height=\"1024\" title=\"\">\t\t<\/figure>\n\t<\/a>\n\t\t<\/div>\n<\/div>\n\t<div class=\"swiper-slide\">\n\t<div class=\"wpcp-single-item\">\n\t\t\t<a class=\"wcp-light-box\" data-buttons='[\"close\"]' data-wpc_url='https:\/\/www.aarquiteta.com.br\/blog\/wp-content\/uploads\/2023\/11\/pendentes-para-cozinha03.jpg' href=\"https:\/\/www.aarquiteta.com.br\/blog\/wp-content\/uploads\/2023\/11\/pendentes-para-cozinha03.jpg\" data-fancybox=\"wpcp_view\">\n\t\t<figure>\n\t\t\t<img decoding=\"async\" class=\"skip-lazy\" src=\"https:\/\/www.aarquiteta.com.br\/blog\/wp-content\/uploads\/2023\/11\/pendentes-para-cozinha03.jpg\" alt=\"pendentes para cozinha\" width=\"1024\" height=\"1024\" title=\"\">\t\t<\/figure>\n\t<\/a>\n\t\t<\/div>\n<\/div>\n\t<div class=\"swiper-slide\">\n\t<div class=\"wpcp-single-item\">\n\t\t\t<a class=\"wcp-light-box\" data-buttons='[\"close\"]' data-wpc_url='https:\/\/www.aarquiteta.com.br\/blog\/wp-content\/uploads\/2023\/11\/pendentes-para-cozinha04.jpg' href=\"https:\/\/www.aarquiteta.com.br\/blog\/wp-content\/uploads\/2023\/11\/pendentes-para-cozinha04.jpg\" data-fancybox=\"wpcp_view\">\n\t\t<figure>\n\t\t\t<img decoding=\"async\" class=\"skip-lazy\" src=\"https:\/\/www.aarquiteta.com.br\/blog\/wp-content\/uploads\/2023\/11\/pendentes-para-cozinha04.jpg\" alt=\"pendentes para cozinha\" width=\"1024\" height=\"1024\" title=\"\">\t\t<\/figure>\n\t<\/a>\n\t\t<\/div>\n<\/div>\n\t<div class=\"swiper-slide\">\n\t<div class=\"wpcp-single-item\">\n\t\t\t<a class=\"wcp-light-box\" data-buttons='[\"close\"]' data-wpc_url='https:\/\/www.aarquiteta.com.br\/blog\/wp-content\/uploads\/2023\/11\/pendentes-para-cozinha01.jpg' href=\"https:\/\/www.aarquiteta.com.br\/blog\/wp-content\/uploads\/2023\/11\/pendentes-para-cozinha01.jpg\" data-fancybox=\"wpcp_view\">\n\t\t<figure>\n\t\t\t<img decoding=\"async\" class=\"skip-lazy\" src=\"https:\/\/www.aarquiteta.com.br\/blog\/wp-content\/uploads\/2023\/11\/pendentes-para-cozinha01.jpg\" alt=\"pendentes para cozinha\" width=\"1024\" height=\"1024\" title=\"\">\t\t<\/figure>\n\t<\/a>\n\t\t<\/div>\n<\/div>\n\t<div class=\"swiper-slide\">\n\t<div class=\"wpcp-single-item\">\n\t\t\t<a class=\"wcp-light-box\" data-buttons='[\"close\"]' data-wpc_url='https:\/\/www.aarquiteta.com.br\/blog\/wp-content\/uploads\/2023\/10\/pendentes-para-sala-de-jantar01.jpg' href=\"https:\/\/www.aarquiteta.com.br\/blog\/wp-content\/uploads\/2023\/10\/pendentes-para-sala-de-jantar01.jpg\" data-fancybox=\"wpcp_view\">\n\t\t<figure>\n\t\t\t<img decoding=\"async\" class=\"skip-lazy\" src=\"https:\/\/www.aarquiteta.com.br\/blog\/wp-content\/uploads\/2023\/10\/pendentes-para-sala-de-jantar01.jpg\" alt=\"pendentes para sala de jantar\" width=\"1024\" height=\"1024\" title=\"\">\t\t<\/figure>\n\t<\/a>\n\t\t<\/div>\n<\/div>\n\t<div class=\"swiper-slide\">\n\t<div class=\"wpcp-single-item\">\n\t\t\t<a class=\"wcp-light-box\" data-buttons='[\"close\"]' data-wpc_url='https:\/\/www.aarquiteta.com.br\/blog\/wp-content\/uploads\/2023\/10\/Luminarias-Pendentes-na-Sala-14.jpg' href=\"https:\/\/www.aarquiteta.com.br\/blog\/wp-content\/uploads\/2023\/10\/Luminarias-Pendentes-na-Sala-14.jpg\" data-fancybox=\"wpcp_view\">\n\t\t<figure>\n\t\t\t<img decoding=\"async\" class=\"skip-lazy\" src=\"https:\/\/www.aarquiteta.com.br\/blog\/wp-content\/uploads\/2023\/10\/Luminarias-Pendentes-na-Sala-14.jpg\" alt=\"Lumin\u00e1rias Pendentes na Sala: Como Escolher e Posicionar para um Ambiente Deslumbrante!\" width=\"1200\" height=\"800\" title=\"\">\t\t<\/figure>\n\t<\/a>\n\t\t<\/div>\n<\/div>\n\t<div class=\"swiper-slide\">\n\t<div class=\"wpcp-single-item\">\n\t\t\t<a class=\"wcp-light-box\" data-buttons='[\"close\"]' data-wpc_url='https:\/\/www.aarquiteta.com.br\/blog\/wp-content\/uploads\/2023\/10\/Luminarias-Pendentes-na-Sala-16.jpg' href=\"https:\/\/www.aarquiteta.com.br\/blog\/wp-content\/uploads\/2023\/10\/Luminarias-Pendentes-na-Sala-16.jpg\" data-fancybox=\"wpcp_view\">\n\t\t<figure>\n\t\t\t<img decoding=\"async\" class=\"skip-lazy\" src=\"https:\/\/www.aarquiteta.com.br\/blog\/wp-content\/uploads\/2023\/10\/Luminarias-Pendentes-na-Sala-16.jpg\" alt=\"Lumin\u00e1rias Pendentes na Sala: Como Escolher e Posicionar para um Ambiente Deslumbrante!\" width=\"1200\" height=\"800\" title=\"\">\t\t<\/figure>\n\t<\/a>\n\t\t<\/div>\n<\/div>\n\t<div class=\"swiper-slide\">\n\t<div class=\"wpcp-single-item\">\n\t\t\t<a class=\"wcp-light-box\" data-buttons='[\"close\"]' data-wpc_url='https:\/\/www.aarquiteta.com.br\/blog\/wp-content\/uploads\/2023\/10\/Luminarias-Pendentes-na-Sala-17.jpg' href=\"https:\/\/www.aarquiteta.com.br\/blog\/wp-content\/uploads\/2023\/10\/Luminarias-Pendentes-na-Sala-17.jpg\" data-fancybox=\"wpcp_view\">\n\t\t<figure>\n\t\t\t<img decoding=\"async\" class=\"skip-lazy\" src=\"https:\/\/www.aarquiteta.com.br\/blog\/wp-content\/uploads\/2023\/10\/Luminarias-Pendentes-na-Sala-17.jpg\" alt=\"Lumin\u00e1rias Pendentes na Sala: Como Escolher e Posicionar para um Ambiente Deslumbrante!\" width=\"1200\" height=\"800\" title=\"\">\t\t<\/figure>\n\t<\/a>\n\t\t<\/div>\n<\/div>\n\t<div class=\"swiper-slide\">\n\t<div class=\"wpcp-single-item\">\n\t\t\t<a class=\"wcp-light-box\" data-buttons='[\"close\"]' data-wpc_url='https:\/\/www.aarquiteta.com.br\/blog\/wp-content\/uploads\/2023\/10\/Luminarias-Pendentes-na-Sala-15.jpg' href=\"https:\/\/www.aarquiteta.com.br\/blog\/wp-content\/uploads\/2023\/10\/Luminarias-Pendentes-na-Sala-15.jpg\" data-fancybox=\"wpcp_view\">\n\t\t<figure>\n\t\t\t<img decoding=\"async\" class=\"skip-lazy\" src=\"https:\/\/www.aarquiteta.com.br\/blog\/wp-content\/uploads\/2023\/10\/Luminarias-Pendentes-na-Sala-15.jpg\" alt=\"Lumin\u00e1rias Pendentes na Sala: Como Escolher e Posicionar para um Ambiente Deslumbrante!\" width=\"1200\" height=\"800\" title=\"\">\t\t<\/figure>\n\t<\/a>\n\t\t<\/div>\n<\/div>\n\t<div class=\"swiper-slide\">\n\t<div class=\"wpcp-single-item\">\n\t\t\t<a class=\"wcp-light-box\" data-buttons='[\"close\"]' data-wpc_url='https:\/\/www.aarquiteta.com.br\/blog\/wp-content\/uploads\/2023\/10\/pendentes-para-sala-de-jantar03.jpg' href=\"https:\/\/www.aarquiteta.com.br\/blog\/wp-content\/uploads\/2023\/10\/pendentes-para-sala-de-jantar03.jpg\" data-fancybox=\"wpcp_view\">\n\t\t<figure>\n\t\t\t<img decoding=\"async\" class=\"skip-lazy\" src=\"https:\/\/www.aarquiteta.com.br\/blog\/wp-content\/uploads\/2023\/10\/pendentes-para-sala-de-jantar03.jpg\" alt=\"pendentes para sala de jantar\" width=\"1024\" height=\"1024\" title=\"\">\t\t<\/figure>\n\t<\/a>\n\t\t<\/div>\n<\/div>\n\t<div class=\"swiper-slide\">\n\t<div class=\"wpcp-single-item\">\n\t\t\t<a class=\"wcp-light-box\" data-buttons='[\"close\"]' data-wpc_url='https:\/\/www.aarquiteta.com.br\/blog\/wp-content\/uploads\/2023\/10\/pendentes-para-sala-de-jantar04.jpg' href=\"https:\/\/www.aarquiteta.com.br\/blog\/wp-content\/uploads\/2023\/10\/pendentes-para-sala-de-jantar04.jpg\" data-fancybox=\"wpcp_view\">\n\t\t<figure>\n\t\t\t<img decoding=\"async\" class=\"skip-lazy\" src=\"https:\/\/www.aarquiteta.com.br\/blog\/wp-content\/uploads\/2023\/10\/pendentes-para-sala-de-jantar04.jpg\" alt=\"pendentes para sala de jantar\" width=\"1024\" height=\"1024\" title=\"\">\t\t<\/figure>\n\t<\/a>\n\t\t<\/div>\n<\/div>\n\t<div class=\"swiper-slide\">\n\t<div class=\"wpcp-single-item\">\n\t\t\t<a class=\"wcp-light-box\" data-buttons='[\"close\"]' data-wpc_url='https:\/\/www.aarquiteta.com.br\/blog\/wp-content\/uploads\/2023\/10\/pendentes-para-sala-de-jantar02.jpg' href=\"https:\/\/www.aarquiteta.com.br\/blog\/wp-content\/uploads\/2023\/10\/pendentes-para-sala-de-jantar02.jpg\" data-fancybox=\"wpcp_view\">\n\t\t<figure>\n\t\t\t<img decoding=\"async\" class=\"skip-lazy\" src=\"https:\/\/www.aarquiteta.com.br\/blog\/wp-content\/uploads\/2023\/10\/pendentes-para-sala-de-jantar02.jpg\" alt=\"pendentes para sala de jantar\" width=\"1024\" height=\"1024\" title=\"\">\t\t<\/figure>\n\t<\/a>\n\t\t<\/div>\n<\/div>\n\t<div class=\"swiper-slide\">\n\t<div class=\"wpcp-single-item\">\n\t\t\t<a class=\"wcp-light-box\" data-buttons='[\"close\"]' data-wpc_url='https:\/\/www.aarquiteta.com.br\/blog\/wp-content\/uploads\/2023\/10\/Luminarias-Pendentes-na-Sala-6.jpg' href=\"https:\/\/www.aarquiteta.com.br\/blog\/wp-content\/uploads\/2023\/10\/Luminarias-Pendentes-na-Sala-6.jpg\" data-fancybox=\"wpcp_view\">\n\t\t<figure>\n\t\t\t<img decoding=\"async\" class=\"skip-lazy\" src=\"https:\/\/www.aarquiteta.com.br\/blog\/wp-content\/uploads\/2023\/10\/Luminarias-Pendentes-na-Sala-6.jpg\" alt=\"Lumin\u00e1rias Pendentes na Sala: Como Escolher e Posicionar para um Ambiente Deslumbrante!\" width=\"1200\" height=\"800\" title=\"\">\t\t<\/figure>\n\t<\/a>\n\t\t<\/div>\n<\/div>\n\t<div class=\"swiper-slide\">\n\t<div class=\"wpcp-single-item\">\n\t\t\t<a class=\"wcp-light-box\" data-buttons='[\"close\"]' data-wpc_url='https:\/\/www.aarquiteta.com.br\/blog\/wp-content\/uploads\/2023\/10\/Luminarias-Pendentes-na-Sala.jpg' href=\"https:\/\/www.aarquiteta.com.br\/blog\/wp-content\/uploads\/2023\/10\/Luminarias-Pendentes-na-Sala.jpg\" data-fancybox=\"wpcp_view\">\n\t\t<figure>\n\t\t\t<img decoding=\"async\" class=\"skip-lazy\" src=\"https:\/\/www.aarquiteta.com.br\/blog\/wp-content\/uploads\/2023\/10\/Luminarias-Pendentes-na-Sala.jpg\" alt=\"Lumin\u00e1rias Pendentes na Sala: Como Escolher e Posicionar para um Ambiente Deslumbrante!\" width=\"1200\" height=\"800\" title=\"\">\t\t<\/figure>\n\t<\/a>\n\t\t<\/div>\n<\/div>\n\t<div class=\"swiper-slide\">\n\t<div class=\"wpcp-single-item\">\n\t\t\t<a class=\"wcp-light-box\" data-buttons='[\"close\"]' data-wpc_url='https:\/\/www.aarquiteta.com.br\/blog\/wp-content\/uploads\/2023\/10\/Luminarias-Pendentes-na-Sala-8.jpg' href=\"https:\/\/www.aarquiteta.com.br\/blog\/wp-content\/uploads\/2023\/10\/Luminarias-Pendentes-na-Sala-8.jpg\" data-fancybox=\"wpcp_view\">\n\t\t<figure>\n\t\t\t<img decoding=\"async\" class=\"skip-lazy\" src=\"https:\/\/www.aarquiteta.com.br\/blog\/wp-content\/uploads\/2023\/10\/Luminarias-Pendentes-na-Sala-8.jpg\" alt=\"Lumin\u00e1rias Pendentes na Sala: Como Escolher e Posicionar para um Ambiente Deslumbrante!\" width=\"1200\" height=\"800\" title=\"\">\t\t<\/figure>\n\t<\/a>\n\t\t<\/div>\n<\/div>\n\t<div class=\"swiper-slide\">\n\t<div class=\"wpcp-single-item\">\n\t\t\t<a class=\"wcp-light-box\" data-buttons='[\"close\"]' data-wpc_url='https:\/\/www.aarquiteta.com.br\/blog\/wp-content\/uploads\/2022\/01\/1222-12.jpg' href=\"https:\/\/www.aarquiteta.com.br\/blog\/wp-content\/uploads\/2022\/01\/1222-12.jpg\" data-fancybox=\"wpcp_view\">\n\t\t<figure>\n\t\t\t<img decoding=\"async\" class=\"skip-lazy\" src=\"https:\/\/www.aarquiteta.com.br\/blog\/wp-content\/uploads\/2022\/01\/1222-12.jpg\" alt=\"Como decorar com pendentes aramados\" width=\"1459\" height=\"834\" title=\"\">\t\t<\/figure>\n\t<\/a>\n\t\t<\/div>\n<\/div>\n\t<div class=\"swiper-slide\">\n\t<div class=\"wpcp-single-item\">\n\t\t\t<a class=\"wcp-light-box\" data-buttons='[\"close\"]' data-wpc_url='https:\/\/www.aarquiteta.com.br\/blog\/wp-content\/uploads\/2022\/05\/pendente-aramado-na-decoracao.jpg' href=\"https:\/\/www.aarquiteta.com.br\/blog\/wp-content\/uploads\/2022\/05\/pendente-aramado-na-decoracao.jpg\" data-fancybox=\"wpcp_view\">\n\t\t<figure>\n\t\t\t<img decoding=\"async\" class=\"skip-lazy\" src=\"https:\/\/www.aarquiteta.com.br\/blog\/wp-content\/uploads\/2022\/05\/pendente-aramado-na-decoracao.jpg\" alt=\"Pendente Aramado - Inove na decora\u00e7\u00e3o!\" width=\"1200\" height=\"800\" title=\"\">\t\t<\/figure>\n\t<\/a>\n\t\t<\/div>\n<\/div>\n\t<div class=\"swiper-slide\">\n\t<div class=\"wpcp-single-item\">\n\t\t\t<a class=\"wcp-light-box\" data-buttons='[\"close\"]' data-wpc_url='https:\/\/www.aarquiteta.com.br\/blog\/wp-content\/uploads\/2022\/05\/pendente-aramado-diamante-cobre.jpg' href=\"https:\/\/www.aarquiteta.com.br\/blog\/wp-content\/uploads\/2022\/05\/pendente-aramado-diamante-cobre.jpg\" data-fancybox=\"wpcp_view\">\n\t\t<figure>\n\t\t\t<img decoding=\"async\" class=\"skip-lazy\" src=\"https:\/\/www.aarquiteta.com.br\/blog\/wp-content\/uploads\/2022\/05\/pendente-aramado-diamante-cobre.jpg\" alt=\"pendente-aramado-diamante-cobre\" width=\"500\" height=\"500\" title=\"\">\t\t<\/figure>\n\t<\/a>\n\t\t<\/div>\n<\/div>\n\t<div class=\"swiper-slide\">\n\t<div class=\"wpcp-single-item\">\n\t\t\t<a class=\"wcp-light-box\" data-buttons='[\"close\"]' data-wpc_url='https:\/\/www.aarquiteta.com.br\/blog\/wp-content\/uploads\/2022\/03\/pendente-aramado-5.jpg' href=\"https:\/\/www.aarquiteta.com.br\/blog\/wp-content\/uploads\/2022\/03\/pendente-aramado-5.jpg\" data-fancybox=\"wpcp_view\">\n\t\t<figure>\n\t\t\t<img decoding=\"async\" class=\"skip-lazy\" src=\"https:\/\/www.aarquiteta.com.br\/blog\/wp-content\/uploads\/2022\/03\/pendente-aramado-5.jpg\" alt=\"Pendente Aramado - Ilumina\u00e7\u00e3o Industrial Moderna!\" width=\"1200\" height=\"800\" title=\"\">\t\t<\/figure>\n\t<\/a>\n\t\t<\/div>\n<\/div>\n\t<div class=\"swiper-slide\">\n\t<div class=\"wpcp-single-item\">\n\t\t\t<a class=\"wcp-light-box\" data-buttons='[\"close\"]' data-wpc_url='https:\/\/www.aarquiteta.com.br\/blog\/wp-content\/uploads\/2022\/03\/pendente-aramado-6.jpg' href=\"https:\/\/www.aarquiteta.com.br\/blog\/wp-content\/uploads\/2022\/03\/pendente-aramado-6.jpg\" data-fancybox=\"wpcp_view\">\n\t\t<figure>\n\t\t\t<img decoding=\"async\" class=\"skip-lazy\" src=\"https:\/\/www.aarquiteta.com.br\/blog\/wp-content\/uploads\/2022\/03\/pendente-aramado-6.jpg\" alt=\"Pendente Aramado - Ilumina\u00e7\u00e3o Industrial Moderna!\" width=\"1200\" height=\"800\" title=\"\">\t\t<\/figure>\n\t<\/a>\n\t\t<\/div>\n<\/div>\n\t<div class=\"swiper-slide\">\n\t<div class=\"wpcp-single-item\">\n\t\t\t<a class=\"wcp-light-box\" data-buttons='[\"close\"]' data-wpc_url='https:\/\/www.aarquiteta.com.br\/blog\/wp-content\/uploads\/2022\/03\/pendente-aramado-7.jpg' href=\"https:\/\/www.aarquiteta.com.br\/blog\/wp-content\/uploads\/2022\/03\/pendente-aramado-7.jpg\" data-fancybox=\"wpcp_view\">\n\t\t<figure>\n\t\t\t<img decoding=\"async\" class=\"skip-lazy\" src=\"https:\/\/www.aarquiteta.com.br\/blog\/wp-content\/uploads\/2022\/03\/pendente-aramado-7.jpg\" alt=\"Pendente Aramado - Ilumina\u00e7\u00e3o Industrial Moderna!\" width=\"1200\" height=\"800\" title=\"\">\t\t<\/figure>\n\t<\/a>\n\t\t<\/div>\n<\/div>\n\t\t\t<\/div>\n\t\t\t\t\t<div class=\"wpcp-swiper-dots swiper-pagination\"><\/div>\n\t\t\t\t<!-- If we need navigation buttons -->\n\t\t\t<\/div>\n\t<\/div>\n<\/div>\n\n<h3>2. Valoriza\u00e7\u00e3o do im\u00f3vel<\/h3>\n<p>Na hora de vender ou alugar, um espa\u00e7o gourmet \u00e9 um diferencial e tanto. Os olhos dos interessados brilham ao se depararem com um cantinho t\u00e3o especial. \u00c9 aquele empurr\u00e3ozinho que faltava para fechar neg\u00f3cio!<\/p>\n<h3>3. Maior praticidade no preparo de refei\u00e7\u00f5es<\/h3>\n<figure style=\"width: 1024px\" class=\"wp-caption aligncenter\"><img decoding=\"async\" src=\"https:\/\/www.aarquiteta.com.br\/blog\/wp-content\/uploads\/2023\/12\/pendente-para-area-gourmet03.jpg\" alt=\"pendente para \u00e1rea gourmet\" width=\"1024\" height=\"1024\" title=\"\"><figcaption class=\"wp-caption-text\">pendente para \u00e1rea gourmet<\/figcaption><\/figure>\n<p>Com tudo \u00e0 m\u00e3o e um layout pensado para facilitar a vida, a \u00e1rea gourmet torna o ato de cozinhar muito mais pr\u00e1tico. E vamos combinar, praticidade \u00e9 tudo que a gente precisa no dia a dia corrido, n\u00e9?<\/p>\n<h3>4. Possibilidade de personaliza\u00e7\u00e3o<\/h3>\n<p>Aqui, o limite \u00e9 a sua criatividade. Quer uma decora\u00e7\u00e3o r\u00fastica ou prefere algo moderno? A \u00e1rea gourmet \u00e9 sua tela em branco, pronta para refletir seu estilo e personalidade.<\/p>\n[amazon table=&#8221;88222&#8243;]\n<h3>5. Ambiente aconchegante e confort\u00e1vel<\/h3>\n<p>Al\u00e9m de funcional, a \u00e1rea gourmet \u00e9 um convite ao conforto. Sof\u00e1s, almofadas, uma boa m\u00fasica e, claro, uma comida deliciosa. Tudo isso cria um ambiente onde todos se sentem em casa.<\/p>\n<h3>6. Integra\u00e7\u00e3o com outros ambientes<\/h3>\n<figure style=\"width: 1024px\" class=\"wp-caption aligncenter\"><img decoding=\"async\" src=\"https:\/\/www.aarquiteta.com.br\/blog\/wp-content\/uploads\/2023\/12\/pendente-para-area-gourmet02.jpg\" alt=\"pendente para \u00e1rea gourmet\" width=\"1024\" height=\"1024\" title=\"\"><figcaption class=\"wp-caption-text\">pendente para \u00e1rea gourmet<\/figcaption><\/figure>\n<p>A integra\u00e7\u00e3o com a sala de estar, varanda ou jardim faz com que a \u00e1rea gourmet se torne o cora\u00e7\u00e3o da casa, onde tudo acontece e ningu\u00e9m fica de fora da conversa, mesmo que esteja cuidando do jantar.<\/p>\n<h3>7. Versatilidade no uso do espa\u00e7o<\/h3>\n<p>De um jantar rom\u00e2ntico a uma festa de anivers\u00e1rio, a \u00e1rea gourmet se adapta a qualquer evento. \u00c9 s\u00f3 mudar a decora\u00e7\u00e3o e o card\u00e1pio que o espa\u00e7o se transforma!<\/p>\n<h3>8. Facilidade na organiza\u00e7\u00e3o e limpeza<\/h3>\n<figure style=\"width: 1024px\" class=\"wp-caption aligncenter\"><img decoding=\"async\" src=\"https:\/\/www.aarquiteta.com.br\/blog\/wp-content\/uploads\/2023\/12\/pendente-para-area-gourmet01.jpg\" alt=\"pendente para \u00e1rea gourmet\" width=\"1024\" height=\"1024\" title=\"\"><figcaption class=\"wp-caption-text\">pendente para \u00e1rea gourmet<\/figcaption><\/figure>\n<p>Projetada para ser pr\u00e1tica, a \u00e1rea gourmet facilita na hora da limpeza. Materiais resistentes e de f\u00e1cil manuten\u00e7\u00e3o s\u00e3o os melhores amigos de quem n\u00e3o quer perder tempo esfregando manchas.<\/p>\n<h3>9. Possibilidade de ter uma churrasqueira<\/h3>\n<p>Churrasco \u00e9 paix\u00e3o nacional, e ter uma churrasqueira em casa \u00e9 um sonho para muitos. Na \u00e1rea gourmet, esse sonho vira realidade e ainda sem fuma\u00e7a invadindo a sala!<\/p>\n<blockquote><p><i>Curiosidade: Voc\u00ea sabia que o termo &#8220;gourmet&#8221; tem origem francesa e era usado inicialmente para descrever um conhecedor de vinhos? Hoje, ele se refere a tudo que \u00e9 refinado e de alta qualidade na culin\u00e1ria. Quem diria que aquele cantinho da churrasqueira poderia ser t\u00e3o chique, hein?<\/i><\/p><\/blockquote>\n<h3>10. Maior valoriza\u00e7\u00e3o dos momentos de lazer<\/h3>\n<p>Com uma \u00e1rea gourmet, cada minuto de descanso \u00e9 aproveitado ao m\u00e1ximo. \u00c9 o seu ref\u00fagio particular para desfrutar da vida sem pressa e com muito sabor.<\/p>\n<h3>11. Est\u00edmulo \u00e0 criatividade culin\u00e1ria<\/h3>\n<p>Com um espa\u00e7o desses, at\u00e9 quem n\u00e3o se considera um mestre-cuca se arrisca a experimentar novas receitas. E n\u00e3o \u00e9 que a comida feita em casa tem outro gostinho?<\/p>\n<h3>12. Possibilidade de economizar dinheiro<\/h3>\n<p>Com um cantinho gourmet todo equipado, a tenta\u00e7\u00e3o de comer fora diminui. E o bolso agradece, viu? Al\u00e9m de ser mais saud\u00e1vel, cozinhar em casa \u00e9 uma economia e tanto!<\/p>\n<p><iframe title=\"19 Modelos lindos de pendente para \u00e1rea gourmet - Dicas de decora\u00e7\u00e3o area gourmet\ud83d\udca1\" width=\"696\" height=\"392\" src=\"https:\/\/www.youtube.com\/embed\/dgs0wwctllw?feature=oembed\" frameborder=\"0\" allow=\"accelerometer; autoplay; clipboard-write; encrypted-media; gyroscope; picture-in-picture; web-share\" allowfullscreen><\/iframe><\/p>\n<h2>Perguntas Frequentes:<\/h2>\n<h3>Quais s\u00e3o os principais elementos que comp\u00f5em uma \u00e1rea gourmet?<\/h3>\n<p>Uma boa \u00e1rea gourmet conta com churrasqueira, pia, bancadas, arm\u00e1rios, eletrodom\u00e9sticos como cooktop e forno, al\u00e9m de uma mesa confort\u00e1vel para as refei\u00e7\u00f5es e, claro, uma decora\u00e7\u00e3o de dar inveja.<\/p>\n<h3>\u00c9 necess\u00e1rio ter um espa\u00e7o grande para ter uma \u00e1rea gourmet em casa?<\/h3>\n<p>Que nada! Com um bom planejamento, at\u00e9 os espa\u00e7os mais compactos podem abrigar uma \u00e1rea gourmet charmosa e funcional. \u00c9 tudo uma quest\u00e3o de otimizar o que voc\u00ea tem dispon\u00edvel.<\/p>\n<h3>Quais s\u00e3o as tend\u00eancias atuais para \u00e1reas gourmet?<\/h3>\n<p>As tend\u00eancias apontam para a sustentabilidade, com o uso de materiais ecol\u00f3gicos, e a tecnologia, com eletrodom\u00e9sticos inteligentes. Al\u00e9m disso, a integra\u00e7\u00e3o com a natureza e o uso de cores vibrantes est\u00e3o em alta.<\/p>\n<p>Em resumo, ter uma \u00e1rea gourmet em casa \u00e9 sin\u00f4nimo de bons momentos e muita comodidade. \u00c9 aquele cantinho especial que reflete quem voc\u00ea \u00e9 e como gosta de viver. E a\u00ed, j\u00e1 est\u00e1 imaginando os sabores e sorrisos que a sua \u00e1rea gourmet vai proporcionar?<\/p>\n","protected":false},"excerpt":{"rendered":"<p>Reinvente seu espa\u00e7o com ideias incr\u00edveis para pendente para \u00e1rea gourmet. Confira agora!<\/p>\n","protected":false},"author":102,"featured_media":102746,"comment_status":"closed","ping_status":"closed","sticky":false,"template":"","format":"standard","meta":{"footnotes":""},"categories":[35414,1484,20353,35390],"tags":[],"class_list":["post-102748","post","type-post","status-publish","format-standard","has-post-thumbnail","category-acessorios-para-decoracao","category-decoracao","category-home-decor","category-pendentes-e-luminarias"],"_wp_attached_file":null,"_wp_attachment_metadata":null,"_wp_attachment_context":null,"_wp_attachment_is_custom_header":null,"geo_longitude":null,"geo_public":null,"geo_latitude":null,"_publicize_done_external":null,"_wpas_done_3897181":null,"publicize_twitter_user":null,"_wpas_done_3897175":null,"_wpas_skip_3897181":null,"_wpas_skip_3897175":null,"_wpas_skip_3924723":null,"_wpas_mess":null,"_wpas_done_3924723":null,"wps_subtitle":"","_links":{"self":[{"href":"https:\/\/www.aarquiteta.com.br\/blog\/wp-json\/wp\/v2\/posts\/102748","targetHints":{"allow":["GET"]}}],"collection":[{"href":"https:\/\/www.aarquiteta.com.br\/blog\/wp-json\/wp\/v2\/posts"}],"about":[{"href":"https:\/\/www.aarquiteta.com.br\/blog\/wp-json\/wp\/v2\/types\/post"}],"author":[{"embeddable":true,"href":"https:\/\/www.aarquiteta.com.br\/blog\/wp-json\/wp\/v2\/users\/102"}],"replies":[{"embeddable":true,"href":"https:\/\/www.aarquiteta.com.br\/blog\/wp-json\/wp\/v2\/comments?post=102748"}],"version-history":[{"count":0,"href":"https:\/\/www.aarquiteta.com.br\/blog\/wp-json\/wp\/v2\/posts\/102748\/revisions"}],"wp:featuredmedia":[{"embeddable":true,"href":"https:\/\/www.aarquiteta.com.br\/blog\/wp-json\/wp\/v2\/media\/102746"}],"wp:attachment":[{"href":"https:\/\/www.aarquiteta.com.br\/blog\/wp-json\/wp\/v2\/media?parent=102748"}],"wp:term":[{"taxonomy":"category","embeddable":true,"href":"https:\/\/www.aarquiteta.com.br\/blog\/wp-json\/wp\/v2\/categories?post=102748"},{"taxonomy":"post_tag","embeddable":true,"href":"https:\/\/www.aarquiteta.com.br\/blog\/wp-json\/wp\/v2\/tags?post=102748"}],"curies":[{"name":"wp","href":"https:\/\/api.w.org\/{rel}","templated":true}]}}