{"id":102585,"date":"2023-12-18T12:00:43","date_gmt":"2023-12-18T15:00:43","guid":{"rendered":"http:\/\/aarquiteta.com.br\/?p=102585"},"modified":"2023-12-18T09:35:41","modified_gmt":"2023-12-18T12:35:41","slug":"nichos-de-parede","status":"publish","type":"post","link":"https:\/\/www.aarquiteta.com.br\/blog\/nichos-de-parede\/","title":{"rendered":"Nichos De Parede: 5 Dicas De Organiza\u00e7\u00e3o E Design."},"content":{"rendered":"<p>Quando se fala em decora\u00e7\u00e3o, cada detalhe conta, n\u00e3o \u00e9 mesmo? E os nichos de parede s\u00e3o aqueles detalhes que podem fazer toda a diferen\u00e7a. Eles s\u00e3o mais do que simples prateleiras; s\u00e3o elementos que trazem charme e funcionalidade para qualquer ambiente. Vamos explorar como esses pequenos espa\u00e7os podem ser grandes aliados na organiza\u00e7\u00e3o e est\u00e9tica do nosso lar:<\/p>\n<ul>\n<li>Organiza\u00e7\u00e3o e otimiza\u00e7\u00e3o de espa\u00e7o<\/li>\n<li>Destaque para objetos decorativos<\/li>\n<li>Versatilidade e personaliza\u00e7\u00e3o do ambiente<\/li>\n<li>Facilidade na limpeza e manuten\u00e7\u00e3o<\/li>\n<\/ul>\n<h3>Benef\u00edcios dos nichos de parede na decora\u00e7\u00e3o e otimiza\u00e7\u00e3o de espa\u00e7o<\/h3>\n<div class=\"mceTemp\"><\/div>\n<p>Se tem uma coisa que eu valorizo \u00e9 um ambiente bem organizado. E os nichos de parede? Ah, eles s\u00e3o mestres nisso! Eles aproveitam aquele espa\u00e7o vertical que muitas vezes fica esquecido e transformam em \u00e1rea \u00fatil. Livros, plantas, fotos&#8230; tudo fica mais arrumadinho e ao alcance dos olhos.<\/p>\n<h3>Destaque para objetos decorativos<\/h3>\n<figure style=\"width: 1024px\" class=\"wp-caption aligncenter\"><img decoding=\"async\" src=\"https:\/\/www.aarquiteta.com.br\/blog\/wp-content\/uploads\/2023\/12\/nichos-de-parede03.jpg\" alt=\"nichos de parede\" width=\"1024\" height=\"1024\" title=\"\"><figcaption class=\"wp-caption-text\">nichos de parede<\/figcaption><\/figure>\n<p>Sabe aquele vaso que voc\u00ea adora ou aquele souvenir da viagem inesquec\u00edvel? Os nichos s\u00e3o como palcos para essas pe\u00e7as, dando o destaque que elas merecem. E o melhor \u00e9 que voc\u00ea pode trocar os objetos quando quiser, renovando a decora\u00e7\u00e3o sem esfor\u00e7o.<\/p>\n<h3>Versatilidade na decora\u00e7\u00e3o<\/h3>\n<p>Com os nichos, a criatividade n\u00e3o tem limites. Eles podem ser quadrados, retangulares, redondos, e at\u00e9 em formatos mais ousados. D\u00e1 para brincar com as composi\u00e7\u00f5es e criar um visual \u00fanico para a sua parede.<\/p>\n<style id=\"wp_carousel_dynamic_css102593\">.sp-wp-carousel-free-id-102593.wpcf-fancybox-wrapper .fancybox-bg{background: #0b0b0b;opacity: 0.8;}.sp-wp-carousel-free-id-102593.wpcf-fancybox-wrapper .fancybox-navigation .fancybox-button .wpcp-fancybox-nav-arrow i {color: #ccc;}.sp-wp-carousel-free-id-102593.wpcf-fancybox-wrapper .fancybox-navigation .fancybox-button .wpcp-fancybox-nav-arrow i:hover {color: #fff;}.sp-wp-carousel-free-id-102593.wpcf-fancybox-wrapper .fancybox-navigation .fancybox-button {background: #1e1e1e;}.sp-wp-carousel-free-id-102593.wpcf-fancybox-wrapper .fancybox-navigation .fancybox-button:hover {background: #1e1e1e;}#sp-wp-carousel-free-id-102593 .wpcp-swiper-dots {margin: 40px 0px 0px 0px;}.wpcp-wrapper-102593 .swiper-wrapper .swiper-slide-kenburn, .wpcp-wrapper-102593 .swiper-wrapper, .wpcp-wrapper-102593 .wpcpro-row{align-items: center;}#sp-wp-carousel-free-id-102593 .wpcp-single-item {box-shadow: 0px 0px 0px 0px #dddddd;transition: all .3s;margin: 0px;}#sp-wp-carousel-free-id-102593.swiper-flip .wpcp-single-item{margin: 0!important;}#sp-wp-carousel-free-id-102593 .wpcp-single-item:hover {box-shadow: 0px 0px 0px 0px #dddddd;}#sp-wp-carousel-free-id-102593.sp-wpcp-102593 .wpcp-single-item {border: 1px solid #dddddd;}#sp-wp-carousel-free-id-102593.sp-wpcp-102593 .swiper-button-prev,#sp-wp-carousel-free-id-102593.sp-wpcp-102593 .swiper-button-next,#sp-wp-carousel-free-id-102593.sp-wpcp-102593 .swiper-button-prev:hover,#sp-wp-carousel-free-id-102593.sp-wpcp-102593 .swiper-button-next:hover {background: none;border: none;font-size: 30px;}#sp-wp-carousel-free-id-102593.sp-wpcp-102593 .swiper-button-prev i,#sp-wp-carousel-free-id-102593.sp-wpcp-102593 .swiper-button-next i {color: #aaa;}#sp-wp-carousel-free-id-102593.sp-wpcp-102593 .swiper-button-prev i:hover,#sp-wp-carousel-free-id-102593.sp-wpcp-102593 .swiper-button-next i:hover {color: #178087;}#sp-wp-carousel-free-id-102593.sp-wpcp-102593 .wpcp-swiper-dots .swiper-pagination-bullet {background-color: #cccccc;}#sp-wp-carousel-free-id-102593.sp-wpcp-102593 .wpcp-swiper-dots .swiper-pagination-bullet.swiper-pagination-bullet-active {background-color: #178087;} #sp-wp-carousel-free-id-102593.sp-wpcp-102593.wpcp-image-carousel .wpcp-single-item:hover img, #sp-wp-carousel-free-id-102593.sp-wpcp-102593.wpcp-post-carousel .wpcp-single-item:hover img, #sp-wp-carousel-free-id-102593.sp-wpcp-102593.wpcp-product-carousel .wpcp-single-item:hover img{-webkit-transform: scale(1.2);-moz-transform: scale(1.2);transform: scale(1.2);}#sp-wp-carousel-free-id-102593 .wpcpro-row>[class*=\"wpcpro-col-\"] { padding: 0 10px; padding-bottom: 20px;} #sp-wp-carousel-free-id-102593 .swiper-slide .single-item-fade:not(:last-child) { margin-right: 20px;}@media (min-width: 480px) { .wpcpro-row .wpcpro-col-sm-1 { flex: 0 0 100%; max-width: 100%; } .wpcpro-row .wpcpro-col-sm-2 { flex: 0 0 50%; max-width: 50%; } .wpcpro-row .wpcpro-col-sm-2-5 { flex: 0 0 75%; max-width: 75%; } .wpcpro-row .wpcpro-col-sm-3 { flex: 0 0 33.333%; max-width: 33.333%; } .wpcpro-row .wpcpro-col-sm-4 { flex: 0 0 25%; max-width: 25%; } .wpcpro-row .wpcpro-col-sm-5 { flex: 0 0 20%; max-width: 20%; } .wpcpro-row .wpcpro-col-sm-6 { flex: 0 0 16.66666666666667%; max-width: 16.66666666666667%; } .wpcpro-row .wpcpro-col-sm-7 { flex: 0 0 14.28571428%; max-width: 14.28571428%; } .wpcpro-row .wpcpro-col-sm-8 { flex: 0 0 12.5%; max-width: 12.5%; } } @media (max-width: 480px) { .wpcpro-row .wpcpro-col-xs-1 { flex: 0 0 100%; max-width: 100%; } .wpcpro-row .wpcpro-col-xs-2 { flex: 0 0 50%; max-width: 50%; } .wpcpro-row .wpcpro-col-xs-3 { flex: 0 0 33.222%; max-width: 33.222%; } .wpcpro-row .wpcpro-col-xs-4 { flex: 0 0 25%; max-width: 25%; } .wpcpro-row .wpcpro-col-xs-5 { flex: 0 0 20%; max-width: 20%; } .wpcpro-row .wpcpro-col-xs-6 { flex: 0 0 16.6667%; max-width: 16.6667%; } .wpcpro-row .wpcpro-col-xs-7 { flex: 0 0 14.28571428%; max-width: 14.28571428%; } .wpcpro-row .wpcpro-col-xs-8 { flex: 0 0 12.5%; max-width: 12.5%; } } @media (min-width: 736px) { .wpcpro-row .wpcpro-col-md-1 { flex: 0 0 100%; max-width: 100%; } .wpcpro-row .wpcpro-col-md-2 { flex: 0 0 50%; max-width: 50%; } .wpcpro-row .wpcpro-col-md-2-5 { flex: 0 0 75%; max-width: 75%; } .wpcpro-row .wpcpro-col-md-3 { flex: 0 0 33.333%; max-width: 33.333%; } .wpcpro-row .wpcpro-col-md-4 { flex: 0 0 25%; max-width: 25%; } .wpcpro-row .wpcpro-col-md-5 { flex: 0 0 20%; max-width: 20%; } .wpcpro-row .wpcpro-col-md-6 { flex: 0 0 16.66666666666667%; max-width: 16.66666666666667%; } .wpcpro-row .wpcpro-col-md-7 { flex: 0 0 14.28571428%; max-width: 14.28571428%; } .wpcpro-row .wpcpro-col-md-8 { flex: 0 0 12.5%; max-width: 12.5%; } } @media (min-width: 980px) { .wpcpro-row .wpcpro-col-lg-1 { flex: 0 0 100%; max-width: 100%; } .wpcpro-row .wpcpro-col-lg-2 { flex: 0 0 50%; max-width: 50%; } .wpcpro-row .wpcpro-col-lg-3 { flex: 0 0 33.222%; max-width: 33.222%; } .wpcpro-row .wpcpro-col-lg-4 { flex: 0 0 25%; max-width: 25%; } .wpcpro-row .wpcpro-col-lg-5 { flex: 0 0 20%; max-width: 20%; } .wpcpro-row .wpcpro-col-lg-6 { flex: 0 0 16.6667%; max-width: 16.6667%; } .wpcpro-row .wpcpro-col-lg-7 { flex: 0 0 14.28571428%; max-width: 14.28571428%; } .wpcpro-row .wpcpro-col-lg-8 { flex: 0 0 12.5%; max-width: 12.5%; } } @media (min-width: 1200px) { .wpcpro-row .wpcpro-col-xl-1 { flex: 0 0 100%; max-width: 100%; } .wpcpro-row .wpcpro-col-xl-2 { flex: 0 0 50%; max-width: 50%; } .wpcpro-row .wpcpro-col-xl-3 { flex: 0 0 33.22222222%; max-width: 33.22222222%; } .wpcpro-row .wpcpro-col-xl-4 { flex: 0 0 25%; max-width: 25%; } .wpcpro-row .wpcpro-col-xl-5 { flex: 0 0 20%; max-width: 20%; } .wpcpro-row .wpcpro-col-xl-6 { flex: 0 0 16.66667%; max-width: 16.66667%; } .wpcpro-row .wpcpro-col-xl-7 { flex: 0 0 14.28571428%; max-width: 14.28571428%; } .wpcpro-row .wpcpro-col-xl-8 { flex: 0 0 12.5%; max-width: 12.5%; } }<\/style><div class=\"wpcp-carousel-wrapper wpcp-wrapper-102593\">\n\t<div id=\"wpcp-preloader-102593\" class=\"wpcp-carousel-preloader\"><img decoding=\"async\" src=\"https:\/\/www.aarquiteta.com.br\/blog\/wp-content\/plugins\/wp-carousel-free\/public\/css\/spinner.svg\" alt=\"Preloader Image\" title=\"\"><\/div>\t<div class=\"wpcp-carousel-content-wrapper\">\n\t<div id=\"sp-wp-carousel-free-id-102593\" class=\"wpcp-carousel-section sp-wpcp-102593  nav-vertical-center wpcp-image-carousel wpcp-preloader wpcp-standard\" data-swiper='{ &quot;pagination_type&quot;: &quot;dots&quot;,&quot;accessibility&quot;:true, &quot;spaceBetween&quot;:20, &quot;arrows&quot;:false, &quot;freeMode&quot;: false, &quot;autoplay&quot;:true, &quot;effect&quot;: &quot;&quot;, &quot;centerMode&quot;: false, &quot;autoplaySpeed&quot;:3000, &quot;dots&quot;:true, &quot;infinite&quot;:true, &quot;speed&quot;:600, &quot;pauseOnHover&quot;:true,\n\t\t\t&quot;slidesToShow&quot;:{&quot;lg_desktop&quot;:5, &quot;desktop&quot;: 4, &quot;laptop&quot;: 3, &quot;tablet&quot;: 2, &quot;mobile&quot;: 1}, &quot;responsive&quot;:{&quot;desktop&quot;:1200, &quot;laptop&quot;: 980, &quot;tablet&quot;: 736, &quot;mobile&quot;: 480}, &quot;rtl&quot;:false, &quot;lazyLoad&quot;: &quot;false&quot;, &quot;swipe&quot;: true, &quot;draggable&quot;: true, &quot;swipeToSlide&quot;:false }' dir=\"ltr\">\n\t\t<div class=\"swiper-wrapper\">\n\t\t<div class=\"swiper-slide\">\n\t<div class=\"wpcp-single-item\">\n\t\t\t<a class=\"wcp-light-box\" data-buttons='[\"close\"]' data-wpc_url='https:\/\/www.aarquiteta.com.br\/blog\/wp-content\/uploads\/2023\/12\/nichos-de-parede03.jpg' href=\"https:\/\/www.aarquiteta.com.br\/blog\/wp-content\/uploads\/2023\/12\/nichos-de-parede03.jpg\" data-fancybox=\"wpcp_view\">\n\t\t<figure>\n\t\t\t<img decoding=\"async\" class=\"skip-lazy\" src=\"https:\/\/www.aarquiteta.com.br\/blog\/wp-content\/uploads\/2023\/12\/nichos-de-parede03.jpg\" alt=\"nichos de parede\" width=\"1024\" height=\"1024\" title=\"\">\t\t<\/figure>\n\t<\/a>\n\t\t<\/div>\n<\/div>\n\t<div class=\"swiper-slide\">\n\t<div class=\"wpcp-single-item\">\n\t\t\t<a class=\"wcp-light-box\" data-buttons='[\"close\"]' data-wpc_url='https:\/\/www.aarquiteta.com.br\/blog\/wp-content\/uploads\/2023\/12\/nichos-de-parede01.jpg' href=\"https:\/\/www.aarquiteta.com.br\/blog\/wp-content\/uploads\/2023\/12\/nichos-de-parede01.jpg\" data-fancybox=\"wpcp_view\">\n\t\t<figure>\n\t\t\t<img decoding=\"async\" class=\"skip-lazy\" src=\"https:\/\/www.aarquiteta.com.br\/blog\/wp-content\/uploads\/2023\/12\/nichos-de-parede01.jpg\" alt=\"nichos de parede\" width=\"1024\" height=\"1024\" title=\"\">\t\t<\/figure>\n\t<\/a>\n\t\t<\/div>\n<\/div>\n\t<div class=\"swiper-slide\">\n\t<div class=\"wpcp-single-item\">\n\t\t\t<a class=\"wcp-light-box\" data-buttons='[\"close\"]' data-wpc_url='https:\/\/www.aarquiteta.com.br\/blog\/wp-content\/uploads\/2023\/02\/nicho30-1.webp' href=\"https:\/\/www.aarquiteta.com.br\/blog\/wp-content\/uploads\/2023\/02\/nicho30-1.webp\" data-fancybox=\"wpcp_view\">\n\t\t<figure>\n\t\t\t<img decoding=\"async\" class=\"skip-lazy\" src=\"https:\/\/www.aarquiteta.com.br\/blog\/wp-content\/uploads\/2023\/02\/nicho30-1.webp\" alt=\"nicho30\" width=\"667\" height=\"1000\" title=\"\">\t\t<\/figure>\n\t<\/a>\n\t\t<\/div>\n<\/div>\n\t<div class=\"swiper-slide\">\n\t<div class=\"wpcp-single-item\">\n\t\t\t<a class=\"wcp-light-box\" data-buttons='[\"close\"]' data-wpc_url='https:\/\/www.aarquiteta.com.br\/blog\/wp-content\/uploads\/2023\/04\/Nichos-e-prateleiras-na-decoracao-5.png' href=\"https:\/\/www.aarquiteta.com.br\/blog\/wp-content\/uploads\/2023\/04\/Nichos-e-prateleiras-na-decoracao-5.png\" data-fancybox=\"wpcp_view\">\n\t\t<figure>\n\t\t\t<img decoding=\"async\" class=\"skip-lazy\" src=\"https:\/\/www.aarquiteta.com.br\/blog\/wp-content\/uploads\/2023\/04\/Nichos-e-prateleiras-na-decoracao-5.png\" alt=\"Como Fazer Prateleiras Flutuantes com DIY\" width=\"1456\" height=\"816\" title=\"\">\t\t<\/figure>\n\t<\/a>\n\t\t<\/div>\n<\/div>\n\t<div class=\"swiper-slide\">\n\t<div class=\"wpcp-single-item\">\n\t\t\t<a class=\"wcp-light-box\" data-buttons='[\"close\"]' data-wpc_url='https:\/\/www.aarquiteta.com.br\/blog\/wp-content\/uploads\/2023\/04\/Nichos-e-prateleiras-na-decoracao-4.png' href=\"https:\/\/www.aarquiteta.com.br\/blog\/wp-content\/uploads\/2023\/04\/Nichos-e-prateleiras-na-decoracao-4.png\" data-fancybox=\"wpcp_view\">\n\t\t<figure>\n\t\t\t<img decoding=\"async\" class=\"skip-lazy\" src=\"https:\/\/www.aarquiteta.com.br\/blog\/wp-content\/uploads\/2023\/04\/Nichos-e-prateleiras-na-decoracao-4.png\" alt=\"Como Fazer Prateleiras Flutuantes com DIY\" width=\"2048\" height=\"1148\" title=\"\">\t\t<\/figure>\n\t<\/a>\n\t\t<\/div>\n<\/div>\n\t<div class=\"swiper-slide\">\n\t<div class=\"wpcp-single-item\">\n\t\t\t<a class=\"wcp-light-box\" data-buttons='[\"close\"]' data-wpc_url='https:\/\/www.aarquiteta.com.br\/blog\/wp-content\/uploads\/2023\/02\/nicho17-1.webp' href=\"https:\/\/www.aarquiteta.com.br\/blog\/wp-content\/uploads\/2023\/02\/nicho17-1.webp\" data-fancybox=\"wpcp_view\">\n\t\t<figure>\n\t\t\t<img decoding=\"async\" class=\"skip-lazy\" src=\"https:\/\/www.aarquiteta.com.br\/blog\/wp-content\/uploads\/2023\/02\/nicho17-1.webp\" alt=\"nicho17\" width=\"564\" height=\"846\" title=\"\">\t\t<\/figure>\n\t<\/a>\n\t\t<\/div>\n<\/div>\n\t<div class=\"swiper-slide\">\n\t<div class=\"wpcp-single-item\">\n\t\t\t<a class=\"wcp-light-box\" data-buttons='[\"close\"]' data-wpc_url='https:\/\/www.aarquiteta.com.br\/blog\/wp-content\/uploads\/2023\/02\/nicho26.webp' href=\"https:\/\/www.aarquiteta.com.br\/blog\/wp-content\/uploads\/2023\/02\/nicho26.webp\" data-fancybox=\"wpcp_view\">\n\t\t<figure>\n\t\t\t<img decoding=\"async\" class=\"skip-lazy\" src=\"https:\/\/www.aarquiteta.com.br\/blog\/wp-content\/uploads\/2023\/02\/nicho26.webp\" alt=\"nicho26\" width=\"674\" height=\"900\" title=\"\">\t\t<\/figure>\n\t<\/a>\n\t\t<\/div>\n<\/div>\n\t<div class=\"swiper-slide\">\n\t<div class=\"wpcp-single-item\">\n\t\t\t<a class=\"wcp-light-box\" data-buttons='[\"close\"]' data-wpc_url='https:\/\/www.aarquiteta.com.br\/blog\/wp-content\/uploads\/2023\/02\/nicho30.webp' href=\"https:\/\/www.aarquiteta.com.br\/blog\/wp-content\/uploads\/2023\/02\/nicho30.webp\" data-fancybox=\"wpcp_view\">\n\t\t<figure>\n\t\t\t<img decoding=\"async\" class=\"skip-lazy\" src=\"https:\/\/www.aarquiteta.com.br\/blog\/wp-content\/uploads\/2023\/02\/nicho30.webp\" alt=\"nicho30\" width=\"667\" height=\"1000\" title=\"\">\t\t<\/figure>\n\t<\/a>\n\t\t<\/div>\n<\/div>\n\t<div class=\"swiper-slide\">\n\t<div class=\"wpcp-single-item\">\n\t\t\t<a class=\"wcp-light-box\" data-buttons='[\"close\"]' data-wpc_url='https:\/\/www.aarquiteta.com.br\/blog\/wp-content\/uploads\/2023\/02\/nicho16.webp' href=\"https:\/\/www.aarquiteta.com.br\/blog\/wp-content\/uploads\/2023\/02\/nicho16.webp\" data-fancybox=\"wpcp_view\">\n\t\t<figure>\n\t\t\t<img decoding=\"async\" class=\"skip-lazy\" src=\"https:\/\/www.aarquiteta.com.br\/blog\/wp-content\/uploads\/2023\/02\/nicho16.webp\" alt=\"nicho16\" width=\"664\" height=\"1000\" title=\"\">\t\t<\/figure>\n\t<\/a>\n\t\t<\/div>\n<\/div>\n\t<div class=\"swiper-slide\">\n\t<div class=\"wpcp-single-item\">\n\t\t\t<a class=\"wcp-light-box\" data-buttons='[\"close\"]' data-wpc_url='https:\/\/www.aarquiteta.com.br\/blog\/wp-content\/uploads\/2022\/06\/cropped-nicho7-e1656102466903.jpg' href=\"https:\/\/www.aarquiteta.com.br\/blog\/wp-content\/uploads\/2022\/06\/cropped-nicho7-e1656102466903.jpg\" data-fancybox=\"wpcp_view\">\n\t\t<figure>\n\t\t\t<img decoding=\"async\" class=\"skip-lazy\" src=\"https:\/\/www.aarquiteta.com.br\/blog\/wp-content\/uploads\/2022\/06\/cropped-nicho7-e1656102466903.jpg\" alt=\"nicho7\" width=\"640\" height=\"853\" title=\"\">\t\t<\/figure>\n\t<\/a>\n\t\t<\/div>\n<\/div>\n\t<div class=\"swiper-slide\">\n\t<div class=\"wpcp-single-item\">\n\t\t\t<a class=\"wcp-light-box\" data-buttons='[\"close\"]' data-wpc_url='https:\/\/www.aarquiteta.com.br\/blog\/wp-content\/uploads\/2022\/06\/nicho11.webp' href=\"https:\/\/www.aarquiteta.com.br\/blog\/wp-content\/uploads\/2022\/06\/nicho11.webp\" data-fancybox=\"wpcp_view\">\n\t\t<figure>\n\t\t\t<img decoding=\"async\" class=\"skip-lazy\" src=\"https:\/\/www.aarquiteta.com.br\/blog\/wp-content\/uploads\/2022\/06\/nicho11.webp\" alt=\"nicho11\" width=\"600\" height=\"898\" title=\"\">\t\t<\/figure>\n\t<\/a>\n\t\t<\/div>\n<\/div>\n\t<div class=\"swiper-slide\">\n\t<div class=\"wpcp-single-item\">\n\t\t\t<a class=\"wcp-light-box\" data-buttons='[\"close\"]' data-wpc_url='https:\/\/www.aarquiteta.com.br\/blog\/wp-content\/uploads\/2022\/10\/nichos.jpg' href=\"https:\/\/www.aarquiteta.com.br\/blog\/wp-content\/uploads\/2022\/10\/nichos.jpg\" data-fancybox=\"wpcp_view\">\n\t\t<figure>\n\t\t\t<img decoding=\"async\" class=\"skip-lazy\" src=\"https:\/\/www.aarquiteta.com.br\/blog\/wp-content\/uploads\/2022\/10\/nichos.jpg\" alt=\"nichos\" width=\"320\" height=\"320\" title=\"\">\t\t<\/figure>\n\t<\/a>\n\t\t<\/div>\n<\/div>\n\t<div class=\"swiper-slide\">\n\t<div class=\"wpcp-single-item\">\n\t\t\t<a class=\"wcp-light-box\" data-buttons='[\"close\"]' data-wpc_url='https:\/\/www.aarquiteta.com.br\/blog\/wp-content\/uploads\/2022\/10\/cropped-nicho7.jpg' href=\"https:\/\/www.aarquiteta.com.br\/blog\/wp-content\/uploads\/2022\/10\/cropped-nicho7.jpg\" data-fancybox=\"wpcp_view\">\n\t\t<figure>\n\t\t\t<img decoding=\"async\" class=\"skip-lazy\" src=\"https:\/\/www.aarquiteta.com.br\/blog\/wp-content\/uploads\/2022\/10\/cropped-nicho7.jpg\" alt=\"cropped-nicho7.jpg\" width=\"640\" height=\"853\" title=\"\">\t\t<\/figure>\n\t<\/a>\n\t\t<\/div>\n<\/div>\n\t<div class=\"swiper-slide\">\n\t<div class=\"wpcp-single-item\">\n\t\t\t<a class=\"wcp-light-box\" data-buttons='[\"close\"]' data-wpc_url='https:\/\/www.aarquiteta.com.br\/blog\/wp-content\/uploads\/2022\/10\/nichos7.webp' href=\"https:\/\/www.aarquiteta.com.br\/blog\/wp-content\/uploads\/2022\/10\/nichos7.webp\" data-fancybox=\"wpcp_view\">\n\t\t<figure>\n\t\t\t<img decoding=\"async\" class=\"skip-lazy\" src=\"https:\/\/www.aarquiteta.com.br\/blog\/wp-content\/uploads\/2022\/10\/nichos7.webp\" alt=\"nichos7\" width=\"960\" height=\"640\" title=\"\">\t\t<\/figure>\n\t<\/a>\n\t\t<\/div>\n<\/div>\n\t<div class=\"swiper-slide\">\n\t<div class=\"wpcp-single-item\">\n\t\t\t<a class=\"wcp-light-box\" data-buttons='[\"close\"]' data-wpc_url='https:\/\/www.aarquiteta.com.br\/blog\/wp-content\/uploads\/2022\/10\/nichos.webp' href=\"https:\/\/www.aarquiteta.com.br\/blog\/wp-content\/uploads\/2022\/10\/nichos.webp\" data-fancybox=\"wpcp_view\">\n\t\t<figure>\n\t\t\t<img decoding=\"async\" class=\"skip-lazy\" src=\"https:\/\/www.aarquiteta.com.br\/blog\/wp-content\/uploads\/2022\/10\/nichos.webp\" alt=\"nichos\" width=\"667\" height=\"659\" title=\"\">\t\t<\/figure>\n\t<\/a>\n\t\t<\/div>\n<\/div>\n\t<div class=\"swiper-slide\">\n\t<div class=\"wpcp-single-item\">\n\t\t\t<a class=\"wcp-light-box\" data-buttons='[\"close\"]' data-wpc_url='https:\/\/www.aarquiteta.com.br\/blog\/wp-content\/uploads\/2022\/10\/nichos6.jpg' href=\"https:\/\/www.aarquiteta.com.br\/blog\/wp-content\/uploads\/2022\/10\/nichos6.jpg\" data-fancybox=\"wpcp_view\">\n\t\t<figure>\n\t\t\t<img decoding=\"async\" class=\"skip-lazy\" src=\"https:\/\/www.aarquiteta.com.br\/blog\/wp-content\/uploads\/2022\/10\/nichos6.jpg\" alt=\"nichos6\" width=\"736\" height=\"549\" title=\"\">\t\t<\/figure>\n\t<\/a>\n\t\t<\/div>\n<\/div>\n\t<div class=\"swiper-slide\">\n\t<div class=\"wpcp-single-item\">\n\t\t\t<a class=\"wcp-light-box\" data-buttons='[\"close\"]' data-wpc_url='https:\/\/www.aarquiteta.com.br\/blog\/wp-content\/uploads\/2022\/10\/nichos4.webp' href=\"https:\/\/www.aarquiteta.com.br\/blog\/wp-content\/uploads\/2022\/10\/nichos4.webp\" data-fancybox=\"wpcp_view\">\n\t\t<figure>\n\t\t\t<img decoding=\"async\" class=\"skip-lazy\" src=\"https:\/\/www.aarquiteta.com.br\/blog\/wp-content\/uploads\/2022\/10\/nichos4.webp\" alt=\"nichos4\" width=\"740\" height=\"494\" title=\"\">\t\t<\/figure>\n\t<\/a>\n\t\t<\/div>\n<\/div>\n\t\t\t<\/div>\n\t\t\t\t\t<div class=\"wpcp-swiper-dots swiper-pagination\"><\/div>\n\t\t\t\t<!-- If we need navigation buttons -->\n\t\t\t<\/div>\n\t<\/div>\n<\/div>\n\n<h3>Personaliza\u00e7\u00e3o do ambiente<\/h3>\n<p>Quer deixar a casa com a sua cara? Os nichos permitem isso. Voc\u00ea pode escolher cores, materiais e acabamentos que combinem com o seu estilo e com a vibe que voc\u00ea quer para o espa\u00e7o.<\/p>\n<h3>Facilidade na limpeza e manuten\u00e7\u00e3o<\/h3>\n<figure style=\"width: 1024px\" class=\"wp-caption aligncenter\"><img decoding=\"async\" src=\"https:\/\/www.aarquiteta.com.br\/blog\/wp-content\/uploads\/2023\/12\/nichos-de-parede02.jpg\" alt=\"nichos de parede\" width=\"1024\" height=\"1024\" title=\"\"><figcaption class=\"wp-caption-text\">nichos de parede<\/figcaption><\/figure>\n<p>Outro ponto positivo \u00e9 que limpar os nichos \u00e9 moleza. Um paninho aqui, um espanador ali e voil\u00e0! Tudo limpinho e sem aquela complica\u00e7\u00e3o de m\u00f3veis grandes e pesados.<\/p>\n<h3>Acessibilidade e praticidade<\/h3>\n<p>Al\u00e9m de bonitos, os nichos s\u00e3o super pr\u00e1ticos. Eles deixam tudo ao alcance das m\u00e3os, facilitando o dia a dia. E para quem tem crian\u00e7as em casa, \u00e9 s\u00f3 instalar na altura certa para que os pequenos tamb\u00e9m possam usar.<\/p>\n<h3>Como escolher o nicho de parede ideal<\/h3>\n<figure style=\"width: 1024px\" class=\"wp-caption aligncenter\"><img decoding=\"async\" src=\"https:\/\/www.aarquiteta.com.br\/blog\/wp-content\/uploads\/2023\/12\/nichos-de-parede01.jpg\" alt=\"nichos de parede\" width=\"1024\" height=\"1024\" title=\"\"><figcaption class=\"wp-caption-text\">nichos de parede<\/figcaption><\/figure>\n<h3>Tamanho e propor\u00e7\u00e3o<\/h3>\n<p>Antes de sair comprando, \u00e9 bom dar uma olhada no espa\u00e7o dispon\u00edvel. Um nicho muito grande em uma parede pequena pode ficar estranho, e um muito pequeno pode nem ser notado. Ent\u00e3o, \u00e9 aquela hist\u00f3ria: tamanho \u00e9 documento sim!<\/p>\n<h3>Material e acabamento<\/h3>\n<p>Madeira, MDF, metal, vidro&#8230; as op\u00e7\u00f5es s\u00e3o muitas! Pense no que combina com o resto da decora\u00e7\u00e3o e tamb\u00e9m na durabilidade. E o acabamento, hein? Faz toda a diferen\u00e7a para um look mais sofisticado ou despojado.<\/p>\n<h3>Estilo e design<\/h3>\n<p>Cl\u00e1ssico, moderno, r\u00fastico&#8230; qual \u00e9 a sua praia? Escolha um nicho que converse com o estilo do seu cantinho. E n\u00e3o esque\u00e7a que o design tamb\u00e9m influencia na facilidade de limpeza e na forma de instala\u00e7\u00e3o.<\/p>\n<h3>Funcionalidade e uso<\/h3>\n<p>Pense bem no que voc\u00ea vai colocar nos nichos. Se for para livros, eles precisam ser mais resistentes. Se for s\u00f3 para enfeites leves, a\u00ed voc\u00ea tem mais liberdade na escolha.<\/p>\n<h3>Cores e combina\u00e7\u00f5es<\/h3>\n<p>As cores dos nichos podem dar um up na decora\u00e7\u00e3o ou criar um efeito mais clean. Brinque com as combina\u00e7\u00f5es ou aposte em um tom neutro que nunca d\u00e1 errado.<\/p>\n[amazon table=&#8221;82954&#8243;]\n<h3>Pre\u00e7o e custo-benef\u00edcio<\/h3>\n<p>Por fim, mas n\u00e3o menos importante: o pre\u00e7o. Compare as op\u00e7\u00f5es e veja o que vale mais a pena. \u00c0s vezes, um nicho mais caro pode ser mais dur\u00e1vel e bonito, compensando o investimento.<\/p>\n<h2>Como instalar um nicho de parede<\/h2>\n<h3>Escolha do local<\/h3>\n<p>Primeiro passo: decidir onde o nicho vai ficar. Pense na funcionalidade e na est\u00e9tica. E cuidado para n\u00e3o atrapalhar a circula\u00e7\u00e3o, hein?<\/p>\n<h3>Medi\u00e7\u00e3o e marca\u00e7\u00e3o<\/h3>\n<p>Com a fita m\u00e9trica em m\u00e3os, me\u00e7a direitinho e marque onde os suportes v\u00e3o ficar. Um n\u00edvel pode ajudar para que o nicho n\u00e3o fique torto.<\/p>\n<h3>Prepara\u00e7\u00e3o da parede<\/h3>\n<p>Verifique se a parede \u00e9 de alvenaria, drywall ou outro material, pois isso vai influenciar no tipo de fixa\u00e7\u00e3o. E n\u00e3o esque\u00e7a de checar se n\u00e3o tem nenhum cano ou fia\u00e7\u00e3o no caminho.<\/p>\n<blockquote><p>Voc\u00ea sabia que os nichos eram usados na arquitetura cl\u00e1ssica para abrigar est\u00e1tuas e obras de arte? Pois \u00e9, agora eles abrigam as suas preciosidades. Que tal come\u00e7ar a planejar os seus?<\/p><\/blockquote>\n<h3>Fixa\u00e7\u00e3o do nicho<\/h3>\n<p>Com as ferramentas certas, fa\u00e7a os furos e coloque os suportes. Depois \u00e9 s\u00f3 encaixar o nicho e&#8230; tcharan! Quase um m\u00e1gico da decora\u00e7\u00e3o.<\/p>\n<h3>Acabamento e finaliza\u00e7\u00e3o<\/h3>\n<p>Depois de fixar, d\u00ea uma olhada para ver se est\u00e1 tudo certinho. Se estiver, \u00e9 s\u00f3 partir para a decora\u00e7\u00e3o e encher seu novo nicho de personalidade.<\/p>\n<h3>Cuidados e manuten\u00e7\u00e3o<\/h3>\n<p>Para manter os nichos sempre bonitos, limpe-os regularmente e n\u00e3o sobrecarregue com peso demais. Assim, eles v\u00e3o durar bastante tempo.<\/p>\n<h2>Perguntas Frequentes<\/h2>\n<h3>Quais s\u00e3o os materiais mais comuns para nichos de parede?<\/h3>\n<p>Os mais comuns s\u00e3o MDF, madeira, vidro e metal. Cada um tem suas vantagens e estilos, ent\u00e3o vale a pena pesquisar um pouco antes de escolher.<\/p>\n<h3>\u00c9 poss\u00edvel fazer nichos de parede sob medida?<\/h3>\n<p>Com certeza! Se voc\u00ea quer algo que se encaixe perfeitamente no seu espa\u00e7o, os nichos sob medida s\u00e3o uma \u00f3tima op\u00e7\u00e3o. E o legal \u00e9 que voc\u00ea pode personalizar tudo, do tamanho ao acabamento.<\/p>\n<h3>Como combinar nichos de parede com outros elementos decorativos?<\/h3>\n<p>Olha, a dica de ouro \u00e9 buscar harmonia. Se voc\u00ea tem uma parede com quadros, por exemplo, pode escolher nichos de cores que complementem ou contrastem com as molduras. E lembre-se de que menos \u00e9 mais: n\u00e3o precisa encher de coisas para ficar bonito.<\/p>\n<p>Para finalizar, lembre-se de que os nichos de parede s\u00e3o mais do que simples prateleiras. Eles s\u00e3o express\u00f5es da sua personalidade e do seu estilo de vida. Com eles, voc\u00ea pode criar um ambiente que n\u00e3o s\u00f3 \u00e9 bonito e organizado, mas que tamb\u00e9m conta hist\u00f3rias e desperta emo\u00e7\u00f5es.<\/p>\n<p>&nbsp;<\/p>\n","protected":false},"excerpt":{"rendered":"<p>Descubra o segredo de uma nichos de parede perfeita. Inspire-se conosco!<\/p>\n","protected":false},"author":102,"featured_media":102581,"comment_status":"closed","ping_status":"closed","sticky":false,"template":"","format":"standard","meta":{"footnotes":""},"categories":[1484],"tags":[35076],"class_list":["post-102585","post","type-post","status-publish","format-standard","has-post-thumbnail","category-decoracao","tag-nicho-de-parede"],"_wp_attached_file":null,"_wp_attachment_metadata":null,"_wp_attachment_context":null,"_wp_attachment_is_custom_header":null,"geo_longitude":null,"geo_public":null,"geo_latitude":null,"_publicize_done_external":null,"_wpas_done_3897181":null,"publicize_twitter_user":null,"_wpas_done_3897175":null,"_wpas_skip_3897181":null,"_wpas_skip_3897175":null,"_wpas_skip_3924723":null,"_wpas_mess":null,"_wpas_done_3924723":null,"wps_subtitle":"","_links":{"self":[{"href":"https:\/\/www.aarquiteta.com.br\/blog\/wp-json\/wp\/v2\/posts\/102585","targetHints":{"allow":["GET"]}}],"collection":[{"href":"https:\/\/www.aarquiteta.com.br\/blog\/wp-json\/wp\/v2\/posts"}],"about":[{"href":"https:\/\/www.aarquiteta.com.br\/blog\/wp-json\/wp\/v2\/types\/post"}],"author":[{"embeddable":true,"href":"https:\/\/www.aarquiteta.com.br\/blog\/wp-json\/wp\/v2\/users\/102"}],"replies":[{"embeddable":true,"href":"https:\/\/www.aarquiteta.com.br\/blog\/wp-json\/wp\/v2\/comments?post=102585"}],"version-history":[{"count":0,"href":"https:\/\/www.aarquiteta.com.br\/blog\/wp-json\/wp\/v2\/posts\/102585\/revisions"}],"wp:featuredmedia":[{"embeddable":true,"href":"https:\/\/www.aarquiteta.com.br\/blog\/wp-json\/wp\/v2\/media\/102581"}],"wp:attachment":[{"href":"https:\/\/www.aarquiteta.com.br\/blog\/wp-json\/wp\/v2\/media?parent=102585"}],"wp:term":[{"taxonomy":"category","embeddable":true,"href":"https:\/\/www.aarquiteta.com.br\/blog\/wp-json\/wp\/v2\/categories?post=102585"},{"taxonomy":"post_tag","embeddable":true,"href":"https:\/\/www.aarquiteta.com.br\/blog\/wp-json\/wp\/v2\/tags?post=102585"}],"curies":[{"name":"wp","href":"https:\/\/api.w.org\/{rel}","templated":true}]}}