{"id":102542,"date":"2024-03-06T18:17:05","date_gmt":"2024-03-06T21:17:05","guid":{"rendered":"http:\/\/aarquiteta.com.br\/?p=102542"},"modified":"2024-06-27T16:52:50","modified_gmt":"2024-06-27T19:52:50","slug":"como-cuidar-de-orquideas-no-vaso-de-plastico-2","status":"publish","type":"post","link":"https:\/\/www.aarquiteta.com.br\/blog\/como-cuidar-de-orquideas-no-vaso-de-plastico-2\/","title":{"rendered":"Como Cuidar de Orqu\u00eddeas no Vaso de Pl\u00e1stico e Ter Sucesso Nas Flores!"},"content":{"rendered":"<p>Ol\u00e1, amantes das orqu\u00eddeas! Se voc\u00eas, assim como eu, s\u00e3o apaixonados por essas belezas ex\u00f3ticas, sabem que cuidar delas \u00e9 uma arte que requer aten\u00e7\u00e3o e carinho.<\/p>\n<p>Hoje, vou compartilhar com voc\u00eas algumas dicas de como cuidar de orqu\u00eddeas no vaso de pl\u00e1stico, garantindo que elas cres\u00e7am saud\u00e1veis e deslumbrantes. Vamos l\u00e1?<\/p>\n<ul>\n<li>Escolher o vaso de pl\u00e1stico certo \u00e9 o primeiro passo para o sucesso.<\/li>\n<li>Um substrato apropriado \u00e9 como um bom lar para as ra\u00edzes.<\/li>\n<li>Regar com equil\u00edbrio \u00e9 essencial \u2013 nem muito, nem pouco.<\/li>\n<li>A luz \u00e9 como o sorriso do sol para as orqu\u00eddeas, tem que ser na medida.<\/li>\n<li>Umidade \u00e9 sin\u00f4nimo de aconchego para essas plantas tropicais.<\/li>\n<li>Alimenta\u00e7\u00e3o regular com fertilizantes mant\u00e9m as orqu\u00eddeas fortes e vistosas.<\/li>\n<li>Manter pragas e doen\u00e7as longe \u00e9 como proteger um tesouro.<\/li>\n<li>A poda \u00e9 um toque de mestre para a sa\u00fade e beleza da planta.<\/li>\n<li>Temperatura agrad\u00e1vel \u00e9 como um abra\u00e7o quente no inverno ou uma brisa fresca no ver\u00e3o.<\/li>\n<li>Evitar o ac\u00famulo de \u00e1gua \u00e9 evitar que o p\u00e9 fique molhado, ningu\u00e9m gosta, n\u00e9?<\/li>\n<li>Trocar de vaso \u00e9 como renovar o guarda-roupa, necess\u00e1rio de tempos em tempos.<\/li>\n<li>Manter a orqu\u00eddea limpa \u00e9 como cuidar da pr\u00f3pria higiene, fundamental!<\/li>\n<\/ul>\n<h3>1. Escolha o vaso de pl\u00e1stico adequado<\/h3>\n<figure id=\"attachment_102462\" aria-describedby=\"caption-attachment-102462\" style=\"width: 1024px\" class=\"wp-caption alignnone\"><img decoding=\"async\" class=\"size-full wp-image-102462\" src=\"https:\/\/www.aarquiteta.com.br\/blog\/wp-content\/uploads\/2023\/12\/como-tirar-muda-de-orquidea03.jpg\" alt=\"como tirar muda de orqu\u00eddea\" width=\"1024\" height=\"1024\" title=\"\" srcset=\"https:\/\/www.aarquiteta.com.br\/blog\/wp-content\/uploads\/2023\/12\/como-tirar-muda-de-orquidea03.jpg 1024w, https:\/\/www.aarquiteta.com.br\/blog\/wp-content\/uploads\/2023\/12\/como-tirar-muda-de-orquidea03-696x696.jpg 696w, https:\/\/www.aarquiteta.com.br\/blog\/wp-content\/uploads\/2023\/12\/como-tirar-muda-de-orquidea03-96x96.jpg 96w, https:\/\/www.aarquiteta.com.br\/blog\/wp-content\/uploads\/2023\/12\/como-tirar-muda-de-orquidea03-150x150.jpg 150w\" sizes=\"(max-width: 1024px) 100vw, 1024px\" \/><figcaption id=\"caption-attachment-102462\" class=\"wp-caption-text\">como tirar muda de orqu\u00eddea<\/figcaption><\/figure>\n<p>Quem nunca ficou em d\u00favida na hora de escolher o vaso, que atire a primeira pedra! Mas \u00f3, n\u00e3o \u00e9 qualquer um que serve. O vaso de pl\u00e1stico precisa ter furos no fundo para drenagem e ser do tamanho certo para a sua orqu\u00eddea.<\/p>\n<p>Nem muito grande, nem muito pequeno, tem que ser na medida para as ra\u00edzes se sentirem em casa.<\/p>\n<style id=\"wp_carousel_dynamic_css102654\">.sp-wp-carousel-free-id-102654.wpcf-fancybox-wrapper .fancybox-bg{background: #0b0b0b;opacity: 0.8;}.sp-wp-carousel-free-id-102654.wpcf-fancybox-wrapper .fancybox-navigation .fancybox-button .wpcp-fancybox-nav-arrow i {color: #ccc;}.sp-wp-carousel-free-id-102654.wpcf-fancybox-wrapper .fancybox-navigation .fancybox-button .wpcp-fancybox-nav-arrow i:hover {color: #fff;}.sp-wp-carousel-free-id-102654.wpcf-fancybox-wrapper .fancybox-navigation .fancybox-button {background: #1e1e1e;}.sp-wp-carousel-free-id-102654.wpcf-fancybox-wrapper .fancybox-navigation .fancybox-button:hover {background: #1e1e1e;}#sp-wp-carousel-free-id-102654 .wpcp-swiper-dots {margin: 40px 0px 0px 0px;}.wpcp-wrapper-102654 .swiper-wrapper .swiper-slide-kenburn, .wpcp-wrapper-102654 .swiper-wrapper, .wpcp-wrapper-102654 .wpcpro-row{align-items: center;}#sp-wp-carousel-free-id-102654 .wpcp-single-item {box-shadow: 0px 0px 0px 0px #dddddd;transition: all .3s;margin: 0px;}#sp-wp-carousel-free-id-102654.swiper-flip .wpcp-single-item{margin: 0!important;}#sp-wp-carousel-free-id-102654 .wpcp-single-item:hover {box-shadow: 0px 0px 0px 0px #dddddd;}#sp-wp-carousel-free-id-102654.sp-wpcp-102654 .wpcp-single-item {border: 1px solid #dddddd;}#sp-wp-carousel-free-id-102654.sp-wpcp-102654 .swiper-button-prev,#sp-wp-carousel-free-id-102654.sp-wpcp-102654 .swiper-button-next,#sp-wp-carousel-free-id-102654.sp-wpcp-102654 .swiper-button-prev:hover,#sp-wp-carousel-free-id-102654.sp-wpcp-102654 .swiper-button-next:hover {background: none;border: none;font-size: 30px;}#sp-wp-carousel-free-id-102654.sp-wpcp-102654 .swiper-button-prev i,#sp-wp-carousel-free-id-102654.sp-wpcp-102654 .swiper-button-next i {color: #aaa;}#sp-wp-carousel-free-id-102654.sp-wpcp-102654 .swiper-button-prev i:hover,#sp-wp-carousel-free-id-102654.sp-wpcp-102654 .swiper-button-next i:hover {color: #178087;}#sp-wp-carousel-free-id-102654.sp-wpcp-102654 .wpcp-swiper-dots .swiper-pagination-bullet {background-color: #cccccc;}#sp-wp-carousel-free-id-102654.sp-wpcp-102654 .wpcp-swiper-dots .swiper-pagination-bullet.swiper-pagination-bullet-active {background-color: #178087;} #sp-wp-carousel-free-id-102654.sp-wpcp-102654.wpcp-image-carousel .wpcp-single-item:hover img, #sp-wp-carousel-free-id-102654.sp-wpcp-102654.wpcp-post-carousel .wpcp-single-item:hover img, #sp-wp-carousel-free-id-102654.sp-wpcp-102654.wpcp-product-carousel .wpcp-single-item:hover img{-webkit-transform: scale(1.2);-moz-transform: scale(1.2);transform: scale(1.2);}#sp-wp-carousel-free-id-102654 .wpcpro-row>[class*=\"wpcpro-col-\"] { padding: 0 10px; padding-bottom: 20px;} #sp-wp-carousel-free-id-102654 .swiper-slide .single-item-fade:not(:last-child) { margin-right: 20px;}@media (min-width: 480px) { .wpcpro-row .wpcpro-col-sm-1 { flex: 0 0 100%; max-width: 100%; } .wpcpro-row .wpcpro-col-sm-2 { flex: 0 0 50%; max-width: 50%; } .wpcpro-row .wpcpro-col-sm-2-5 { flex: 0 0 75%; max-width: 75%; } .wpcpro-row .wpcpro-col-sm-3 { flex: 0 0 33.333%; max-width: 33.333%; } .wpcpro-row .wpcpro-col-sm-4 { flex: 0 0 25%; max-width: 25%; } .wpcpro-row .wpcpro-col-sm-5 { flex: 0 0 20%; max-width: 20%; } .wpcpro-row .wpcpro-col-sm-6 { flex: 0 0 16.66666666666667%; max-width: 16.66666666666667%; } .wpcpro-row .wpcpro-col-sm-7 { flex: 0 0 14.28571428%; max-width: 14.28571428%; } .wpcpro-row .wpcpro-col-sm-8 { flex: 0 0 12.5%; max-width: 12.5%; } } @media (max-width: 480px) { .wpcpro-row .wpcpro-col-xs-1 { flex: 0 0 100%; max-width: 100%; } .wpcpro-row .wpcpro-col-xs-2 { flex: 0 0 50%; max-width: 50%; } .wpcpro-row .wpcpro-col-xs-3 { flex: 0 0 33.222%; max-width: 33.222%; } .wpcpro-row .wpcpro-col-xs-4 { flex: 0 0 25%; max-width: 25%; } .wpcpro-row .wpcpro-col-xs-5 { flex: 0 0 20%; max-width: 20%; } .wpcpro-row .wpcpro-col-xs-6 { flex: 0 0 16.6667%; max-width: 16.6667%; } .wpcpro-row .wpcpro-col-xs-7 { flex: 0 0 14.28571428%; max-width: 14.28571428%; } .wpcpro-row .wpcpro-col-xs-8 { flex: 0 0 12.5%; max-width: 12.5%; } } @media (min-width: 736px) { .wpcpro-row .wpcpro-col-md-1 { flex: 0 0 100%; max-width: 100%; } .wpcpro-row .wpcpro-col-md-2 { flex: 0 0 50%; max-width: 50%; } .wpcpro-row .wpcpro-col-md-2-5 { flex: 0 0 75%; max-width: 75%; } .wpcpro-row .wpcpro-col-md-3 { flex: 0 0 33.333%; max-width: 33.333%; } .wpcpro-row .wpcpro-col-md-4 { flex: 0 0 25%; max-width: 25%; } .wpcpro-row .wpcpro-col-md-5 { flex: 0 0 20%; max-width: 20%; } .wpcpro-row .wpcpro-col-md-6 { flex: 0 0 16.66666666666667%; max-width: 16.66666666666667%; } .wpcpro-row .wpcpro-col-md-7 { flex: 0 0 14.28571428%; max-width: 14.28571428%; } .wpcpro-row .wpcpro-col-md-8 { flex: 0 0 12.5%; max-width: 12.5%; } } @media (min-width: 980px) { .wpcpro-row .wpcpro-col-lg-1 { flex: 0 0 100%; max-width: 100%; } .wpcpro-row .wpcpro-col-lg-2 { flex: 0 0 50%; max-width: 50%; } .wpcpro-row .wpcpro-col-lg-3 { flex: 0 0 33.222%; max-width: 33.222%; } .wpcpro-row .wpcpro-col-lg-4 { flex: 0 0 25%; max-width: 25%; } .wpcpro-row .wpcpro-col-lg-5 { flex: 0 0 20%; max-width: 20%; } .wpcpro-row .wpcpro-col-lg-6 { flex: 0 0 16.6667%; max-width: 16.6667%; } .wpcpro-row .wpcpro-col-lg-7 { flex: 0 0 14.28571428%; max-width: 14.28571428%; } .wpcpro-row .wpcpro-col-lg-8 { flex: 0 0 12.5%; max-width: 12.5%; } } @media (min-width: 1200px) { .wpcpro-row .wpcpro-col-xl-1 { flex: 0 0 100%; max-width: 100%; } .wpcpro-row .wpcpro-col-xl-2 { flex: 0 0 50%; max-width: 50%; } .wpcpro-row .wpcpro-col-xl-3 { flex: 0 0 33.22222222%; max-width: 33.22222222%; } .wpcpro-row .wpcpro-col-xl-4 { flex: 0 0 25%; max-width: 25%; } .wpcpro-row .wpcpro-col-xl-5 { flex: 0 0 20%; max-width: 20%; } .wpcpro-row .wpcpro-col-xl-6 { flex: 0 0 16.66667%; max-width: 16.66667%; } .wpcpro-row .wpcpro-col-xl-7 { flex: 0 0 14.28571428%; max-width: 14.28571428%; } .wpcpro-row .wpcpro-col-xl-8 { flex: 0 0 12.5%; max-width: 12.5%; } }<\/style><div class=\"wpcp-carousel-wrapper wpcp-wrapper-102654\">\n\t<div id=\"wpcp-preloader-102654\" class=\"wpcp-carousel-preloader\"><img decoding=\"async\" src=\"https:\/\/www.aarquiteta.com.br\/blog\/wp-content\/plugins\/wp-carousel-free\/public\/css\/spinner.svg\" alt=\"Preloader Image\" title=\"\"><\/div>\t<div class=\"wpcp-carousel-content-wrapper\">\n\t<div id=\"sp-wp-carousel-free-id-102654\" class=\"wpcp-carousel-section sp-wpcp-102654  nav-vertical-center wpcp-image-carousel wpcp-preloader wpcp-standard\" data-swiper='{ &quot;pagination_type&quot;: &quot;dots&quot;,&quot;accessibility&quot;:true, &quot;spaceBetween&quot;:20, &quot;arrows&quot;:false, &quot;freeMode&quot;: false, &quot;autoplay&quot;:true, &quot;effect&quot;: &quot;&quot;, &quot;centerMode&quot;: false, &quot;autoplaySpeed&quot;:3000, &quot;dots&quot;:true, &quot;infinite&quot;:true, &quot;speed&quot;:600, &quot;pauseOnHover&quot;:true,\n\t\t\t&quot;slidesToShow&quot;:{&quot;lg_desktop&quot;:5, &quot;desktop&quot;: 4, &quot;laptop&quot;: 3, &quot;tablet&quot;: 2, &quot;mobile&quot;: 1}, &quot;responsive&quot;:{&quot;desktop&quot;:1200, &quot;laptop&quot;: 980, &quot;tablet&quot;: 736, &quot;mobile&quot;: 480}, &quot;rtl&quot;:false, &quot;lazyLoad&quot;: &quot;false&quot;, &quot;swipe&quot;: true, &quot;draggable&quot;: true, &quot;swipeToSlide&quot;:false }' dir=\"ltr\">\n\t\t<div class=\"swiper-wrapper\">\n\t\t<div class=\"swiper-slide\">\n\t<div class=\"wpcp-single-item\">\n\t\t\t<a class=\"wcp-light-box\" data-buttons='[\"close\"]' data-wpc_url='https:\/\/www.aarquiteta.com.br\/blog\/wp-content\/uploads\/2023\/12\/como-tirar-muda-de-orquidea03.jpg' href=\"https:\/\/www.aarquiteta.com.br\/blog\/wp-content\/uploads\/2023\/12\/como-tirar-muda-de-orquidea03.jpg\" data-fancybox=\"wpcp_view\">\n\t\t<figure>\n\t\t\t<img decoding=\"async\" class=\"skip-lazy\" src=\"https:\/\/www.aarquiteta.com.br\/blog\/wp-content\/uploads\/2023\/12\/como-tirar-muda-de-orquidea03.jpg\" alt=\"como tirar muda de orqu\u00eddea\" width=\"1024\" height=\"1024\" title=\"\">\t\t<\/figure>\n\t<\/a>\n\t\t<\/div>\n<\/div>\n\t<div class=\"swiper-slide\">\n\t<div class=\"wpcp-single-item\">\n\t\t\t<a class=\"wcp-light-box\" data-buttons='[\"close\"]' data-wpc_url='https:\/\/www.aarquiteta.com.br\/blog\/wp-content\/uploads\/2023\/12\/Tipos-de-Orquideas-do-Mato.jpg' href=\"https:\/\/www.aarquiteta.com.br\/blog\/wp-content\/uploads\/2023\/12\/Tipos-de-Orquideas-do-Mato.jpg\" data-fancybox=\"wpcp_view\">\n\t\t<figure>\n\t\t\t<img decoding=\"async\" class=\"skip-lazy\" src=\"https:\/\/www.aarquiteta.com.br\/blog\/wp-content\/uploads\/2023\/12\/Tipos-de-Orquideas-do-Mato.jpg\" alt=\"12 Tipos de Orqu\u00eddeas do Mato: Conhe\u00e7a e Cultive Estas Belezas Naturais\" width=\"1200\" height=\"800\" title=\"\">\t\t<\/figure>\n\t<\/a>\n\t\t<\/div>\n<\/div>\n\t<div class=\"swiper-slide\">\n\t<div class=\"wpcp-single-item\">\n\t\t\t<a class=\"wcp-light-box\" data-buttons='[\"close\"]' data-wpc_url='https:\/\/www.aarquiteta.com.br\/blog\/wp-content\/uploads\/2023\/12\/Orquidea-Oncidium.jpg' href=\"https:\/\/www.aarquiteta.com.br\/blog\/wp-content\/uploads\/2023\/12\/Orquidea-Oncidium.jpg\" data-fancybox=\"wpcp_view\">\n\t\t<figure>\n\t\t\t<img decoding=\"async\" class=\"skip-lazy\" src=\"https:\/\/www.aarquiteta.com.br\/blog\/wp-content\/uploads\/2023\/12\/Orquidea-Oncidium.jpg\" alt=\"12 Tipos de Orqu\u00eddeas do Mato: Conhe\u00e7a e Cultive Estas Belezas Naturais\" width=\"1200\" height=\"800\" title=\"\">\t\t<\/figure>\n\t<\/a>\n\t\t<\/div>\n<\/div>\n\t<div class=\"swiper-slide\">\n\t<div class=\"wpcp-single-item\">\n\t\t\t<a class=\"wcp-light-box\" data-buttons='[\"close\"]' data-wpc_url='https:\/\/www.aarquiteta.com.br\/blog\/wp-content\/uploads\/2023\/12\/Orquidea-Phalaenopsis-5.jpg' href=\"https:\/\/www.aarquiteta.com.br\/blog\/wp-content\/uploads\/2023\/12\/Orquidea-Phalaenopsis-5.jpg\" data-fancybox=\"wpcp_view\">\n\t\t<figure>\n\t\t\t<img decoding=\"async\" class=\"skip-lazy\" src=\"https:\/\/www.aarquiteta.com.br\/blog\/wp-content\/uploads\/2023\/12\/Orquidea-Phalaenopsis-5.jpg\" alt=\"12 Tipos de Orqu\u00eddeas do Mato: Conhe\u00e7a e Cultive Estas Belezas Naturais\" width=\"1200\" height=\"800\" title=\"\">\t\t<\/figure>\n\t<\/a>\n\t\t<\/div>\n<\/div>\n\t<div class=\"swiper-slide\">\n\t<div class=\"wpcp-single-item\">\n\t\t\t<a class=\"wcp-light-box\" data-buttons='[\"close\"]' data-wpc_url='https:\/\/www.aarquiteta.com.br\/blog\/wp-content\/uploads\/2023\/12\/Orquidea-Miltonia.jpg' href=\"https:\/\/www.aarquiteta.com.br\/blog\/wp-content\/uploads\/2023\/12\/Orquidea-Miltonia.jpg\" data-fancybox=\"wpcp_view\">\n\t\t<figure>\n\t\t\t<img decoding=\"async\" class=\"skip-lazy\" src=\"https:\/\/www.aarquiteta.com.br\/blog\/wp-content\/uploads\/2023\/12\/Orquidea-Miltonia.jpg\" alt=\"12 Tipos de Orqu\u00eddeas do Mato: Conhe\u00e7a e Cultive Estas Belezas Naturais\" width=\"1200\" height=\"800\" title=\"\">\t\t<\/figure>\n\t<\/a>\n\t\t<\/div>\n<\/div>\n\t<div class=\"swiper-slide\">\n\t<div class=\"wpcp-single-item\">\n\t\t\t<a class=\"wcp-light-box\" data-buttons='[\"close\"]' data-wpc_url='https:\/\/www.aarquiteta.com.br\/blog\/wp-content\/uploads\/2023\/12\/Orquidea-Brassavola.jpg' href=\"https:\/\/www.aarquiteta.com.br\/blog\/wp-content\/uploads\/2023\/12\/Orquidea-Brassavola.jpg\" data-fancybox=\"wpcp_view\">\n\t\t<figure>\n\t\t\t<img decoding=\"async\" class=\"skip-lazy\" src=\"https:\/\/www.aarquiteta.com.br\/blog\/wp-content\/uploads\/2023\/12\/Orquidea-Brassavola.jpg\" alt=\"12 Tipos de Orqu\u00eddeas do Mato: Conhe\u00e7a e Cultive Estas Belezas Naturais\" width=\"1200\" height=\"800\" title=\"\">\t\t<\/figure>\n\t<\/a>\n\t\t<\/div>\n<\/div>\n\t<div class=\"swiper-slide\">\n\t<div class=\"wpcp-single-item\">\n\t\t\t<a class=\"wcp-light-box\" data-buttons='[\"close\"]' data-wpc_url='https:\/\/www.aarquiteta.com.br\/blog\/wp-content\/uploads\/2023\/12\/Orquidea-Stanhopea.jpg' href=\"https:\/\/www.aarquiteta.com.br\/blog\/wp-content\/uploads\/2023\/12\/Orquidea-Stanhopea.jpg\" data-fancybox=\"wpcp_view\">\n\t\t<figure>\n\t\t\t<img decoding=\"async\" class=\"skip-lazy\" src=\"https:\/\/www.aarquiteta.com.br\/blog\/wp-content\/uploads\/2023\/12\/Orquidea-Stanhopea.jpg\" alt=\"12 Tipos de Orqu\u00eddeas do Mato: Conhe\u00e7a e Cultive Estas Belezas Naturais\" width=\"1200\" height=\"800\" title=\"\">\t\t<\/figure>\n\t<\/a>\n\t\t<\/div>\n<\/div>\n\t<div class=\"swiper-slide\">\n\t<div class=\"wpcp-single-item\">\n\t\t\t<a class=\"wcp-light-box\" data-buttons='[\"close\"]' data-wpc_url='https:\/\/www.aarquiteta.com.br\/blog\/wp-content\/uploads\/2023\/12\/Orquidea-Maxillaria.jpg' href=\"https:\/\/www.aarquiteta.com.br\/blog\/wp-content\/uploads\/2023\/12\/Orquidea-Maxillaria.jpg\" data-fancybox=\"wpcp_view\">\n\t\t<figure>\n\t\t\t<img decoding=\"async\" class=\"skip-lazy\" src=\"https:\/\/www.aarquiteta.com.br\/blog\/wp-content\/uploads\/2023\/12\/Orquidea-Maxillaria.jpg\" alt=\"12 Tipos de Orqu\u00eddeas do Mato: Conhe\u00e7a e Cultive Estas Belezas Naturais\" width=\"1200\" height=\"800\" title=\"\">\t\t<\/figure>\n\t<\/a>\n\t\t<\/div>\n<\/div>\n\t<div class=\"swiper-slide\">\n\t<div class=\"wpcp-single-item\">\n\t\t\t<a class=\"wcp-light-box\" data-buttons='[\"close\"]' data-wpc_url='https:\/\/www.aarquiteta.com.br\/blog\/wp-content\/uploads\/2023\/12\/Orquidea-Epidendrum.jpg' href=\"https:\/\/www.aarquiteta.com.br\/blog\/wp-content\/uploads\/2023\/12\/Orquidea-Epidendrum.jpg\" data-fancybox=\"wpcp_view\">\n\t\t<figure>\n\t\t\t<img decoding=\"async\" class=\"skip-lazy\" src=\"https:\/\/www.aarquiteta.com.br\/blog\/wp-content\/uploads\/2023\/12\/Orquidea-Epidendrum.jpg\" alt=\"12 Tipos de Orqu\u00eddeas do Mato: Conhe\u00e7a e Cultive Estas Belezas Naturais\" width=\"1200\" height=\"800\" title=\"\">\t\t<\/figure>\n\t<\/a>\n\t\t<\/div>\n<\/div>\n\t<div class=\"swiper-slide\">\n\t<div class=\"wpcp-single-item\">\n\t\t\t<a class=\"wcp-light-box\" data-buttons='[\"close\"]' data-wpc_url='https:\/\/www.aarquiteta.com.br\/blog\/wp-content\/uploads\/2023\/12\/orquidea-vemelha.jpg' href=\"https:\/\/www.aarquiteta.com.br\/blog\/wp-content\/uploads\/2023\/12\/orquidea-vemelha.jpg\" data-fancybox=\"wpcp_view\">\n\t\t<figure>\n\t\t\t<img decoding=\"async\" class=\"skip-lazy\" src=\"https:\/\/www.aarquiteta.com.br\/blog\/wp-content\/uploads\/2023\/12\/orquidea-vemelha.jpg\" alt=\"orquidea vemelha\" width=\"1200\" height=\"800\" title=\"\">\t\t<\/figure>\n\t<\/a>\n\t\t<\/div>\n<\/div>\n\t<div class=\"swiper-slide\">\n\t<div class=\"wpcp-single-item\">\n\t\t\t<a class=\"wcp-light-box\" data-buttons='[\"close\"]' data-wpc_url='https:\/\/www.aarquiteta.com.br\/blog\/wp-content\/uploads\/2023\/12\/orquidea-negra.jpg' href=\"https:\/\/www.aarquiteta.com.br\/blog\/wp-content\/uploads\/2023\/12\/orquidea-negra.jpg\" data-fancybox=\"wpcp_view\">\n\t\t<figure>\n\t\t\t<img decoding=\"async\" class=\"skip-lazy\" src=\"https:\/\/www.aarquiteta.com.br\/blog\/wp-content\/uploads\/2023\/12\/orquidea-negra.jpg\" alt=\"orquidea negra\" width=\"1200\" height=\"800\" title=\"\">\t\t<\/figure>\n\t<\/a>\n\t\t<\/div>\n<\/div>\n\t<div class=\"swiper-slide\">\n\t<div class=\"wpcp-single-item\">\n\t\t\t<a class=\"wcp-light-box\" data-buttons='[\"close\"]' data-wpc_url='https:\/\/www.aarquiteta.com.br\/blog\/wp-content\/uploads\/2023\/11\/como-salvar-orquideas-com-folhas-amarelas03.jpg' href=\"https:\/\/www.aarquiteta.com.br\/blog\/wp-content\/uploads\/2023\/11\/como-salvar-orquideas-com-folhas-amarelas03.jpg\" data-fancybox=\"wpcp_view\">\n\t\t<figure>\n\t\t\t<img decoding=\"async\" class=\"skip-lazy\" src=\"https:\/\/www.aarquiteta.com.br\/blog\/wp-content\/uploads\/2023\/11\/como-salvar-orquideas-com-folhas-amarelas03.jpg\" alt=\"como salvar orqu\u00eddeas com folhas amarelas\" width=\"1024\" height=\"1024\" title=\"\">\t\t<\/figure>\n\t<\/a>\n\t\t<\/div>\n<\/div>\n\t<div class=\"swiper-slide\">\n\t<div class=\"wpcp-single-item\">\n\t\t\t<a class=\"wcp-light-box\" data-buttons='[\"close\"]' data-wpc_url='https:\/\/www.aarquiteta.com.br\/blog\/wp-content\/uploads\/2023\/11\/como-salvar-orquideas-com-folhas-amarelas02.jpg' href=\"https:\/\/www.aarquiteta.com.br\/blog\/wp-content\/uploads\/2023\/11\/como-salvar-orquideas-com-folhas-amarelas02.jpg\" data-fancybox=\"wpcp_view\">\n\t\t<figure>\n\t\t\t<img decoding=\"async\" class=\"skip-lazy\" src=\"https:\/\/www.aarquiteta.com.br\/blog\/wp-content\/uploads\/2023\/11\/como-salvar-orquideas-com-folhas-amarelas02.jpg\" alt=\"como salvar orqu\u00eddeas com folhas amarelas\" width=\"1024\" height=\"1024\" title=\"\">\t\t<\/figure>\n\t<\/a>\n\t\t<\/div>\n<\/div>\n\t<div class=\"swiper-slide\">\n\t<div class=\"wpcp-single-item\">\n\t\t\t<a class=\"wcp-light-box\" data-buttons='[\"close\"]' data-wpc_url='https:\/\/www.aarquiteta.com.br\/blog\/wp-content\/uploads\/2023\/11\/orquidea-flor-roxo.jpg' href=\"https:\/\/www.aarquiteta.com.br\/blog\/wp-content\/uploads\/2023\/11\/orquidea-flor-roxo.jpg\" data-fancybox=\"wpcp_view\">\n\t\t<figure>\n\t\t\t<img decoding=\"async\" class=\"skip-lazy\" src=\"https:\/\/www.aarquiteta.com.br\/blog\/wp-content\/uploads\/2023\/11\/orquidea-flor-roxo.jpg\" alt=\"Flores Roxas: Como Cultivar e Encantar Com Suas Tonalidades\" width=\"1200\" height=\"800\" title=\"\">\t\t<\/figure>\n\t<\/a>\n\t\t<\/div>\n<\/div>\n\t<div class=\"swiper-slide\">\n\t<div class=\"wpcp-single-item\">\n\t\t\t<a class=\"wcp-light-box\" data-buttons='[\"close\"]' data-wpc_url='https:\/\/www.aarquiteta.com.br\/blog\/wp-content\/uploads\/2023\/11\/Orquidea-Phalaenopsis-1.jpg' href=\"https:\/\/www.aarquiteta.com.br\/blog\/wp-content\/uploads\/2023\/11\/Orquidea-Phalaenopsis-1.jpg\" data-fancybox=\"wpcp_view\">\n\t\t<figure>\n\t\t\t<img decoding=\"async\" class=\"skip-lazy\" src=\"https:\/\/www.aarquiteta.com.br\/blog\/wp-content\/uploads\/2023\/11\/Orquidea-Phalaenopsis-1.jpg\" alt=\"Orqu\u00eddea Phalaenopsis: Como Cultivar e Encantar Com Suas Flores!\" width=\"1200\" height=\"800\" title=\"\">\t\t<\/figure>\n\t<\/a>\n\t\t<\/div>\n<\/div>\n\t<div class=\"swiper-slide\">\n\t<div class=\"wpcp-single-item\">\n\t\t\t<a class=\"wcp-light-box\" data-buttons='[\"close\"]' data-wpc_url='https:\/\/www.aarquiteta.com.br\/blog\/wp-content\/uploads\/2023\/11\/Orquidea-Phalaenopsis-2.jpg' href=\"https:\/\/www.aarquiteta.com.br\/blog\/wp-content\/uploads\/2023\/11\/Orquidea-Phalaenopsis-2.jpg\" data-fancybox=\"wpcp_view\">\n\t\t<figure>\n\t\t\t<img decoding=\"async\" class=\"skip-lazy\" src=\"https:\/\/www.aarquiteta.com.br\/blog\/wp-content\/uploads\/2023\/11\/Orquidea-Phalaenopsis-2.jpg\" alt=\"Orqu\u00eddea Phalaenopsis: Como Cultivar e Encantar Com Suas Flores!\" width=\"1200\" height=\"800\" title=\"\">\t\t<\/figure>\n\t<\/a>\n\t\t<\/div>\n<\/div>\n\t<div class=\"swiper-slide\">\n\t<div class=\"wpcp-single-item\">\n\t\t\t<a class=\"wcp-light-box\" data-buttons='[\"close\"]' data-wpc_url='https:\/\/www.aarquiteta.com.br\/blog\/wp-content\/uploads\/2023\/11\/orquidea-Cymbidium-5.jpg' href=\"https:\/\/www.aarquiteta.com.br\/blog\/wp-content\/uploads\/2023\/11\/orquidea-Cymbidium-5.jpg\" data-fancybox=\"wpcp_view\">\n\t\t<figure>\n\t\t\t<img decoding=\"async\" class=\"skip-lazy\" src=\"https:\/\/www.aarquiteta.com.br\/blog\/wp-content\/uploads\/2023\/11\/orquidea-Cymbidium-5.jpg\" alt=\"Cymbidium: A Orqu\u00eddea Preferida dos Brasileiros e Seus Segredos de Cultivo\" width=\"1200\" height=\"800\" title=\"\">\t\t<\/figure>\n\t<\/a>\n\t\t<\/div>\n<\/div>\n\t<div class=\"swiper-slide\">\n\t<div class=\"wpcp-single-item\">\n\t\t\t<a class=\"wcp-light-box\" data-buttons='[\"close\"]' data-wpc_url='https:\/\/www.aarquiteta.com.br\/blog\/wp-content\/uploads\/2023\/11\/orquidea-phalaenopsis01.jpg' href=\"https:\/\/www.aarquiteta.com.br\/blog\/wp-content\/uploads\/2023\/11\/orquidea-phalaenopsis01.jpg\" data-fancybox=\"wpcp_view\">\n\t\t<figure>\n\t\t\t<img decoding=\"async\" class=\"skip-lazy\" src=\"https:\/\/www.aarquiteta.com.br\/blog\/wp-content\/uploads\/2023\/11\/orquidea-phalaenopsis01.jpg\" alt=\"orqu\u00eddea phalaenopsis\" width=\"1024\" height=\"1024\" title=\"\">\t\t<\/figure>\n\t<\/a>\n\t\t<\/div>\n<\/div>\n\t<div class=\"swiper-slide\">\n\t<div class=\"wpcp-single-item\">\n\t\t\t<a class=\"wcp-light-box\" data-buttons='[\"close\"]' data-wpc_url='https:\/\/www.aarquiteta.com.br\/blog\/wp-content\/uploads\/2023\/11\/orquidea-Cymbidium-3.jpg' href=\"https:\/\/www.aarquiteta.com.br\/blog\/wp-content\/uploads\/2023\/11\/orquidea-Cymbidium-3.jpg\" data-fancybox=\"wpcp_view\">\n\t\t<figure>\n\t\t\t<img decoding=\"async\" class=\"skip-lazy\" src=\"https:\/\/www.aarquiteta.com.br\/blog\/wp-content\/uploads\/2023\/11\/orquidea-Cymbidium-3.jpg\" alt=\"Cymbidium: A Orqu\u00eddea Preferida dos Brasileiros e Seus Segredos de Cultivo\" width=\"1200\" height=\"800\" title=\"\">\t\t<\/figure>\n\t<\/a>\n\t\t<\/div>\n<\/div>\n\t<div class=\"swiper-slide\">\n\t<div class=\"wpcp-single-item\">\n\t\t\t<a class=\"wcp-light-box\" data-buttons='[\"close\"]' data-wpc_url='https:\/\/www.aarquiteta.com.br\/blog\/wp-content\/uploads\/2023\/11\/orquidea-Cymbidium-4.jpg' href=\"https:\/\/www.aarquiteta.com.br\/blog\/wp-content\/uploads\/2023\/11\/orquidea-Cymbidium-4.jpg\" data-fancybox=\"wpcp_view\">\n\t\t<figure>\n\t\t\t<img decoding=\"async\" class=\"skip-lazy\" src=\"https:\/\/www.aarquiteta.com.br\/blog\/wp-content\/uploads\/2023\/11\/orquidea-Cymbidium-4.jpg\" alt=\"Cymbidium: A Orqu\u00eddea Preferida dos Brasileiros e Seus Segredos de Cultivo\" width=\"1200\" height=\"800\" title=\"\">\t\t<\/figure>\n\t<\/a>\n\t\t<\/div>\n<\/div>\n\t<div class=\"swiper-slide\">\n\t<div class=\"wpcp-single-item\">\n\t\t\t<a class=\"wcp-light-box\" data-buttons='[\"close\"]' data-wpc_url='https:\/\/www.aarquiteta.com.br\/blog\/wp-content\/uploads\/2023\/11\/planta-orquidea-azul-3.jpg' href=\"https:\/\/www.aarquiteta.com.br\/blog\/wp-content\/uploads\/2023\/11\/planta-orquidea-azul-3.jpg\" data-fancybox=\"wpcp_view\">\n\t\t<figure>\n\t\t\t<img decoding=\"async\" class=\"skip-lazy\" src=\"https:\/\/www.aarquiteta.com.br\/blog\/wp-content\/uploads\/2023\/11\/planta-orquidea-azul-3.jpg\" alt=\"Tend\u00eancia Atual: A Rara Orqu\u00eddea Azul Encanta o Mundo da Bot\u00e2nica!\" width=\"1200\" height=\"800\" title=\"\">\t\t<\/figure>\n\t<\/a>\n\t\t<\/div>\n<\/div>\n\t<div class=\"swiper-slide\">\n\t<div class=\"wpcp-single-item\">\n\t\t\t<a class=\"wcp-light-box\" data-buttons='[\"close\"]' data-wpc_url='https:\/\/www.aarquiteta.com.br\/blog\/wp-content\/uploads\/2023\/11\/planta-orquidea-azul-2.jpg' href=\"https:\/\/www.aarquiteta.com.br\/blog\/wp-content\/uploads\/2023\/11\/planta-orquidea-azul-2.jpg\" data-fancybox=\"wpcp_view\">\n\t\t<figure>\n\t\t\t<img decoding=\"async\" class=\"skip-lazy\" src=\"https:\/\/www.aarquiteta.com.br\/blog\/wp-content\/uploads\/2023\/11\/planta-orquidea-azul-2.jpg\" alt=\"Tend\u00eancia Atual: A Rara Orqu\u00eddea Azul Encanta o Mundo da Bot\u00e2nica!\" width=\"1200\" height=\"800\" title=\"\">\t\t<\/figure>\n\t<\/a>\n\t\t<\/div>\n<\/div>\n\t<div class=\"swiper-slide\">\n\t<div class=\"wpcp-single-item\">\n\t\t\t<a class=\"wcp-light-box\" data-buttons='[\"close\"]' data-wpc_url='https:\/\/www.aarquiteta.com.br\/blog\/wp-content\/uploads\/2023\/11\/orquidea-azul04.jpg' href=\"https:\/\/www.aarquiteta.com.br\/blog\/wp-content\/uploads\/2023\/11\/orquidea-azul04.jpg\" data-fancybox=\"wpcp_view\">\n\t\t<figure>\n\t\t\t<img decoding=\"async\" class=\"skip-lazy\" src=\"https:\/\/www.aarquiteta.com.br\/blog\/wp-content\/uploads\/2023\/11\/orquidea-azul04.jpg\" alt=\"orqu\u00eddea azul\" width=\"1024\" height=\"1024\" title=\"\">\t\t<\/figure>\n\t<\/a>\n\t\t<\/div>\n<\/div>\n\t<div class=\"swiper-slide\">\n\t<div class=\"wpcp-single-item\">\n\t\t\t<a class=\"wcp-light-box\" data-buttons='[\"close\"]' data-wpc_url='https:\/\/www.aarquiteta.com.br\/blog\/wp-content\/uploads\/2023\/10\/orquidea-vanda03.jpg' href=\"https:\/\/www.aarquiteta.com.br\/blog\/wp-content\/uploads\/2023\/10\/orquidea-vanda03.jpg\" data-fancybox=\"wpcp_view\">\n\t\t<figure>\n\t\t\t<img decoding=\"async\" class=\"skip-lazy\" src=\"https:\/\/www.aarquiteta.com.br\/blog\/wp-content\/uploads\/2023\/10\/orquidea-vanda03.jpg\" alt=\"orqu\u00eddea vanda\" width=\"1024\" height=\"1024\" title=\"\">\t\t<\/figure>\n\t<\/a>\n\t\t<\/div>\n<\/div>\n\t<div class=\"swiper-slide\">\n\t<div class=\"wpcp-single-item\">\n\t\t\t<a class=\"wcp-light-box\" data-buttons='[\"close\"]' data-wpc_url='https:\/\/www.aarquiteta.com.br\/blog\/wp-content\/uploads\/2023\/11\/orquidea-Cymbidium.jpg' href=\"https:\/\/www.aarquiteta.com.br\/blog\/wp-content\/uploads\/2023\/11\/orquidea-Cymbidium.jpg\" data-fancybox=\"wpcp_view\">\n\t\t<figure>\n\t\t\t<img decoding=\"async\" class=\"skip-lazy\" src=\"https:\/\/www.aarquiteta.com.br\/blog\/wp-content\/uploads\/2023\/11\/orquidea-Cymbidium.jpg\" alt=\"Cymbidium: A Orqu\u00eddea Preferida dos Brasileiros e Seus Segredos de Cultivo\" width=\"1200\" height=\"800\" title=\"\">\t\t<\/figure>\n\t<\/a>\n\t\t<\/div>\n<\/div>\n\t\t\t<\/div>\n\t\t\t\t\t<div class=\"wpcp-swiper-dots swiper-pagination\"><\/div>\n\t\t\t\t<!-- If we need navigation buttons -->\n\t\t\t<\/div>\n\t<\/div>\n<\/div>\n\n<h3>2. Use um substrato apropriado<\/h3>\n<p>Substrato \u00e9 tipo o colch\u00e3o da orqu\u00eddea, tem que ser confort\u00e1vel e adequado. Use materiais como casca de pinus, carv\u00e3o e fibra de coco.<\/p>\n<p>Eles ajudam na drenagem e na aera\u00e7\u00e3o, que s\u00e3o superimportantes para evitar que as ra\u00edzes apodre\u00e7am.<\/p>\n<h3>3. Regue corretamente<\/h3>\n<figure id=\"attachment_102460\" aria-describedby=\"caption-attachment-102460\" style=\"width: 1024px\" class=\"wp-caption alignnone\"><img decoding=\"async\" class=\"size-full wp-image-102460\" src=\"https:\/\/www.aarquiteta.com.br\/blog\/wp-content\/uploads\/2023\/12\/como-tirar-muda-de-orquidea01.jpg\" alt=\"como tirar muda de orqu\u00eddea\" width=\"1024\" height=\"1024\" title=\"\" srcset=\"https:\/\/www.aarquiteta.com.br\/blog\/wp-content\/uploads\/2023\/12\/como-tirar-muda-de-orquidea01.jpg 1024w, https:\/\/www.aarquiteta.com.br\/blog\/wp-content\/uploads\/2023\/12\/como-tirar-muda-de-orquidea01-696x696.jpg 696w, https:\/\/www.aarquiteta.com.br\/blog\/wp-content\/uploads\/2023\/12\/como-tirar-muda-de-orquidea01-96x96.jpg 96w, https:\/\/www.aarquiteta.com.br\/blog\/wp-content\/uploads\/2023\/12\/como-tirar-muda-de-orquidea01-150x150.jpg 150w\" sizes=\"(max-width: 1024px) 100vw, 1024px\" \/><figcaption id=\"caption-attachment-102460\" class=\"wp-caption-text\">como tirar muda de orqu\u00eddea<\/figcaption><\/figure>\n<p>Na rega, o segredo \u00e9 n\u00e3o afogar a coitada da planta. Orqu\u00eddeas gostam de umidade, mas n\u00e3o de encharcamento. Regue quando o substrato estiver come\u00e7ando a secar. E nada de molhar as folhas, hein? \u00c1gua s\u00f3 na terra, por favor!<\/p>\n<h3>4. Forne\u00e7a a quantidade certa de luz<\/h3>\n<p>Luz demais tosta, de menos deixa a planta triste. O ideal \u00e9 um local bem iluminado, mas sem sol direto, que pode queimar as folhas. Uma dica \u00e9 colocar a orqu\u00eddea perto de uma janela com cortina, para filtrar a luz.<\/p>\n[amazon table=&#8221;90132&#8243;]\n<h3>5. Mantenha a umidade adequada<\/h3>\n<p>Orqu\u00eddeas s\u00e3o como n\u00f3s em dia de cabelo ruim, precisam de umidade para ficarem bonitas. Se o ar estiver muito seco, um umidificador ou uma bandeja com \u00e1gua e pedras embaixo do vaso podem ajudar.<\/p>\n<h3>6. Fertilize regularmente<\/h3>\n<figure id=\"attachment_98192\" aria-describedby=\"caption-attachment-98192\" style=\"width: 1024px\" class=\"wp-caption alignnone\"><img decoding=\"async\" class=\"size-full wp-image-98192\" src=\"https:\/\/www.aarquiteta.com.br\/blog\/wp-content\/uploads\/2023\/10\/como-cuidar-de-orquideas-no-vaso-de-plastico04.jpg\" alt=\"como cuidar de orquideas no vaso de plastico\" width=\"1024\" height=\"1024\" title=\"\" srcset=\"https:\/\/www.aarquiteta.com.br\/blog\/wp-content\/uploads\/2023\/10\/como-cuidar-de-orquideas-no-vaso-de-plastico04.jpg 1024w, https:\/\/www.aarquiteta.com.br\/blog\/wp-content\/uploads\/2023\/10\/como-cuidar-de-orquideas-no-vaso-de-plastico04-150x150.jpg 150w, https:\/\/www.aarquiteta.com.br\/blog\/wp-content\/uploads\/2023\/10\/como-cuidar-de-orquideas-no-vaso-de-plastico04-696x696.jpg 696w, https:\/\/www.aarquiteta.com.br\/blog\/wp-content\/uploads\/2023\/10\/como-cuidar-de-orquideas-no-vaso-de-plastico04-96x96.jpg 96w\" sizes=\"(max-width: 1024px) 100vw, 1024px\" \/><figcaption id=\"caption-attachment-98192\" class=\"wp-caption-text\">como cuidar de orquideas no vaso de plastico<\/figcaption><\/figure>\n<p>Comida boa faz a orqu\u00eddea florescer. Use fertilizantes espec\u00edficos para orqu\u00eddeas e siga as instru\u00e7\u00f5es de dosagem. N\u00e3o exagere, porque assim como a gente, orqu\u00eddeas tamb\u00e9m podem ter indigest\u00e3o.<\/p>\n<h3>7. Proteja contra pragas e doen\u00e7as<\/h3>\n<p>Pragas e doen\u00e7as s\u00e3o como aqueles penetras em festa, ningu\u00e9m quer por perto. Mantenha um olho aberto para sinais de problemas e trate imediatamente com os produtos recomendados.<\/p>\n<p><iframe title=\"5 DICAS pra CUIDAR BEM de ORQU\u00cdDEAS\" width=\"696\" height=\"392\" src=\"https:\/\/www.youtube.com\/embed\/z_vPvK6nDu8?feature=oembed\" frameborder=\"0\" allow=\"accelerometer; autoplay; clipboard-write; encrypted-media; gyroscope; picture-in-picture; web-share\" allowfullscreen><\/iframe><\/p>\n<h3>8. Fa\u00e7a a poda adequada<\/h3>\n<p>Poda \u00e9 como cortar o cabelo, faz bem para a planta. Remova folhas secas e flores murchas para estimular o crescimento e a flora\u00e7\u00e3o.<\/p>\n<blockquote><p>curiosidade: voc\u00ea sabia que algumas orqu\u00eddeas podem viver at\u00e9 100 anos? Isso mesmo, com os cuidados certos, sua orqu\u00eddea pode ser quase imortal! Ent\u00e3o, bora cuidar bem dessas preciosidades!<\/p><\/blockquote>\n<h3>9. Monitore a temperatura<\/h3>\n<p>Orqu\u00eddeas n\u00e3o s\u00e3o f\u00e3s de extremos. Elas preferem temperaturas entre 15 e 25 graus Celsius. Ent\u00e3o, nada de deixar a planta no frio ou no calor\u00e3o.<\/p>\n<h3>10. Evite o ac\u00famulo de \u00e1gua no fundo do vaso<\/h3>\n<p>\u00c1gua parada no fundo do vaso \u00e9 roubada. Isso pode causar apodrecimento das ra\u00edzes. Ent\u00e3o, sempre esvazie o prato ap\u00f3s a rega.<\/p>\n<h3>11. Realize a troca de vaso quando necess\u00e1rio<\/h3>\n<p><img decoding=\"async\" class=\"alignnone size-full wp-image-74446\" src=\"https:\/\/www.aarquiteta.com.br\/blog\/wp-content\/uploads\/2023\/01\/orquidea5.png\" alt=\"\" width=\"709\" height=\"472\" title=\"\" srcset=\"https:\/\/www.aarquiteta.com.br\/blog\/wp-content\/uploads\/2023\/01\/orquidea5.png 709w, https:\/\/www.aarquiteta.com.br\/blog\/wp-content\/uploads\/2023\/01\/orquidea5-696x463.png 696w, https:\/\/www.aarquiteta.com.br\/blog\/wp-content\/uploads\/2023\/01\/orquidea5-150x100.png 150w\" sizes=\"(max-width: 709px) 100vw, 709px\" \/><\/p>\n<p>Orqu\u00eddea crescendo \u00e9 sinal de que est\u00e1 na hora de mudar de casa, ou melhor, de vaso. Fa\u00e7a isso a cada dois anos ou quando perceber que o substrato est\u00e1 degradado ou as ra\u00edzes est\u00e3o muito apertadas.<\/p>\n<h3>12. Mantenha a orqu\u00eddea limpa<\/h3>\n<p>Limpeza \u00e9 tudo! Remova poeira das folhas com um pano \u00famido. Isso ajuda na fotoss\u00edntese e deixa a planta mais bonita.<\/p>\n<h2>Perguntas Frequentes<\/h2>\n<h3>Como saber se estou regando a orqu\u00eddea na quantidade certa?<\/h3>\n<p>Olha, \u00e9 simples: toque o substrato com o dedo. Se estiver seco, \u00e9 hora de regar. Se ainda estiver \u00famido, espera mais um pouco. E lembre-se, \u00e9 melhor pecar pela falta do que pelo excesso de \u00e1gua.<\/p>\n<h3>Posso usar qualquer fertilizante na minha orqu\u00eddea?<\/h3>\n<p>N\u00e3o, n\u00e3o! Tem que ser um fertilizante espec\u00edfico para orqu\u00eddeas. Eles t\u00eam os nutrientes na medida certa para essas divas.<\/p>\n<h3>Quando \u00e9 o melhor momento para trocar o vaso da orqu\u00eddea?<\/h3>\n<p>Quando voc\u00ea notar que a orqu\u00eddea est\u00e1 apertada demais no vaso atual ou o substrato j\u00e1 n\u00e3o est\u00e1 mais cumprindo seu papel, \u00e9 hora de trocar. Geralmente, isso acontece a cada dois anos.<\/p>\n<p>Em resumo, cuidar de orqu\u00eddeas no vaso de pl\u00e1stico \u00e9 como cuidar de um bichinho de estima\u00e7\u00e3o: requer aten\u00e7\u00e3o, carinho e um pouquinho de conhecimento. Mas o resultado, ah, o resultado \u00e9 uma planta linda e saud\u00e1vel que vai encher sua casa de beleza e orgulho.<\/p>\n","protected":false},"excerpt":{"rendered":"<p>Dicas e truques essenciais sobre como cuidar de orquideas no vaso de plastico. Tudo para um jardim perfeito!<\/p>\n","protected":false},"author":102,"featured_media":102462,"comment_status":"closed","ping_status":"closed","sticky":false,"template":"","format":"standard","meta":{"footnotes":""},"categories":[9612,35428,35394],"tags":[35083,35082],"class_list":["post-102542","post","type-post","status-publish","format-standard","has-post-thumbnail","category-jardinagem","category-jardineiras-e-vasos-jardinagem","category-orquideas","tag-como-cuidar-de-orquideas-no-vaso-de-plastico","tag-cultivo-de-como-cuidar-de-orquideas-no-vaso-de-plastico"],"_wp_attached_file":null,"_wp_attachment_metadata":null,"_wp_attachment_context":null,"_wp_attachment_is_custom_header":null,"geo_longitude":null,"geo_public":null,"geo_latitude":null,"_publicize_done_external":null,"_wpas_done_3897181":null,"publicize_twitter_user":null,"_wpas_done_3897175":null,"_wpas_skip_3897181":null,"_wpas_skip_3897175":null,"_wpas_skip_3924723":null,"_wpas_mess":null,"_wpas_done_3924723":null,"wps_subtitle":"","_links":{"self":[{"href":"https:\/\/www.aarquiteta.com.br\/blog\/wp-json\/wp\/v2\/posts\/102542","targetHints":{"allow":["GET"]}}],"collection":[{"href":"https:\/\/www.aarquiteta.com.br\/blog\/wp-json\/wp\/v2\/posts"}],"about":[{"href":"https:\/\/www.aarquiteta.com.br\/blog\/wp-json\/wp\/v2\/types\/post"}],"author":[{"embeddable":true,"href":"https:\/\/www.aarquiteta.com.br\/blog\/wp-json\/wp\/v2\/users\/102"}],"replies":[{"embeddable":true,"href":"https:\/\/www.aarquiteta.com.br\/blog\/wp-json\/wp\/v2\/comments?post=102542"}],"version-history":[{"count":0,"href":"https:\/\/www.aarquiteta.com.br\/blog\/wp-json\/wp\/v2\/posts\/102542\/revisions"}],"wp:featuredmedia":[{"embeddable":true,"href":"https:\/\/www.aarquiteta.com.br\/blog\/wp-json\/wp\/v2\/media\/102462"}],"wp:attachment":[{"href":"https:\/\/www.aarquiteta.com.br\/blog\/wp-json\/wp\/v2\/media?parent=102542"}],"wp:term":[{"taxonomy":"category","embeddable":true,"href":"https:\/\/www.aarquiteta.com.br\/blog\/wp-json\/wp\/v2\/categories?post=102542"},{"taxonomy":"post_tag","embeddable":true,"href":"https:\/\/www.aarquiteta.com.br\/blog\/wp-json\/wp\/v2\/tags?post=102542"}],"curies":[{"name":"wp","href":"https:\/\/api.w.org\/{rel}","templated":true}]}}