{"id":102503,"date":"2023-12-20T12:00:39","date_gmt":"2023-12-20T15:00:39","guid":{"rendered":"http:\/\/aarquiteta.com.br\/?p=102503"},"modified":"2024-07-02T10:54:42","modified_gmt":"2024-07-02T13:54:42","slug":"cabeceira-de-madeira","status":"publish","type":"post","link":"https:\/\/www.aarquiteta.com.br\/blog\/cabeceira-de-madeira\/","title":{"rendered":"Cabeceira de Madeira: 5 Sugest\u00f5es Para Um Toque R\u00fastico e Moderno"},"content":{"rendered":"<p>Quando se trata de decorar o quarto, a escolha da cabeceira \u00e9 um detalhe que pode fazer toda a diferen\u00e7a. E se voc\u00ea est\u00e1 pensando em trazer um toque de eleg\u00e2ncia e aconchego, uma cabeceira de madeira pode ser a escolha perfeita. Vamos mergulhar no universo dessas pe\u00e7as charmosas e funcionais:<\/p>\n<ul>\n<li>O que \u00e9 uma cabeceira de madeira e como ela pode transformar o seu quarto.<\/li>\n<li>As vantagens de optar por uma cabeceira de madeira em detrimento de outros materiais.<\/li>\n<li>Os diferentes tipos de cabeceiras de madeira dispon\u00edveis no mercado.<\/li>\n<li>Dicas para escolher a cabeceira de madeira ideal para o seu espa\u00e7o.<\/li>\n<li>Os cuidados necess\u00e1rios para manter sua cabeceira de madeira sempre bonita.<\/li>\n<\/ul>\n<h3>O que \u00e9 uma cabeceira de madeira?<\/h3>\n<figure style=\"width: 1024px\" class=\"wp-caption aligncenter\"><img decoding=\"async\" src=\"https:\/\/www.aarquiteta.com.br\/blog\/wp-content\/uploads\/2023\/12\/cabeceira-de-madeira04.jpg\" alt=\"cabeceira de madeira\" width=\"1024\" height=\"1024\" title=\"\"><figcaption class=\"wp-caption-text\">cabeceira de madeira<\/figcaption><\/figure>\n<p>Uma cabeceira de madeira \u00e9 mais do que um simples peda\u00e7o de mobili\u00e1rio; \u00e9 uma declara\u00e7\u00e3o de estilo que serve como ponto focal do quarto. Feita a partir de um dos materiais mais nobres e vers\u00e1teis, ela n\u00e3o s\u00f3 embeleza o ambiente, mas tamb\u00e9m oferece funcionalidade, seja para apoiar travesseiros ou at\u00e9 mesmo para incorporar prateleiras e nichos.<\/p>\n<h3>Vantagens de ter uma cabeceira de madeira<\/h3>\n<p>A madeira \u00e9 um cl\u00e1ssico que nunca sai de moda, e suas vantagens s\u00e3o in\u00fameras:<\/p>\n<ul>\n<li><strong>Durabilidade:<\/strong> A madeira \u00e9 robusta e pode durar gera\u00e7\u00f5es se bem cuidada.<\/li>\n<li><strong>Estilo:<\/strong> Com uma variedade de acabamentos, a madeira se adapta a qualquer decora\u00e7\u00e3o.<\/li>\n<li><strong>Conforto t\u00e9rmico:<\/strong> A madeira \u00e9 um isolante natural, mantendo o quarto mais aconchegante.<\/li>\n<\/ul>\n<h3>Tipos de cabeceiras de madeira<\/h3>\n<figure style=\"width: 1024px\" class=\"wp-caption aligncenter\"><img decoding=\"async\" src=\"https:\/\/www.aarquiteta.com.br\/blog\/wp-content\/uploads\/2023\/12\/cabeceira-de-madeira03.jpg\" alt=\"cabeceira de madeira\" width=\"1024\" height=\"1024\" title=\"\"><figcaption class=\"wp-caption-text\">cabeceira de madeira<\/figcaption><\/figure>\n<p>Existem v\u00e1rios tipos de cabeceiras de madeira, cada uma com seu charme:<\/p>\n<ol>\n<li>Cabeceiras r\u00fasticas, que trazem um ar de casa de campo.<\/li>\n<li>Modelos contempor\u00e2neos, com linhas retas e design minimalista.<\/li>\n<li>Pe\u00e7as trabalhadas com detalhes entalhados, perfeitas para um quarto cl\u00e1ssico.<\/li>\n<\/ol>\n<h3>Como escolher a cabeceira de madeira ideal<\/h3>\n<p>Na hora de escolher, leve em conta:<\/p>\n<ul>\n<li>O tamanho do seu quarto e da cama.<\/li>\n<li>O estilo de decora\u00e7\u00e3o que voc\u00ea prefere.<\/li>\n<li>A funcionalidade que voc\u00ea espera da cabeceira.<\/li>\n<\/ul>\n<h3>Cuidados e manuten\u00e7\u00e3o da cabeceira de madeira<\/h3>\n<p>Para manter sua cabeceira sempre nova, siga estas dicas:<\/p>\n<ul>\n<li>Use produtos espec\u00edficos para limpeza de madeira.<\/li>\n<li>Evite a exposi\u00e7\u00e3o direta ao sol para n\u00e3o desbotar.<\/li>\n<li>Verifique periodicamente se h\u00e1 necessidade de tratamento contra pragas.<\/li>\n<\/ul>\n<h3>Como instalar uma cabeceira de madeira<\/h3>\n<figure style=\"width: 1024px\" class=\"wp-caption aligncenter\"><img decoding=\"async\" src=\"https:\/\/www.aarquiteta.com.br\/blog\/wp-content\/uploads\/2023\/12\/cabeceira-de-madeira02.jpg\" alt=\"cabeceira de madeira\" width=\"1024\" height=\"1024\" title=\"\"><figcaption class=\"wp-caption-text\">cabeceira de madeira<\/figcaption><\/figure>\n<p>A instala\u00e7\u00e3o pode variar conforme o modelo, mas geralmente envolve fixar a cabeceira na parede ou encaix\u00e1-la na estrutura da cama. N\u00e3o esque\u00e7a de verificar se todas as ferragens est\u00e3o inclusas e se s\u00e3o adequadas para o seu tipo de parede.<\/p>\n<h3>Cabeceira de madeira vs. cabeceira estofada<\/h3>\n<p>Enquanto a cabeceira de madeira traz um ar mais s\u00f3brio e tradicional, a estofada oferece conforto extra e um visual mais acolhedor. A escolha depende do seu gosto pessoal e do estilo que deseja imprimir no quarto.<\/p>\n<h3>Cabeceira de madeira vs. cabeceira de metal<\/h3>\n<figure style=\"width: 1024px\" class=\"wp-caption aligncenter\"><img decoding=\"async\" src=\"https:\/\/www.aarquiteta.com.br\/blog\/wp-content\/uploads\/2023\/12\/cabeceira-de-madeira01.jpg\" alt=\"cabeceira de madeira\" width=\"1024\" height=\"1024\" title=\"\"><figcaption class=\"wp-caption-text\">cabeceira de madeira<\/figcaption><\/figure>\n<p>A cabeceira de metal pode ter um visual mais industrial ou rom\u00e2ntico, dependendo do design. J\u00e1 a de madeira \u00e9 atemporal e pode ser mais robusta e quente visualmente.<\/p>\n<h3>Cabeceira de madeira vs. cabeceira de MDF<\/h3>\n<p>O MDF \u00e9 uma op\u00e7\u00e3o mais econ\u00f4mica e vers\u00e1til, mas a madeira maci\u00e7a leva a vantagem no quesito durabilidade e valor est\u00e9tico.<\/p>\n<blockquote><p>Curiosidade: Voc\u00ea sabia que a madeira \u00e9 um dos materiais mais antigos usados na fabrica\u00e7\u00e3o de m\u00f3veis? Ela tem sido uma escolha popular desde os tempos antigos devido \u00e0 sua disponibilidade e facilidade de trabalho.<\/p><\/blockquote>\n<h3>Cabeceira de madeira vs. cabeceira de couro<\/h3>\n<p>O couro \u00e9 sin\u00f4nimo de luxo e sofistica\u00e7\u00e3o, mas requer cuidados especiais e pode ser mais caro. A madeira, por outro lado, \u00e9 mais f\u00e1cil de manter e pode ser t\u00e3o elegante quanto.<\/p>\n<h3>Cabeceira de madeira vs. cabeceira de tecido<\/h3>\n<p>Cabeceiras de tecido oferecem uma variedade imensa de cores e estampas, mas a madeira ganha em termos de facilidade de limpeza e manuten\u00e7\u00e3o.<\/p>\n<div class=\"youtube-embed\" data-video_id=\"\"><iframe title=\"DIY: Cabeceira dos sonhos f\u00e1cil e barata\" width=\"696\" height=\"392\" src=\"https:\/\/www.youtube.com\/embed\/d_9sqyXihAc?feature=oembed&#038;enablejsapi=1\" frameborder=\"0\" allow=\"accelerometer; autoplay; clipboard-write; encrypted-media; gyroscope; picture-in-picture; web-share\" allowfullscreen><\/iframe><\/div>\n<h3>Onde comprar uma cabeceira de madeira<\/h3>\n<p>Para comprar uma cabeceira de madeira, voc\u00ea pode visitar lojas de m\u00f3veis especializadas, marcenarias ou at\u00e9 mesmo procurar por op\u00e7\u00f5es customizadas online. Lembre-se de verificar a reputa\u00e7\u00e3o do vendedor e a qualidade do produto antes de fazer sua escolha.<\/p>\n<h3>Perguntas Frequentes sobre cabeceiras de madeira<\/h3>\n<p>Vamos esclarecer algumas d\u00favidas que podem surgir na hora de escolher sua cabeceira de madeira:<\/p>\n[amazon table=&#8221;83091&#8243;]\n<h3>1. Cabeceiras de madeira combinam com qualquer estilo de decora\u00e7\u00e3o?<\/h3>\n<p>Sim, a madeira \u00e9 extremamente vers\u00e1til e pode ser trabalhada de maneira a complementar desde ambientes r\u00fasticos at\u00e9 os mais modernos. Tudo depende do design e do acabamento escolhido.<\/p>\n<h3>2. \u00c9 necess\u00e1rio contratar um profissional para instalar a cabeceira de madeira?<\/h3>\n<p>N\u00e3o necessariamente. Muitas cabeceiras v\u00eam com sistemas de fixa\u00e7\u00e3o simples que permitem uma instala\u00e7\u00e3o f\u00e1cil e r\u00e1pida. No entanto, se voc\u00ea n\u00e3o se sente seguro para realizar a instala\u00e7\u00e3o, contratar um profissional \u00e9 sempre uma boa ideia.<\/p>\n<h3>3. Posso customizar uma cabeceira de madeira depois de comprada?<\/h3>\n<p>Claro! A madeira \u00e9 um material que permite diversas interven\u00e7\u00f5es, como pintura, aplica\u00e7\u00e3o de verniz ou at\u00e9 mesmo adi\u00e7\u00e3o de elementos decorativos. Use sua criatividade!<\/p>\n<p>Em resumo, uma cabeceira de madeira \u00e9 uma adi\u00e7\u00e3o valiosa para qualquer quarto, oferecendo beleza, durabilidade e versatilidade. Ao escolher a sua, considere o estilo do ambiente, as dimens\u00f5es do espa\u00e7o e suas necessidades pessoais. Com os cuidados certos, sua cabeceira de madeira ser\u00e1 um investimento que durar\u00e1 anos, trazendo personalidade e conforto para o seu ref\u00fagio particular.<\/p>\n<p>&nbsp;<\/p>\n","protected":false},"excerpt":{"rendered":"<p>Transforme seu ambiente com sugest\u00f5es para cabeceira de madeira. Veja nossas dicas!<\/p>\n","protected":false},"author":102,"featured_media":102500,"comment_status":"closed","ping_status":"closed","sticky":false,"template":"","format":"standard","meta":{"footnotes":""},"categories":[1484,18756,35366,35364],"tags":[35071],"class_list":["post-102503","post","type-post","status-publish","format-standard","has-post-thumbnail","category-decoracao","category-decoracao-de-dormitorio","category-estilo-rustico-na-decoracao-de-interiores","category-estilos-de-decoracao-de-interiores","tag-cabeceira-de-madeira"],"_wp_attached_file":null,"_wp_attachment_metadata":null,"_wp_attachment_context":null,"_wp_attachment_is_custom_header":null,"geo_longitude":null,"geo_public":null,"geo_latitude":null,"_publicize_done_external":null,"_wpas_done_3897181":null,"publicize_twitter_user":null,"_wpas_done_3897175":null,"_wpas_skip_3897181":null,"_wpas_skip_3897175":null,"_wpas_skip_3924723":null,"_wpas_mess":null,"_wpas_done_3924723":null,"wps_subtitle":"","_links":{"self":[{"href":"https:\/\/www.aarquiteta.com.br\/blog\/wp-json\/wp\/v2\/posts\/102503","targetHints":{"allow":["GET"]}}],"collection":[{"href":"https:\/\/www.aarquiteta.com.br\/blog\/wp-json\/wp\/v2\/posts"}],"about":[{"href":"https:\/\/www.aarquiteta.com.br\/blog\/wp-json\/wp\/v2\/types\/post"}],"author":[{"embeddable":true,"href":"https:\/\/www.aarquiteta.com.br\/blog\/wp-json\/wp\/v2\/users\/102"}],"replies":[{"embeddable":true,"href":"https:\/\/www.aarquiteta.com.br\/blog\/wp-json\/wp\/v2\/comments?post=102503"}],"version-history":[{"count":0,"href":"https:\/\/www.aarquiteta.com.br\/blog\/wp-json\/wp\/v2\/posts\/102503\/revisions"}],"wp:featuredmedia":[{"embeddable":true,"href":"https:\/\/www.aarquiteta.com.br\/blog\/wp-json\/wp\/v2\/media\/102500"}],"wp:attachment":[{"href":"https:\/\/www.aarquiteta.com.br\/blog\/wp-json\/wp\/v2\/media?parent=102503"}],"wp:term":[{"taxonomy":"category","embeddable":true,"href":"https:\/\/www.aarquiteta.com.br\/blog\/wp-json\/wp\/v2\/categories?post=102503"},{"taxonomy":"post_tag","embeddable":true,"href":"https:\/\/www.aarquiteta.com.br\/blog\/wp-json\/wp\/v2\/tags?post=102503"}],"curies":[{"name":"wp","href":"https:\/\/api.w.org\/{rel}","templated":true}]}}