{"id":102384,"date":"2023-12-16T18:00:44","date_gmt":"2023-12-16T21:00:44","guid":{"rendered":"http:\/\/aarquiteta.com.br\/?p=102384"},"modified":"2023-12-16T12:32:45","modified_gmt":"2023-12-16T15:32:45","slug":"5-fatos-surpreendentes-sobre-moveis-que-se-tornaram-icones-da-cultura-pop","status":"publish","type":"post","link":"https:\/\/www.aarquiteta.com.br\/blog\/5-fatos-surpreendentes-sobre-moveis-que-se-tornaram-icones-da-cultura-pop\/","title":{"rendered":"5 Fatos Surpreendentes Sobre M\u00f3veis Ic\u00f4nicos da Cultura Pop!"},"content":{"rendered":"<p>Quem diria que os m\u00f3veis que vemos nos filmes, s\u00e9ries e at\u00e9 nos desenhos animados poderiam ter hist\u00f3rias t\u00e3o fascinantes quanto os pr\u00f3prios personagens? Pois \u00e9, prepare-se para mergulhar em um universo onde cada pe\u00e7a tem sua pr\u00f3pria saga, repleta de curiosidades que v\u00e3o desde a inspira\u00e7\u00e3o por tr\u00e1s do design at\u00e9 o impacto cultural que causaram. Vamos desvendar:<\/p>\n<ul>\n<li>A origem inusitada de m\u00f3veis famosos<\/li>\n<li>Como eles refletem a personalidade dos personagens<\/li>\n<li>O papel desses m\u00f3veis na cultura pop<\/li>\n<li>Curiosidades de bastidores sobre a produ\u00e7\u00e3o<\/li>\n<li>Como esses m\u00f3veis influenciaram o design contempor\u00e2neo<\/li>\n<\/ul>\n<h3>O Sof\u00e1 dos Simpsons: Mais que Amarelo<\/h3>\n<figure id=\"attachment_102402\" aria-describedby=\"caption-attachment-102402\" style=\"width: 1121px\" class=\"wp-caption alignnone\"><img decoding=\"async\" class=\"wp-image-102402 size-full\" title=\"5 Fatos Surpreendentes Sobre M\u00f3veis Ic\u00f4nicos da Cultura Pop: Revela\u00e7\u00f5es Inesperadas Cativam Leitores em Busca de Curiosidades.\" src=\"https:\/\/www.aarquiteta.com.br\/blog\/wp-content\/uploads\/2023\/12\/sofa-dos-simpsons-1.jpeg\" alt=\"5 Fatos Surpreendentes Sobre M\u00f3veis Ic\u00f4nicos da Cultura Pop: Revela\u00e7\u00f5es Inesperadas Cativam Leitores em Busca de Curiosidades.\" width=\"1121\" height=\"838\" srcset=\"https:\/\/www.aarquiteta.com.br\/blog\/wp-content\/uploads\/2023\/12\/sofa-dos-simpsons-1.jpeg 1121w, https:\/\/www.aarquiteta.com.br\/blog\/wp-content\/uploads\/2023\/12\/sofa-dos-simpsons-1-1024x765.jpeg 1024w, https:\/\/www.aarquiteta.com.br\/blog\/wp-content\/uploads\/2023\/12\/sofa-dos-simpsons-1-696x520.jpeg 696w, https:\/\/www.aarquiteta.com.br\/blog\/wp-content\/uploads\/2023\/12\/sofa-dos-simpsons-1-150x112.jpeg 150w\" sizes=\"(max-width: 1121px) 100vw, 1121px\" \/><figcaption id=\"caption-attachment-102402\" class=\"wp-caption-text\">5 Fatos Surpreendentes Sobre M\u00f3veis Ic\u00f4nicos da Cultura Pop: Revela\u00e7\u00f5es Inesperadas Cativam Leitores em Busca de Curiosidades.<\/figcaption><\/figure>\n<p>Voc\u00ea j\u00e1 reparou que o sof\u00e1 da fam\u00edlia Simpson \u00e9 praticamente um personagem da s\u00e9rie? Pois \u00e9, esse ic\u00f4nico m\u00f3vel amarelo n\u00e3o foi escolhido por acaso. A cor vibrante foi uma decis\u00e3o estrat\u00e9gica para chamar a aten\u00e7\u00e3o dos espectadores e garantir que, mesmo zapeando pelos canais, voc\u00ea parasse para ver o que estava acontecendo naquela sala de estar. E n\u00e3o \u00e9 que deu certo?<\/p>\n<h3>A Poltrona de &#8220;Friends&#8221;: Conforto e Confiss\u00f5es<\/h3>\n<figure id=\"attachment_102403\" aria-describedby=\"caption-attachment-102403\" style=\"width: 800px\" class=\"wp-caption alignnone\"><img decoding=\"async\" class=\"wp-image-102403 size-full\" title=\"5 Fatos Surpreendentes Sobre M\u00f3veis Ic\u00f4nicos da Cultura Pop: Revela\u00e7\u00f5es Inesperadas Cativam Leitores em Busca de Curiosidades.\" src=\"https:\/\/www.aarquiteta.com.br\/blog\/wp-content\/uploads\/2023\/12\/poltrona-de-freinds.jpg\" alt=\"poltrona de freinds\" width=\"800\" height=\"601\" srcset=\"https:\/\/www.aarquiteta.com.br\/blog\/wp-content\/uploads\/2023\/12\/poltrona-de-freinds.jpg 800w, https:\/\/www.aarquiteta.com.br\/blog\/wp-content\/uploads\/2023\/12\/poltrona-de-freinds-696x523.jpg 696w, https:\/\/www.aarquiteta.com.br\/blog\/wp-content\/uploads\/2023\/12\/poltrona-de-freinds-150x113.jpg 150w\" sizes=\"(max-width: 800px) 100vw, 800px\" \/><figcaption id=\"caption-attachment-102403\" class=\"wp-caption-text\">5 Fatos Surpreendentes Sobre M\u00f3veis Ic\u00f4nicos da Cultura Pop: Revela\u00e7\u00f5es Inesperadas Cativam Leitores em Busca de Curiosidades.<\/figcaption><\/figure>\n<p>Quem n\u00e3o se lembra da poltrona de couro do Joey e do Chandler em &#8220;Friends&#8221;? Esse m\u00f3vel n\u00e3o era apenas um lugar para sentar, mas sim um ref\u00fagio para os momentos de relaxamento e, claro, para as conversas mais sinceras entre os amigos. A poltrona acabou se tornando um s\u00edmbolo de masculinidade e conforto, mas voc\u00ea sabia que ela era t\u00e3o confort\u00e1vel que os atores frequentemente cochilavam nela entre as grava\u00e7\u00f5es?<\/p>\n<h3>A Cadeira de Balan\u00e7o de &#8220;Psicose&#8221;: Suspense no Mobili\u00e1rio<\/h3>\n<figure id=\"attachment_102404\" aria-describedby=\"caption-attachment-102404\" style=\"width: 1000px\" class=\"wp-caption alignnone\"><img decoding=\"async\" class=\"wp-image-102404 size-full\" title=\"5 Fatos Surpreendentes Sobre M\u00f3veis Ic\u00f4nicos da Cultura Pop: Revela\u00e7\u00f5es Inesperadas Cativam Leitores em Busca de Curiosidades.\" src=\"https:\/\/www.aarquiteta.com.br\/blog\/wp-content\/uploads\/2023\/12\/cadeira-do-filme-pscose.webp\" alt=\"5 Fatos Surpreendentes Sobre M\u00f3veis Ic\u00f4nicos da Cultura Pop: Revela\u00e7\u00f5es Inesperadas Cativam Leitores em Busca de Curiosidades.\" width=\"1000\" height=\"700\" srcset=\"https:\/\/www.aarquiteta.com.br\/blog\/wp-content\/uploads\/2023\/12\/cadeira-do-filme-pscose.webp 1000w, https:\/\/www.aarquiteta.com.br\/blog\/wp-content\/uploads\/2023\/12\/cadeira-do-filme-pscose-696x487.webp 696w, https:\/\/www.aarquiteta.com.br\/blog\/wp-content\/uploads\/2023\/12\/cadeira-do-filme-pscose-150x105.webp 150w\" sizes=\"(max-width: 1000px) 100vw, 1000px\" \/><figcaption id=\"caption-attachment-102404\" class=\"wp-caption-text\">5 Fatos Surpreendentes Sobre M\u00f3veis Ic\u00f4nicos da Cultura Pop: Revela\u00e7\u00f5es Inesperadas Cativam Leitores em Busca de Curiosidades.<\/figcaption><\/figure>\n<p>Quando falamos em suspense, \u00e9 imposs\u00edvel n\u00e3o lembrar da cadeira de balan\u00e7o da m\u00e3e de Norman Bates em &#8220;Psicose&#8221;. A cadeira, que balan\u00e7a sozinha em uma cena ic\u00f4nica, foi uma escolha meticulosa de Alfred Hitchcock para criar uma atmosfera de tens\u00e3o. Ela simboliza a presen\u00e7a constante e opressora da m\u00e3e, mesmo quando ela n\u00e3o est\u00e1 em cena. Arrepiante, n\u00e9?<\/p>\n<h3>O Trono de Ferro de &#8220;Game of Thrones&#8221;: Poder e Perigo<\/h3>\n<figure id=\"attachment_102405\" aria-describedby=\"caption-attachment-102405\" style=\"width: 640px\" class=\"wp-caption alignnone\"><img decoding=\"async\" class=\"wp-image-102405 size-full\" title=\"5 Fatos Surpreendentes Sobre M\u00f3veis Ic\u00f4nicos da Cultura Pop: Revela\u00e7\u00f5es Inesperadas Cativam Leitores em Busca de Curiosidades.\" src=\"https:\/\/www.aarquiteta.com.br\/blog\/wp-content\/uploads\/2023\/12\/tono-de-ferro-do-game-of-thrones.jpeg\" alt=\"5 Fatos Surpreendentes Sobre M\u00f3veis Ic\u00f4nicos da Cultura Pop: Revela\u00e7\u00f5es Inesperadas Cativam Leitores em Busca de Curiosidades.\" width=\"640\" height=\"426\" srcset=\"https:\/\/www.aarquiteta.com.br\/blog\/wp-content\/uploads\/2023\/12\/tono-de-ferro-do-game-of-thrones.jpeg 640w, https:\/\/www.aarquiteta.com.br\/blog\/wp-content\/uploads\/2023\/12\/tono-de-ferro-do-game-of-thrones-150x100.jpeg 150w\" sizes=\"(max-width: 640px) 100vw, 640px\" \/><figcaption id=\"caption-attachment-102405\" class=\"wp-caption-text\">5 Fatos Surpreendentes Sobre M\u00f3veis Ic\u00f4nicos da Cultura Pop: Revela\u00e7\u00f5es Inesperadas Cativam Leitores em Busca de Curiosidades.<\/figcaption><\/figure>\n<p>O Trono de Ferro \u00e9, sem d\u00favidas, um dos m\u00f3veis mais emblem\u00e1ticos da cultura pop recente. Voc\u00ea sabia que ele foi constru\u00eddo com centenas de espadas reais, que foram derretidas e moldadas para criar essa pe\u00e7a imponente? O trono n\u00e3o \u00e9 apenas um assento; ele representa o poder absoluto e os perigos que v\u00eam com ele. Sentar-se ali \u00e9 um risco que muitos personagens estavam dispostos a correr.<\/p>\n<h3>A Mesa de &#8220;O Poderoso Chef\u00e3o&#8221;: Decis\u00f5es que Mudam Vidas<\/h3>\n<figure id=\"attachment_102406\" aria-describedby=\"caption-attachment-102406\" style=\"width: 720px\" class=\"wp-caption alignnone\"><img decoding=\"async\" class=\"wp-image-102406 size-full\" title=\"5 Fatos Surpreendentes Sobre M\u00f3veis Ic\u00f4nicos da Cultura Pop: Revela\u00e7\u00f5es Inesperadas Cativam Leitores em Busca de Curiosidades.\" src=\"https:\/\/www.aarquiteta.com.br\/blog\/wp-content\/uploads\/2023\/12\/mesa-do-poderoso-chefao.jpg\" alt=\"5 Fatos Surpreendentes Sobre M\u00f3veis Ic\u00f4nicos da Cultura Pop: Revela\u00e7\u00f5es Inesperadas Cativam Leitores em Busca de Curiosidades.\" width=\"720\" height=\"480\" srcset=\"https:\/\/www.aarquiteta.com.br\/blog\/wp-content\/uploads\/2023\/12\/mesa-do-poderoso-chefao.jpg 720w, https:\/\/www.aarquiteta.com.br\/blog\/wp-content\/uploads\/2023\/12\/mesa-do-poderoso-chefao-696x464.jpg 696w, https:\/\/www.aarquiteta.com.br\/blog\/wp-content\/uploads\/2023\/12\/mesa-do-poderoso-chefao-150x100.jpg 150w\" sizes=\"(max-width: 720px) 100vw, 720px\" \/><figcaption id=\"caption-attachment-102406\" class=\"wp-caption-text\">5 Fatos Surpreendentes Sobre M\u00f3veis Ic\u00f4nicos da Cultura Pop: Revela\u00e7\u00f5es Inesperadas Cativam Leitores em Busca de Curiosidades.<\/figcaption><\/figure>\n<p>A grande mesa de escrit\u00f3rio do Don Corleone em &#8220;O Poderoso Chef\u00e3o&#8221; \u00e9 mais do que um simples m\u00f3vel; \u00e9 o palco onde decis\u00f5es cruciais s\u00e3o tomadas, muitas vezes entre a vida e a morte. A robustez da mesa reflete o poder e a autoridade do chef\u00e3o da m\u00e1fia, e \u00e9 imposs\u00edvel n\u00e3o sentir o peso da hist\u00f3ria que ela carrega em cada cena.<\/p>\n<h3>O Guarda-Roupa de &#8220;As Cr\u00f4nicas de N\u00e1rnia&#8221;: Portal para Outro Mundo<\/h3>\n<figure id=\"attachment_102407\" aria-describedby=\"caption-attachment-102407\" style=\"width: 1048px\" class=\"wp-caption alignnone\"><img decoding=\"async\" class=\"wp-image-102407 size-full\" title=\"5 Fatos Surpreendentes Sobre M\u00f3veis Ic\u00f4nicos da Cultura Pop: Revela\u00e7\u00f5es Inesperadas Cativam Leitores em Busca de Curiosidades.\" src=\"https:\/\/www.aarquiteta.com.br\/blog\/wp-content\/uploads\/2023\/12\/guarda-roupa-narnia.jpg\" alt=\"5 Fatos Surpreendentes Sobre M\u00f3veis Ic\u00f4nicos da Cultura Pop: Revela\u00e7\u00f5es Inesperadas Cativam Leitores em Busca de Curiosidades.\" width=\"1048\" height=\"732\" srcset=\"https:\/\/www.aarquiteta.com.br\/blog\/wp-content\/uploads\/2023\/12\/guarda-roupa-narnia.jpg 1048w, https:\/\/www.aarquiteta.com.br\/blog\/wp-content\/uploads\/2023\/12\/guarda-roupa-narnia-1024x715.jpg 1024w, https:\/\/www.aarquiteta.com.br\/blog\/wp-content\/uploads\/2023\/12\/guarda-roupa-narnia-696x486.jpg 696w, https:\/\/www.aarquiteta.com.br\/blog\/wp-content\/uploads\/2023\/12\/guarda-roupa-narnia-150x105.jpg 150w\" sizes=\"(max-width: 1048px) 100vw, 1048px\" \/><figcaption id=\"caption-attachment-102407\" class=\"wp-caption-text\">5 Fatos Surpreendentes Sobre M\u00f3veis Ic\u00f4nicos da Cultura Pop: Revela\u00e7\u00f5es Inesperadas Cativam Leitores em Busca de Curiosidades.<\/figcaption><\/figure>\n<p>Quem nunca sonhou em encontrar um mundo m\u00e1gico dentro de um guarda-roupa depois de assistir &#8220;As Cr\u00f4nicas de N\u00e1rnia&#8221;? Esse m\u00f3vel n\u00e3o \u00e9 apenas um objeto de cena, mas um s\u00edmbolo de aventura e descoberta. A ideia de um m\u00f3vel como portal \u00e9 t\u00e3o poderosa que inspirou crian\u00e7as e adultos a explorarem os pr\u00f3prios arm\u00e1rios em casa, vai que&#8230;<\/p>\n<h3>A Cadeira Egg de &#8220;Men in Black&#8221;: Estilo e Futurismo<\/h3>\n<figure style=\"width: 1024px\" class=\"wp-caption aligncenter\"><img decoding=\"async\" src=\"https:\/\/www.aarquiteta.com.br\/blog\/wp-content\/uploads\/2023\/12\/5-Fatos-Surpreendentes-Sobre-Moveis-que-se-Tornaram-Icones-da-Cultura-Pop03.jpg\" alt=\"5 Fatos Surpreendentes Sobre M\u00f3veis Ic\u00f4nicos da Cultura Pop: Revela\u00e7\u00f5es Inesperadas Cativam Leitores em Busca de Curiosidades.\" width=\"1024\" height=\"1024\" title=\"\"><figcaption class=\"wp-caption-text\">5 Fatos Surpreendentes Sobre M\u00f3veis Ic\u00f4nicos da Cultura Pop: Revela\u00e7\u00f5es Inesperadas Cativam Leitores em Busca de Curiosidades.<\/figcaption><\/figure>\n<p>A cadeira Egg, usada no quartel-general dos &#8220;Men in Black&#8221;, \u00e9 um exemplo cl\u00e1ssico de design escandinavo que se tornou um \u00edcone do futurismo no cinema. Com seu formato \u00fanico e apar\u00eancia confort\u00e1vel, ela n\u00e3o s\u00f3 complementa o estilo high-tech do filme, mas tamb\u00e9m se tornou objeto de desejo para f\u00e3s de design de interiores.<\/p>\n<h3>O Piano de &#8220;Casablanca&#8221;: Mem\u00f3rias e Melodias<\/h3>\n<p><img decoding=\"async\" class=\"alignnone size-full wp-image-102408\" src=\"https:\/\/www.aarquiteta.com.br\/blog\/wp-content\/uploads\/2023\/12\/piano-de-casablanca.webp\" alt=\"\" width=\"600\" height=\"439\" title=\"\" srcset=\"https:\/\/www.aarquiteta.com.br\/blog\/wp-content\/uploads\/2023\/12\/piano-de-casablanca.webp 600w, https:\/\/www.aarquiteta.com.br\/blog\/wp-content\/uploads\/2023\/12\/piano-de-casablanca-150x110.webp 150w\" sizes=\"(max-width: 600px) 100vw, 600px\" \/><\/p>\n<p>O piano do Rick&#8217;s Caf\u00e9 em &#8220;Casablanca&#8221; \u00e9 mais que um instrumento musical; \u00e9 um deposit\u00e1rio de mem\u00f3rias e sentimentos. As teclas que tocam &#8220;As Time Goes By&#8221; s\u00e3o quase t\u00e3o importantes quanto os pr\u00f3prios personagens, evocando nostalgia e a complexidade dos relacionamentos passados. Esse piano se tornou um dos m\u00f3veis mais caros j\u00e1 leiloados, sabia?<\/p>\n<h3>A Mesa de Cozinha de &#8220;Breaking Bad&#8221;: Qu\u00edmica e Conflitos<\/h3>\n<p><img decoding=\"async\" class=\"alignnone size-full wp-image-102409\" src=\"https:\/\/www.aarquiteta.com.br\/blog\/wp-content\/uploads\/2023\/12\/mesa-de-cozinha-braking-bad.jpg\" alt=\"\" width=\"1200\" height=\"684\" title=\"\" srcset=\"https:\/\/www.aarquiteta.com.br\/blog\/wp-content\/uploads\/2023\/12\/mesa-de-cozinha-braking-bad.jpg 1200w, https:\/\/www.aarquiteta.com.br\/blog\/wp-content\/uploads\/2023\/12\/mesa-de-cozinha-braking-bad-1024x584.jpg 1024w, https:\/\/www.aarquiteta.com.br\/blog\/wp-content\/uploads\/2023\/12\/mesa-de-cozinha-braking-bad-696x397.jpg 696w, https:\/\/www.aarquiteta.com.br\/blog\/wp-content\/uploads\/2023\/12\/mesa-de-cozinha-braking-bad-150x86.jpg 150w\" sizes=\"(max-width: 1200px) 100vw, 1200px\" \/><\/p>\n<p>A cozinha dos White em &#8220;Breaking Bad&#8221; foi palco de muitos jantares tensos e conversas dif\u00edceis. A mesa de cozinha, em particular, \u00e9 onde vemos a fam\u00edlia se reunir, mas tamb\u00e9m onde as rachaduras come\u00e7am a aparecer. Ela \u00e9 um s\u00edmbolo da normalidade que Walter White tenta desesperadamente manter enquanto sua vida de criminoso se desenrola.<\/p>\n<blockquote><p><em>Curiosidade: Voc\u00ea sabia que o sof\u00e1 dos Simpsons tem sua pr\u00f3pria cole\u00e7\u00e3o de vinhetas? S\u00e3o centenas de aberturas diferentes, algumas criadas por artistas e diretores renomados, tornando-o talvez o m\u00f3vel mais &#8220;animado&#8221; da hist\u00f3ria da televis\u00e3o!<\/em><\/p><\/blockquote>\n<h3>Perguntas Frequentes<\/h3>\n<p><strong>Qual \u00e9 o m\u00f3vel mais caro j\u00e1 leiloado que apareceu em um filme?<\/strong><br \/>\nCuriosamente, o piano de &#8220;Casablanca&#8221; \u00e9 um dos m\u00f3veis mais caros j\u00e1 leiloados, vendido por milh\u00f5es de d\u00f3lares. Ele \u00e9 um verdadeiro peda\u00e7o da hist\u00f3ria do cinema.<\/p>\n<p><strong>Os m\u00f3veis da cultura pop influenciam o design na vida real?<\/strong><br \/>\nCom certeza! Muitos m\u00f3veis ic\u00f4nicos da cultura pop se tornaram tend\u00eancia e inspiraram designers a criar pe\u00e7as semelhantes para o p\u00fablico em geral. Eles t\u00eam um impacto significativo no mundo do design de interiores.<\/p>\n<p><strong>Existe algum m\u00f3vel de filme que se tornou um s\u00edmbolo de poder como o Trono de Ferro?<\/strong><br \/>\nO Trono de Ferro \u00e9 \u00fanico em sua representa\u00e7\u00e3o de poder e perigo, mas outros m\u00f3veis, como a mesa do Don Corleone em &#8220;O Poderoso Chef\u00e3o&#8221;, tamb\u00e9m simbolizam poder e autoridade de maneiras diferentes.<\/p>\n<h3>Conclus\u00e3o<\/h3>\n<p>\u00c9 incr\u00edvel como um simples m\u00f3vel pode ter tanto significado e hist\u00f3ria, n\u00e3o \u00e9 mesmo? Essas pe\u00e7as ic\u00f4nicas da cultura pop v\u00e3o muito al\u00e9m de sua fun\u00e7\u00e3o pr\u00e1tica; elas contam hist\u00f3rias, definem personagens e at\u00e9 mesmo moldam a est\u00e9tica de uma \u00e9poca. Na pr\u00f3xima vez que voc\u00ea se deparar com um m\u00f3vel famoso em um filme ou s\u00e9rie, lembre-se de que ele pode ter uma hist\u00f3ria t\u00e3o interessante quanto a trama que voc\u00ea est\u00e1 assistindo.<\/p>\n<p>&nbsp;<\/p>\n","protected":false},"excerpt":{"rendered":"<p>Descubra ensinamentos inesperados sobre m\u00f3veis ic\u00f4nicos da cultura pop atrav\u00e9s de revela\u00e7\u00f5es surpreendentes, cativando leitores em busca de curiosidades. Encontre indica\u00e7\u00f5es e aprendizados sobre essas famosas pe\u00e7as e mergulhe no fasc\u00ednio do mundo da cultura pop.<\/p>\n","protected":false},"author":102,"featured_media":102416,"comment_status":"closed","ping_status":"closed","sticky":false,"template":"","format":"standard","meta":{"footnotes":""},"categories":[31218,1484],"tags":[],"class_list":["post-102384","post","type-post","status-publish","format-standard","has-post-thumbnail","category-cidades-e-curiosidades","category-decoracao"],"_wp_attached_file":null,"_wp_attachment_metadata":null,"_wp_attachment_context":null,"_wp_attachment_is_custom_header":null,"geo_longitude":null,"geo_public":null,"geo_latitude":null,"_publicize_done_external":null,"_wpas_done_3897181":null,"publicize_twitter_user":null,"_wpas_done_3897175":null,"_wpas_skip_3897181":null,"_wpas_skip_3897175":null,"_wpas_skip_3924723":null,"_wpas_mess":null,"_wpas_done_3924723":null,"wps_subtitle":"","_links":{"self":[{"href":"https:\/\/www.aarquiteta.com.br\/blog\/wp-json\/wp\/v2\/posts\/102384","targetHints":{"allow":["GET"]}}],"collection":[{"href":"https:\/\/www.aarquiteta.com.br\/blog\/wp-json\/wp\/v2\/posts"}],"about":[{"href":"https:\/\/www.aarquiteta.com.br\/blog\/wp-json\/wp\/v2\/types\/post"}],"author":[{"embeddable":true,"href":"https:\/\/www.aarquiteta.com.br\/blog\/wp-json\/wp\/v2\/users\/102"}],"replies":[{"embeddable":true,"href":"https:\/\/www.aarquiteta.com.br\/blog\/wp-json\/wp\/v2\/comments?post=102384"}],"version-history":[{"count":0,"href":"https:\/\/www.aarquiteta.com.br\/blog\/wp-json\/wp\/v2\/posts\/102384\/revisions"}],"wp:featuredmedia":[{"embeddable":true,"href":"https:\/\/www.aarquiteta.com.br\/blog\/wp-json\/wp\/v2\/media\/102416"}],"wp:attachment":[{"href":"https:\/\/www.aarquiteta.com.br\/blog\/wp-json\/wp\/v2\/media?parent=102384"}],"wp:term":[{"taxonomy":"category","embeddable":true,"href":"https:\/\/www.aarquiteta.com.br\/blog\/wp-json\/wp\/v2\/categories?post=102384"},{"taxonomy":"post_tag","embeddable":true,"href":"https:\/\/www.aarquiteta.com.br\/blog\/wp-json\/wp\/v2\/tags?post=102384"}],"curies":[{"name":"wp","href":"https:\/\/api.w.org\/{rel}","templated":true}]}}