{"id":101942,"date":"2023-12-12T17:30:48","date_gmt":"2023-12-12T20:30:48","guid":{"rendered":"http:\/\/aarquiteta.com.br\/?p=101942"},"modified":"2024-06-15T12:16:12","modified_gmt":"2024-06-15T15:16:12","slug":"muros-decorados","status":"publish","type":"post","link":"https:\/\/www.aarquiteta.com.br\/blog\/muros-decorados\/","title":{"rendered":"Muros Decorados: 5 Tend\u00eancias Para Elevar A Est\u00e9tica De Sua Fachada."},"content":{"rendered":"<p>Decorar muros pode parecer uma tarefa simples, mas \u00e9 uma arte que reflete personalidade e estilo. Seja para dar vida a um espa\u00e7o mon\u00f3tono ou para expressar criatividade, a decora\u00e7\u00e3o de muros tem o poder de transformar completamente o ambiente. Vamos explorar algumas ideias que podem ajudar a transformar sua parede em uma verdadeira obra de arte:<\/p>\n<ul>\n<li>Escolher um tema que reflita seus interesses ou a atmosfera que deseja criar.<\/li>\n<li>Selecionar cores que harmonizem com o espa\u00e7o e criem o efeito desejado.<\/li>\n<li>Utilizar materiais variados, desde tintas at\u00e9 elementos naturais.<\/li>\n<li>Aplicar t\u00e9cnicas de pintura que adicionem textura e profundidade.<\/li>\n<li>Incorporar elementos como azulejos, adesivos, plantas ou arte urbana para um toque especial.<\/li>\n<\/ul>\n<h3>1. Escolha do tema<\/h3>\n<figure id=\"attachment_101971\" aria-describedby=\"caption-attachment-101971\" style=\"width: 920px\" class=\"wp-caption alignnone\"><img decoding=\"async\" class=\"size-full wp-image-101971\" src=\"https:\/\/www.aarquiteta.com.br\/blog\/wp-content\/uploads\/2023\/12\/muros-decorados.jpg\" alt=\"Muros Decorados: 5 Tend\u00eancias Para Elevar A Est\u00e9tica De Sua Fachada.\" width=\"920\" height=\"922\" title=\"\" srcset=\"https:\/\/www.aarquiteta.com.br\/blog\/wp-content\/uploads\/2023\/12\/muros-decorados.jpg 920w, https:\/\/www.aarquiteta.com.br\/blog\/wp-content\/uploads\/2023\/12\/muros-decorados-696x698.jpg 696w, https:\/\/www.aarquiteta.com.br\/blog\/wp-content\/uploads\/2023\/12\/muros-decorados-96x96.jpg 96w, https:\/\/www.aarquiteta.com.br\/blog\/wp-content\/uploads\/2023\/12\/muros-decorados-150x150.jpg 150w\" sizes=\"(max-width: 920px) 100vw, 920px\" \/><figcaption id=\"caption-attachment-101971\" class=\"wp-caption-text\">Muros Decorados: 5 Tend\u00eancias Para Elevar A Est\u00e9tica De Sua Fachada.<\/figcaption><\/figure>\n<p>Primeiramente, \u00e9 essencial definir um tema que me fale ao cora\u00e7\u00e3o. Pode ser algo que me inspire, como a natureza, ou algo que me fa\u00e7a sonhar, como cidades distantes. O importante \u00e9 que o tema escolhido me fa\u00e7a sentir em casa, sabe?<\/p>\n<h3>2. Sele\u00e7\u00e3o das cores<\/h3>\n<p>As cores t\u00eam o poder de mudar nosso humor, ent\u00e3o escolho com carinho. Gosto de pensar no que cada cor me faz sentir e como elas podem combinar entre si para criar uma harmonia visual que seja agrad\u00e1vel aos olhos de quem visita.<\/p>\n<h3>3. Tipos de materiais<\/h3>\n<p>Existem tantos materiais por a\u00ed que \u00e0s vezes fica at\u00e9 dif\u00edcil escolher. Mas, entre tintas acr\u00edlicas, sprays e texturas variadas, sempre opto por aqueles que garantem durabilidade e um acabamento que me deixe orgulhoso.<\/p>\n<h3>4. T\u00e9cnicas de pintura<\/h3>\n<p>Brincar com pinc\u00e9is e cores \u00e9 uma del\u00edcia! Gosto de experimentar t\u00e9cnicas diferentes, como o esponjado ou o degrad\u00ea, para dar aquele efeito uau no muro. E n\u00e3o precisa ser um Picasso para isso, viu? Com um pouco de pr\u00e1tica, qualquer um pode se aventurar.<\/p>\n<h3>5. Murais de azulejos<\/h3>\n<p>Azulejos n\u00e3o s\u00e3o s\u00f3 para banheiros e cozinhas, n\u00e3o! Eles podem criar murais incr\u00edveis, cheios de cor e padr\u00f5es que contam hist\u00f3rias. E o melhor \u00e9 que s\u00e3o super f\u00e1ceis de limpar.<\/p>\n<h3>6. Adesivos decorativos<\/h3>\n<figure style=\"width: 1024px\" class=\"wp-caption aligncenter\"><img decoding=\"async\" src=\"https:\/\/www.aarquiteta.com.br\/blog\/wp-content\/uploads\/2023\/12\/muros-decorados02.jpg\" alt=\"muros decorados\" width=\"1024\" height=\"1024\" title=\"\"><figcaption class=\"wp-caption-text\">muros decorados<\/figcaption><\/figure>\n<p>Quando a pregui\u00e7a bate ou o or\u00e7amento est\u00e1 apertado, adesivos decorativos s\u00e3o meus melhores amigos. S\u00e3o pr\u00e1ticos, vers\u00e1teis e, o melhor de tudo, n\u00e3o precisa de furadeira!<\/p>\n<h3>7. Plantas e trepadeiras<\/h3>\n<figure id=\"attachment_101973\" aria-describedby=\"caption-attachment-101973\" style=\"width: 919px\" class=\"wp-caption alignnone\"><img decoding=\"async\" class=\"size-full wp-image-101973\" src=\"https:\/\/www.aarquiteta.com.br\/blog\/wp-content\/uploads\/2023\/12\/muros-decorados-1.jpg\" alt=\"Muros Decorados: 5 Tend\u00eancias Para Elevar A Est\u00e9tica De Sua Fachada.\" width=\"919\" height=\"919\" title=\"\" srcset=\"https:\/\/www.aarquiteta.com.br\/blog\/wp-content\/uploads\/2023\/12\/muros-decorados-1.jpg 919w, https:\/\/www.aarquiteta.com.br\/blog\/wp-content\/uploads\/2023\/12\/muros-decorados-1-696x696.jpg 696w, https:\/\/www.aarquiteta.com.br\/blog\/wp-content\/uploads\/2023\/12\/muros-decorados-1-96x96.jpg 96w, https:\/\/www.aarquiteta.com.br\/blog\/wp-content\/uploads\/2023\/12\/muros-decorados-1-150x150.jpg 150w\" sizes=\"(max-width: 919px) 100vw, 919px\" \/><figcaption id=\"caption-attachment-101973\" class=\"wp-caption-text\">Muros Decorados: 5 Tend\u00eancias Para Elevar A Est\u00e9tica De Sua Fachada.<\/figcaption><\/figure>\n<p>Quem disse que verde \u00e9 s\u00f3 para jardim? Trepadeiras e plantas podem dar vida ao muro de um jeito todo especial. E ainda ajudam a refrescar o ambiente, o que \u00e9 uma m\u00e3o na roda no calor\u00e3o brasileiro.<\/p>\n<h3>8. Arte urbana<\/h3>\n<figure style=\"width: 1024px\" class=\"wp-caption aligncenter\"><img decoding=\"async\" src=\"https:\/\/www.aarquiteta.com.br\/blog\/wp-content\/uploads\/2023\/12\/muros-decorados01.jpg\" alt=\"muros decorados\" width=\"1024\" height=\"1024\" title=\"\"><figcaption class=\"wp-caption-text\">muros decorados<\/figcaption><\/figure>\n<p>Arte urbana \u00e9 aquela pitada de rebeldia que todo muro merece. Stencils, stickers ou at\u00e9 mesmo uma pintura mais elaborada d\u00e3o aquele toque moderno e descolado.<\/p>\n<h3>9. Murais de graffiti<\/h3>\n<p>Graffiti \u00e9 arte, sim senhor! E ter um mural desses em casa \u00e9 como ter uma pe\u00e7a de museu ao ar livre. S\u00f3 \u00e9 bom lembrar de respeitar os artistas e suas obras, combinado?<\/p>\n<blockquote><p>Curiosidade: Voc\u00ea sabia que em algumas culturas, murais de mosaico s\u00e3o considerados amuletos de sorte e prote\u00e7\u00e3o? Que tal trazer um pouco dessa magia para sua casa?<\/p><\/blockquote>\n<h3>10. Murais de cer\u00e2mica<\/h3>\n<p>Cer\u00e2mica \u00e9 sin\u00f4nimo de resist\u00eancia e versatilidade. Com ela, posso criar murais que resistem ao tempo e ainda por cima s\u00e3o \u00fanicos, porque, n\u00e9, cada pe\u00e7a \u00e9 uma pe\u00e7a.<\/p>\n<figure id=\"attachment_101972\" aria-describedby=\"caption-attachment-101972\" style=\"width: 918px\" class=\"wp-caption alignnone\"><img decoding=\"async\" class=\"size-full wp-image-101972\" src=\"https:\/\/www.aarquiteta.com.br\/blog\/wp-content\/uploads\/2023\/12\/muros-decorados-2.jpg\" alt=\"Muros Decorados: 5 Tend\u00eancias Para Elevar A Est\u00e9tica De Sua Fachada.\" width=\"918\" height=\"921\" title=\"\" srcset=\"https:\/\/www.aarquiteta.com.br\/blog\/wp-content\/uploads\/2023\/12\/muros-decorados-2.jpg 918w, https:\/\/www.aarquiteta.com.br\/blog\/wp-content\/uploads\/2023\/12\/muros-decorados-2-696x698.jpg 696w, https:\/\/www.aarquiteta.com.br\/blog\/wp-content\/uploads\/2023\/12\/muros-decorados-2-96x96.jpg 96w, https:\/\/www.aarquiteta.com.br\/blog\/wp-content\/uploads\/2023\/12\/muros-decorados-2-150x150.jpg 150w\" sizes=\"(max-width: 918px) 100vw, 918px\" \/><figcaption id=\"caption-attachment-101972\" class=\"wp-caption-text\">Muros Decorados: 5 Tend\u00eancias Para Elevar A Est\u00e9tica De Sua Fachada.<\/figcaption><\/figure>\n<h3>11. Murais de mosaico<\/h3>\n<p>Mosaicos s\u00e3o como quebra-cabe\u00e7as para adultos. Com paci\u00eancia e criatividade, posso montar uma obra de arte que \u00e9 s\u00f3 minha. E o processo \u00e9 quase t\u00e3o divertido quanto o resultado final!<\/p>\n<h3>12. Murais de madeira<\/h3>\n<p>Um toque r\u00fastico nunca sai de moda. Madeira reciclada ou pain\u00e9is trabalhados podem criar um muro que \u00e9 a cara de uma cabana aconchegante, mesmo estando na cidade grande.<\/p>\n<div class=\"youtube-embed\" data-video_id=\"1YQZptU91us\"><iframe title=\"Muros Decorados | 29 Lindas Fachadas de Muros (Com Diferentes Estilos)\" width=\"696\" height=\"392\" src=\"https:\/\/www.youtube.com\/embed\/1YQZptU91us?feature=oembed&#038;enablejsapi=1\" frameborder=\"0\" allow=\"accelerometer; autoplay; clipboard-write; encrypted-media; gyroscope; picture-in-picture; web-share\" allowfullscreen><\/iframe><\/div>\n<h2>Dicas extras:<\/h2>\n<h3>Quais s\u00e3o os materiais mais comuns para decorar muros?<\/h3>\n<p>Tintas, azulejos, adesivos, plantas e at\u00e9 mesmo materiais reciclados s\u00e3o super populares. O importante \u00e9 escolher algo que combine com o clima e a manuten\u00e7\u00e3o que voc\u00ea est\u00e1 disposto a fazer.00<\/p>\n<h3>\u00c9 poss\u00edvel fazer a decora\u00e7\u00e3o do muro sozinho ou \u00e9 necess\u00e1rio contratar um profissional?<\/h3>\n<p>D\u00e1 para fazer muita coisa sozinho, sim! Mas se a ideia for algo mais complexo, como um mosaico detalhado, talvez seja melhor chamar um profissional para garantir um acabamento perfeito.<\/p>\n<h3>Como escolher o tema ideal para a decora\u00e7\u00e3o do muro?<\/h3>\n<p>Pense no que te faz feliz e no que voc\u00ea gostaria de ver todos os dias. O tema ideal \u00e9 aquele que reflete sua personalidade e traz boas vibra\u00e7\u00f5es para o seu espa\u00e7o.<\/p>\n[amazon table=&#8221;95760&#8243;]\n<p>Em suma, decorar muros \u00e9 uma forma de expressar quem somos e o que amamos. \u00c9 uma oportunidade de deixar nossa marca no mundo, mesmo que seja no cantinho do nosso quintal. E lembre-se: a criatividade \u00e9 sua maior aliada nessa jornada. Ent\u00e3o, solte a imagina\u00e7\u00e3o e m\u00e3os \u00e0 obra!<\/p>\n<p style=\"text-align: center;\">\n","protected":false},"excerpt":{"rendered":"<p>Descubra o segredo de uma muros decorados perfeita. Inspire-se conosco!<\/p>\n","protected":false},"author":102,"featured_media":101972,"comment_status":"closed","ping_status":"closed","sticky":false,"template":"","format":"standard","meta":{"footnotes":""},"categories":[1484,35332],"tags":[],"class_list":["post-101942","post","type-post","status-publish","format-standard","has-post-thumbnail","category-decoracao","category-muros"],"_wp_attached_file":null,"_wp_attachment_metadata":null,"_wp_attachment_context":null,"_wp_attachment_is_custom_header":null,"geo_longitude":null,"geo_public":null,"geo_latitude":null,"_publicize_done_external":null,"_wpas_done_3897181":null,"publicize_twitter_user":null,"_wpas_done_3897175":null,"_wpas_skip_3897181":null,"_wpas_skip_3897175":null,"_wpas_skip_3924723":null,"_wpas_mess":null,"_wpas_done_3924723":null,"wps_subtitle":"","_links":{"self":[{"href":"https:\/\/www.aarquiteta.com.br\/blog\/wp-json\/wp\/v2\/posts\/101942","targetHints":{"allow":["GET"]}}],"collection":[{"href":"https:\/\/www.aarquiteta.com.br\/blog\/wp-json\/wp\/v2\/posts"}],"about":[{"href":"https:\/\/www.aarquiteta.com.br\/blog\/wp-json\/wp\/v2\/types\/post"}],"author":[{"embeddable":true,"href":"https:\/\/www.aarquiteta.com.br\/blog\/wp-json\/wp\/v2\/users\/102"}],"replies":[{"embeddable":true,"href":"https:\/\/www.aarquiteta.com.br\/blog\/wp-json\/wp\/v2\/comments?post=101942"}],"version-history":[{"count":0,"href":"https:\/\/www.aarquiteta.com.br\/blog\/wp-json\/wp\/v2\/posts\/101942\/revisions"}],"wp:featuredmedia":[{"embeddable":true,"href":"https:\/\/www.aarquiteta.com.br\/blog\/wp-json\/wp\/v2\/media\/101972"}],"wp:attachment":[{"href":"https:\/\/www.aarquiteta.com.br\/blog\/wp-json\/wp\/v2\/media?parent=101942"}],"wp:term":[{"taxonomy":"category","embeddable":true,"href":"https:\/\/www.aarquiteta.com.br\/blog\/wp-json\/wp\/v2\/categories?post=101942"},{"taxonomy":"post_tag","embeddable":true,"href":"https:\/\/www.aarquiteta.com.br\/blog\/wp-json\/wp\/v2\/tags?post=101942"}],"curies":[{"name":"wp","href":"https:\/\/api.w.org\/{rel}","templated":true}]}}