{"id":101911,"date":"2023-12-20T06:15:16","date_gmt":"2023-12-20T09:15:16","guid":{"rendered":"http:\/\/aarquiteta.com.br\/?p=101911"},"modified":"2023-12-12T15:00:05","modified_gmt":"2023-12-12T18:00:05","slug":"revestimentos-para-fachada","status":"publish","type":"post","link":"https:\/\/www.aarquiteta.com.br\/blog\/revestimentos-para-fachada\/","title":{"rendered":"Revestimentos para Fachada: 5 Tend\u00eancias para Valorizar Sua Casa"},"content":{"rendered":"<p>Quando falamos de fachadas, estamos falando do cart\u00e3o de visitas de qualquer edifica\u00e7\u00e3o. A escolha do rev\u00eastimento certo pode n\u00e3o s\u00f3 valorizar a est\u00e9tica do im\u00f3vel, mas tamb\u00e9m garantir maior durabilidade e prote\u00e7\u00e3o contra as intemp\u00e9ries. Vamos explorar os tipos mais populares de revestimentos e suas caracter\u00edsticas, para que voc\u00ea possa fazer a escolha ideal para a sua fachada.<\/p>\n<ul>\n<li>Revestimentos em cer\u00e2mica s\u00e3o vers\u00e1teis e oferecem uma ampla gama de cores e texturas.<\/li>\n<li>Pedras naturais, como o granito e o m\u00e1rmore, trazem um ar de sofistica\u00e7\u00e3o e s\u00e3o extremamente dur\u00e1veis.<\/li>\n<li>A madeira, por sua vez, adiciona um toque r\u00fastico e aconchegante, embora exija manuten\u00e7\u00e3o constante.<\/li>\n<li>O vidro \u00e9 uma op\u00e7\u00e3o moderna e pode contribuir para a ilumina\u00e7\u00e3o natural do ambiente.<\/li>\n<\/ul>\n<h3>Revestimento em cer\u00e2mica<\/h3>\n<figure style=\"width: 1024px\" class=\"wp-caption aligncenter\"><img decoding=\"async\" src=\"https:\/\/www.aarquiteta.com.br\/blog\/wp-content\/uploads\/2023\/12\/revestimentos-para-fachada04.jpg\" alt=\"revestimentos para fachada\" width=\"1024\" height=\"1024\" title=\"\"><figcaption class=\"wp-caption-text\">revestimentos para fachada<\/figcaption><\/figure>\n<p>A cer\u00e2mica \u00e9 um cl\u00e1ssico que nunca sai de moda. Com uma infinidade de cores, formatos e texturas, ela se adapta a qualquer estilo de fachada. Al\u00e9m disso, \u00e9 resistente a manchas e f\u00e1cil de limpar, o que me poupa um bom tempo na manuten\u00e7\u00e3o.<\/p>\n<h3>Revestimento em pedra natural<\/h3>\n<p>Se voc\u00ea busca por eleg\u00e2ncia e durabilidade, as pedras naturais s\u00e3o a escolha perfeita. Granito, m\u00e1rmore, ard\u00f3sia&#8230; cada uma com sua beleza \u00fanica e uma resist\u00eancia que enfrenta at\u00e9 os mais bravos temporais.<\/p>\n<h3>Revestimento em madeira<\/h3>\n<figure style=\"width: 1024px\" class=\"wp-caption aligncenter\"><img decoding=\"async\" src=\"https:\/\/www.aarquiteta.com.br\/blog\/wp-content\/uploads\/2023\/12\/revestimentos-para-fachada03.jpg\" alt=\"revestimentos para fachada\" width=\"1024\" height=\"1024\" title=\"\"><figcaption class=\"wp-caption-text\">revestimentos para fachada<\/figcaption><\/figure>\n<p>A madeira traz aquele qu\u00ea de natureza para a fachada. Mas \u00f3, n\u00e3o se engane, ela exige um cuidado especial para n\u00e3o sofrer com o sol e a chuva. Uma boa verniz e aten\u00e7\u00e3o aos detalhes podem garantir que sua fachada fique sempre como nova.<\/p>\n<h3>Revestimento em vidro<\/h3>\n<p>Modernidade e luz natural s\u00e3o as palavras de ordem quando o assunto \u00e9 revestimento em vidro. Al\u00e9m de bonito, ele ajuda a economizar na conta de luz. S\u00f3 n\u00e3o vale esquecer que a limpeza \u00e9 mais frequente, afinal, ningu\u00e9m quer uma fachada emba\u00e7ada, n\u00e9?<\/p>\n<h3>Revestimento em alum\u00ednio<\/h3>\n<p>O alum\u00ednio \u00e9 aquele tipo de revestimento que n\u00e3o d\u00e1 trabalho. Resistente \u00e0 corros\u00e3o e leve, ele \u00e9 ideal para quem busca praticidade e um visual mais contempor\u00e2neo.<\/p>\n<h3>Revestimento em concreto<\/h3>\n<figure style=\"width: 1024px\" class=\"wp-caption aligncenter\"><img decoding=\"async\" src=\"https:\/\/www.aarquiteta.com.br\/blog\/wp-content\/uploads\/2023\/12\/revestimentos-para-fachada02.jpg\" alt=\"revestimentos para fachada\" width=\"1024\" height=\"1024\" title=\"\"><figcaption class=\"wp-caption-text\">revestimentos para fachada<\/figcaption><\/figure>\n<p>Quer um look industrial e super em alta? Vai de concreto. Al\u00e9m de ser resistente, ele d\u00e1 um toque urbano que est\u00e1 super na moda. E o melhor: \u00e9 s\u00f3 passar uma \u00e1gua de vez em quando que ele fica novinho em folha.<\/p>\n<h3>Revestimento em tijolo aparente<\/h3>\n<p>O tijolo aparente \u00e9 para quem curte aquele estilo mais r\u00fastico ou industrial. Ele \u00e9 dur\u00e1vel e tem um charme que s\u00f3 ele possui. Mas fica a dica: uma boa impermeabiliza\u00e7\u00e3o pode evitar surpresas com a umidade.<\/p>\n<h3>Revestimento em pintura<\/h3>\n<figure style=\"width: 1024px\" class=\"wp-caption aligncenter\"><img decoding=\"async\" src=\"https:\/\/www.aarquiteta.com.br\/blog\/wp-content\/uploads\/2023\/12\/revestimentos-para-fachada01.jpg\" alt=\"revestimentos para fachada\" width=\"1024\" height=\"1024\" title=\"\"><figcaption class=\"wp-caption-text\">revestimentos para fachada<\/figcaption><\/figure>\n<p>Se voc\u00ea quer praticidade e custo-benef\u00edcio, a pintura \u00e9 a sua aliada. Com uma variedade imensa de cores, \u00e9 s\u00f3 escolher a sua preferida e renovar a fachada sempre que quiser. S\u00f3 n\u00e3o esque\u00e7a de escolher uma tinta de qualidade para a fachada aguentar o tranco do sol e da chuva.<\/p>\n<h3>Revestimento em pastilhas<\/h3>\n<p>As pastilhas s\u00e3o aquela op\u00e7\u00e3o que d\u00e1 um toque de cor e personalidade. Elas s\u00e3o resistentes e f\u00e1ceis de limpar, perfeitas para quem quer uma fachada que se destaque na vizinhan\u00e7a.<\/p>\n<h3>Revestimento em porcelanato<\/h3>\n<p>O porcelanato \u00e9 aquele tipo de revestimento que une beleza e resist\u00eancia. Com ele, sua fachada fica protegida e com um acabamento de primeira. E o melhor \u00e9 que tem porcelanato que imita madeira, pedra e at\u00e9 cimento queimado!<\/p>\n<h3>Revestimento em PVC<\/h3>\n<p>O PVC \u00e9 a escolha de quem busca durabilidade e um bom isolamento t\u00e9rmico e ac\u00fastico. Al\u00e9m disso, \u00e9 resistente a pragas e n\u00e3o exige pintura. \u00c9 praticidade que fala, n\u00e9?<\/p>\n<blockquote><p>Curiosidade: Voc\u00ea sabia que a cor da fachada pode influenciar na temperatura interna da sua casa? Cores claras refletem mais a luz solar, mantendo a casa mais fresca, enquanto cores escuras absorvem mais calor. Ent\u00e3o, escolher a cor do revestimento tamb\u00e9m \u00e9 uma decis\u00e3o que pode afetar o conforto t\u00e9rmico do seu lar!<\/p><\/blockquote>\n<h3>Revestimento em ACM<\/h3>\n<p>O ACM (Aluminium Composite Material) \u00e9 um material composto por duas l\u00e2minas de alum\u00ednio com um n\u00facleo de polietileno. \u00c9 leve, resistente e d\u00e1 um acabamento super moderno para a fachada. E o melhor: est\u00e1 dispon\u00edvel em v\u00e1rias cores!<\/p>\n[amazon table=&#8221;90636&#8243;]\n<h3>Conclus\u00e3o<\/h3>\n<p>Escolher o revestimento certo para a fachada \u00e9 uma decis\u00e3o que combina gosto pessoal, funcionalidade e, claro, o or\u00e7amento dispon\u00edvel.<\/p>\n<p>Cada material tem suas vantagens e particularidades, ent\u00e3o vale a pena pesquisar e, se poss\u00edvel, consultar um profissional. Lembre-se de que a fachada \u00e9 a primeira impress\u00e3o que se tem de um lugar, ent\u00e3o ela merece aten\u00e7\u00e3o especial.<\/p>\n<div class=\"youtube-embed\" data-video_id=\"uf2EJqiX81o\"><iframe title=\"FACHADA DE CASAS - 26 REVESTIMENTOS PARA TE INSPIRAR\" width=\"696\" height=\"392\" src=\"https:\/\/www.youtube.com\/embed\/uf2EJqiX81o?feature=oembed&#038;enablejsapi=1\" frameborder=\"0\" allow=\"accelerometer; autoplay; clipboard-write; encrypted-media; gyroscope; picture-in-picture; web-share\" allowfullscreen><\/iframe><\/div>\n<h2>Perguntas Frequentes<\/h2>\n<h3>1. Como posso garantir que o revestimento da minha fachada dure mais tempo?<\/h3>\n<p>Para garantir a durabilidade do revestimento, escolha materiais de qualidade e adequados ao clima da sua regi\u00e3o. Al\u00e9m disso, realize manuten\u00e7\u00f5es peri\u00f3dicas e siga as instru\u00e7\u00f5es de limpeza e conserva\u00e7\u00e3o de cada tipo de material.<\/p>\n<h3>2. Existe algum revestimento que seja mais ecol\u00f3gico?<\/h3>\n<p>Sim, materiais como a madeira de reflorestamento, tijolos ecol\u00f3gicos e revestimentos reciclados s\u00e3o op\u00e7\u00f5es mais sustent\u00e1veis. Eles n\u00e3o s\u00f3 ajudam o meio ambiente como tamb\u00e9m podem trazer benef\u00edcios t\u00e9rmicos e ac\u00fasticos para a sua casa.<\/p>\n<h3>3. Posso combinar diferentes tipos de revestimentos na mesma fachada?<\/h3>\n<p>Claro que pode! Combinar diferentes materiais pode criar um visual \u00fanico e personalizado. S\u00f3 tome cuidado para que a combina\u00e7\u00e3o seja harm\u00f4nica e n\u00e3o comprometa a integridade estrutural da fachada.<\/p>\n<p>&nbsp;<\/p>\n","protected":false},"excerpt":{"rendered":"<p>Reinvente seu espa\u00e7o com ideias incr\u00edveis para revestimentos para fachada. Confira agora!<\/p>\n","protected":false},"author":102,"featured_media":101908,"comment_status":"closed","ping_status":"closed","sticky":false,"template":"","format":"standard","meta":{"footnotes":""},"categories":[1484],"tags":[],"class_list":["post-101911","post","type-post","status-publish","format-standard","has-post-thumbnail","category-decoracao"],"_wp_attached_file":null,"_wp_attachment_metadata":null,"_wp_attachment_context":null,"_wp_attachment_is_custom_header":null,"geo_longitude":null,"geo_public":null,"geo_latitude":null,"_publicize_done_external":null,"_wpas_done_3897181":null,"publicize_twitter_user":null,"_wpas_done_3897175":null,"_wpas_skip_3897181":null,"_wpas_skip_3897175":null,"_wpas_skip_3924723":null,"_wpas_mess":null,"_wpas_done_3924723":null,"wps_subtitle":"","_links":{"self":[{"href":"https:\/\/www.aarquiteta.com.br\/blog\/wp-json\/wp\/v2\/posts\/101911","targetHints":{"allow":["GET"]}}],"collection":[{"href":"https:\/\/www.aarquiteta.com.br\/blog\/wp-json\/wp\/v2\/posts"}],"about":[{"href":"https:\/\/www.aarquiteta.com.br\/blog\/wp-json\/wp\/v2\/types\/post"}],"author":[{"embeddable":true,"href":"https:\/\/www.aarquiteta.com.br\/blog\/wp-json\/wp\/v2\/users\/102"}],"replies":[{"embeddable":true,"href":"https:\/\/www.aarquiteta.com.br\/blog\/wp-json\/wp\/v2\/comments?post=101911"}],"version-history":[{"count":0,"href":"https:\/\/www.aarquiteta.com.br\/blog\/wp-json\/wp\/v2\/posts\/101911\/revisions"}],"wp:featuredmedia":[{"embeddable":true,"href":"https:\/\/www.aarquiteta.com.br\/blog\/wp-json\/wp\/v2\/media\/101908"}],"wp:attachment":[{"href":"https:\/\/www.aarquiteta.com.br\/blog\/wp-json\/wp\/v2\/media?parent=101911"}],"wp:term":[{"taxonomy":"category","embeddable":true,"href":"https:\/\/www.aarquiteta.com.br\/blog\/wp-json\/wp\/v2\/categories?post=101911"},{"taxonomy":"post_tag","embeddable":true,"href":"https:\/\/www.aarquiteta.com.br\/blog\/wp-json\/wp\/v2\/tags?post=101911"}],"curies":[{"name":"wp","href":"https:\/\/api.w.org\/{rel}","templated":true}]}}