{"id":101592,"date":"2023-12-10T06:10:35","date_gmt":"2023-12-10T09:10:35","guid":{"rendered":"http:\/\/aarquiteta.com.br\/?p=101592"},"modified":"2023-12-07T18:12:55","modified_gmt":"2023-12-07T21:12:55","slug":"granito-preto","status":"publish","type":"post","link":"https:\/\/www.aarquiteta.com.br\/blog\/granito-preto\/","title":{"rendered":"Granito Preto: 5 Dicas Para Utilizar Esta Pedra com Eleg\u00e2ncia."},"content":{"rendered":"<p>O granito preto n\u00e3o \u00e9 apenas um elemento de decora\u00e7\u00e3o sofisticado, mas tamb\u00e9m uma escolha pr\u00e1tica para quem busca durabilidade e facilidade de manuten\u00e7\u00e3o em bancadas e revestimentos. Este artigo visa explorar as caracter\u00edsticas \u00fanicas do granito preto, suas vantagens incontest\u00e1veis e as melhores pr\u00e1ticas para cuidar dessa pedra natural, garantindo que ela mantenha sua beleza e funcionalidade ao longo do tempo.<\/p>\n<ul>\n<li>A beleza atemporal do granito preto e sua contribui\u00e7\u00e3o para ambientes elegantes.<\/li>\n<li>A durabilidade e resist\u00eancia do granito preto como fatores de longevidade e economia.<\/li>\n<li>As pr\u00e1ticas recomendadas para manter o granito preto sempre impec\u00e1vel.<\/li>\n<\/ul>\n<h3>Origem e forma\u00e7\u00e3o<\/h3>\n<figure style=\"width: 1024px\" class=\"wp-caption aligncenter\"><img decoding=\"async\" src=\"https:\/\/www.aarquiteta.com.br\/blog\/wp-content\/uploads\/2023\/12\/granito-preto04.jpg\" alt=\"granito preto\" width=\"1024\" height=\"1024\" title=\"\"><figcaption class=\"wp-caption-text\">granito preto<\/figcaption><\/figure>\n<p>O granito preto \u00e9 uma rocha \u00edgnea formada a partir do resfriamento lento do magma abaixo da superf\u00edcie terrestre. Sua cor escura \u00e9 devida \u00e0 presen\u00e7a de minerais como biotita e hornblenda, que conferem n\u00e3o apenas a tonalidade mas tamb\u00e9m caracter\u00edsticas \u00fanicas de resist\u00eancia.<\/p>\n<h3>Varia\u00e7\u00f5es de cor e padr\u00f5es<\/h3>\n<p>Embora conhecido por sua cor s\u00f3lida, o granito preto apresenta varia\u00e7\u00f5es que v\u00e3o desde um preto absoluto at\u00e9 padr\u00f5es com veios brancos ou cinzas, oferecendo uma gama de op\u00e7\u00f5es para diferentes gostos e projetos de design.<\/p>\n<h3>Durabilidade e resist\u00eancia<\/h3>\n<figure style=\"width: 1024px\" class=\"wp-caption aligncenter\"><img decoding=\"async\" src=\"https:\/\/www.aarquiteta.com.br\/blog\/wp-content\/uploads\/2023\/12\/granito-preto03.jpg\" alt=\"granito preto\" width=\"1024\" height=\"1024\" title=\"\"><figcaption class=\"wp-caption-text\">granito preto<\/figcaption><\/figure>\n<p>Uma das principais caracter\u00edsticas do granito preto \u00e9 sua incr\u00edvel durabilidade. Resistente a arranh\u00f5es e capaz de suportar peso consider\u00e1vel, ele \u00e9 ideal para \u00e1reas de alto tr\u00e1fego e uso intenso.<\/p>\n<h3>Versatilidade de uso<\/h3>\n<p>Al\u00e9m de bancadas, o granito preto pode ser utilizado em pisos, paredes e at\u00e9 em fachadas externas, mostrando sua versatilidade e adaptabilidade a diferentes ambientes e estilos.<\/p>\n<h3>Valor est\u00e9tico<\/h3>\n<p>O granito preto \u00e9 sin\u00f4nimo de eleg\u00e2ncia e sofistica\u00e7\u00e3o. Sua presen\u00e7a em um ambiente eleva imediatamente o n\u00edvel de requinte, tornando-se um ponto focal de admira\u00e7\u00e3o.<\/p>\n<h3>Facilidade de manuten\u00e7\u00e3o<\/h3>\n<figure style=\"width: 1024px\" class=\"wp-caption aligncenter\"><img decoding=\"async\" src=\"https:\/\/www.aarquiteta.com.br\/blog\/wp-content\/uploads\/2023\/12\/granito-preto02.jpg\" alt=\"granito preto\" width=\"1024\" height=\"1024\" title=\"\"><figcaption class=\"wp-caption-text\">granito preto<\/figcaption><\/figure>\n<p>Contrariamente ao que muitos pensam, o granito preto \u00e9 de f\u00e1cil manuten\u00e7\u00e3o. Sua superf\u00edcie lisa e compacta facilita a limpeza e a conserva\u00e7\u00e3o do brilho natural da pedra.<\/p>\n<h3>Durabilidade<\/h3>\n<p>Como mencionado anteriormente, a durabilidade do granito preto \u00e9 uma de suas vantagens mais not\u00e1veis, permitindo que ele permane\u00e7a como novo por d\u00e9cadas com o cuidado adequado.<\/p>\n<h3>Resist\u00eancia a manchas e riscos<\/h3>\n<figure style=\"width: 1024px\" class=\"wp-caption aligncenter\"><img decoding=\"async\" src=\"https:\/\/www.aarquiteta.com.br\/blog\/wp-content\/uploads\/2023\/12\/granito-preto01.jpg\" alt=\"granito preto\" width=\"1024\" height=\"1024\" title=\"\"><figcaption class=\"wp-caption-text\">granito preto<\/figcaption><\/figure>\n<p>Esta pedra natural \u00e9 altamente resistente a manchas e riscos, o que a torna uma op\u00e7\u00e3o ideal para cozinhas e banheiros, onde o risco de danos \u00e9 maior.<\/p>\n<h3>Variedade de op\u00e7\u00f5es<\/h3>\n<p>A diversidade de padr\u00f5es e tonalidades do granito preto permite que ele se encaixe em qualquer projeto, desde os mais cl\u00e1ssicos at\u00e9 os mais modernos.<\/p>\n<h3>Valoriza\u00e7\u00e3o do ambiente<\/h3>\n<p>Investir em granito preto \u00e9 tamb\u00e9m investir na valoriza\u00e7\u00e3o do im\u00f3vel. Sua qualidade e beleza s\u00e3o reconhecidas e desejadas no mercado imobili\u00e1rio.<\/p>\n<h3>F\u00e1cil limpeza e manuten\u00e7\u00e3o<\/h3>\n<p>A rotina de limpeza do granito preto \u00e9 simples e descomplicada, exigindo apenas produtos neutros e um pano macio para manter sua apar\u00eancia impec\u00e1vel.<\/p>\n<h3>Longa vida \u00fatil<\/h3>\n<p>A longevidade do granito preto \u00e9 um dos seus maiores atrativos, sendo uma escolha econ\u00f4mica a longo prazo devido \u00e0 sua resist\u00eancia ao desgaste natural.<\/p>\n<h3>Limpeza di\u00e1ria<\/h3>\n<p>Para a limpeza di\u00e1ria, recomenda-se o uso de \u00e1gua e sab\u00e3o neutro, evitando produtos abrasivos que possam danificar o acabamento da pedra.<\/p>\n[amazon table=&#8221;82974&#8243;]\n<h3>Evitar produtos qu\u00edmicos agressivos<\/h3>\n<p>Produtos qu\u00edmicos como \u00e1cidos e alvejantes devem ser evitados, pois podem manchar ou desgastar a superf\u00edcie do granito preto.<\/p>\n<h3>Prote\u00e7\u00e3o contra riscos e impactos<\/h3>\n<p>Embora resistente, \u00e9 aconselh\u00e1vel usar t\u00e1buas de corte e evitar impactos diretos com objetos pesados para preservar a integridade do granito.<\/p>\n<h3>Reaplica\u00e7\u00e3o de selante<\/h3>\n<p>Aplicar selante ajuda periodicamente a proteger o granito preto contra manchas e a manter seu brilho, garantindo sua beleza por mais tempo.<\/p>\n<h3>Evitar exposi\u00e7\u00e3o a altas temperaturas<\/h3>\n<p>Apesar de resistir ao calor, \u00e9 recomend\u00e1vel usar suportes para panelas quentes para evitar o risco de danificar a superf\u00edcie do granito.<\/p>\n<h3>Manuten\u00e7\u00e3o profissional peri\u00f3dica<\/h3>\n<p>Consultar um profissional para manuten\u00e7\u00f5es peri\u00f3dicas pode ser uma boa pr\u00e1tica para garantir que o granito preto esteja sempre nas melhores condi\u00e7\u00f5es.<\/p>\n<p>O granito preto \u00e9 uma escolha inteligente e elegante para quem busca um material de alta qualidade e baixa manuten\u00e7\u00e3o. Com os cuidados corretos, ele pode embelezar e agregar valor a qualquer espa\u00e7o por muitos anos. Lembre-se de que a beleza est\u00e1 nos detalhes e a durabilidade no cuidado que dedicamos.<\/p>\n<blockquote><p><strong>Curiosidade:<\/strong> Voc\u00ea sabia que o granito preto \u00e9 t\u00e3o resistente que \u00e9 frequentemente utilizado em \u00e1reas externas, resistindo a varia\u00e7\u00f5es clim\u00e1ticas sem perder sua beleza?<\/p><\/blockquote>\n<div class=\"youtube-embed\" data-video_id=\"PPB4Pn8DJaw\"><iframe title=\"BANCADA PRETA NA COZINHA, como combinar?  | Mariana Cabral\" width=\"696\" height=\"392\" src=\"https:\/\/www.youtube.com\/embed\/PPB4Pn8DJaw?feature=oembed&#038;enablejsapi=1\" frameborder=\"0\" allow=\"accelerometer; autoplay; clipboard-write; encrypted-media; gyroscope; picture-in-picture; web-share\" allowfullscreen><\/iframe><\/div>\n<h2>Perguntas Frequentes<\/h2>\n<h3>O granito preto \u00e9 resistente a manchas?<\/h3>\n<p>Sim, o granito preto possui alta resist\u00eancia a manchas, especialmente se for devidamente selado e mantido.<\/p>\n<h3>Posso usar produtos de limpeza comuns no granito preto?<\/h3>\n<p>\u00c9 recomend\u00e1vel evitar produtos de limpeza comuns que sejam \u00e1cidos ou abrasivos. Prefira sab\u00e3o neutro e \u00e1gua para a limpeza di\u00e1ria.<\/p>\n<h3>\u00c9 poss\u00edvel reparar arranh\u00f5es no granito preto?<\/h3>\n<p>Pequenos arranh\u00f5es podem ser reparados com a ajuda de um profissional, mas a melhor pr\u00e1tica \u00e9 sempre prevenir danos utilizando prote\u00e7\u00f5es como t\u00e1buas de corte.<\/p>\n","protected":false},"excerpt":{"rendered":"<p>Descubra o segredo de uma granito preto perfeita. Inspire-se conosco!<\/p>\n","protected":false},"author":102,"featured_media":101589,"comment_status":"closed","ping_status":"closed","sticky":false,"template":"","format":"standard","meta":{"footnotes":""},"categories":[1484],"tags":[],"class_list":["post-101592","post","type-post","status-publish","format-standard","has-post-thumbnail","category-decoracao"],"_wp_attached_file":null,"_wp_attachment_metadata":null,"_wp_attachment_context":null,"_wp_attachment_is_custom_header":null,"geo_longitude":null,"geo_public":null,"geo_latitude":null,"_publicize_done_external":null,"_wpas_done_3897181":null,"publicize_twitter_user":null,"_wpas_done_3897175":null,"_wpas_skip_3897181":null,"_wpas_skip_3897175":null,"_wpas_skip_3924723":null,"_wpas_mess":null,"_wpas_done_3924723":null,"wps_subtitle":"","_links":{"self":[{"href":"https:\/\/www.aarquiteta.com.br\/blog\/wp-json\/wp\/v2\/posts\/101592","targetHints":{"allow":["GET"]}}],"collection":[{"href":"https:\/\/www.aarquiteta.com.br\/blog\/wp-json\/wp\/v2\/posts"}],"about":[{"href":"https:\/\/www.aarquiteta.com.br\/blog\/wp-json\/wp\/v2\/types\/post"}],"author":[{"embeddable":true,"href":"https:\/\/www.aarquiteta.com.br\/blog\/wp-json\/wp\/v2\/users\/102"}],"replies":[{"embeddable":true,"href":"https:\/\/www.aarquiteta.com.br\/blog\/wp-json\/wp\/v2\/comments?post=101592"}],"version-history":[{"count":0,"href":"https:\/\/www.aarquiteta.com.br\/blog\/wp-json\/wp\/v2\/posts\/101592\/revisions"}],"wp:featuredmedia":[{"embeddable":true,"href":"https:\/\/www.aarquiteta.com.br\/blog\/wp-json\/wp\/v2\/media\/101589"}],"wp:attachment":[{"href":"https:\/\/www.aarquiteta.com.br\/blog\/wp-json\/wp\/v2\/media?parent=101592"}],"wp:term":[{"taxonomy":"category","embeddable":true,"href":"https:\/\/www.aarquiteta.com.br\/blog\/wp-json\/wp\/v2\/categories?post=101592"},{"taxonomy":"post_tag","embeddable":true,"href":"https:\/\/www.aarquiteta.com.br\/blog\/wp-json\/wp\/v2\/tags?post=101592"}],"curies":[{"name":"wp","href":"https:\/\/api.w.org\/{rel}","templated":true}]}}