{"id":101290,"date":"2024-01-14T09:17:58","date_gmt":"2024-01-14T12:17:58","guid":{"rendered":"http:\/\/aarquiteta.com.br\/?p=101290"},"modified":"2024-01-14T09:17:58","modified_gmt":"2024-01-14T12:17:58","slug":"fonte-de-agua","status":"publish","type":"post","link":"https:\/\/www.aarquiteta.com.br\/blog\/fonte-de-agua\/","title":{"rendered":"5 Benef\u00edcios de Possuir Uma Fonte de \u00c1gua em Casa"},"content":{"rendered":"<p><strong>Entender a import\u00e2ncia da \u00e1gua<\/strong> para nossa sa\u00fade e bem-estar \u00e9 fundamental. A \u00e1gua \u00e9 um recurso vital que desempenha um papel crucial em quase todas as fun\u00e7\u00f5es do nosso corpo.<\/p>\n<p>Vamos explorar como uma fonte de \u00e1gua pode melhorar sua qualidade de vida e bem-estar geral.<\/p>\n<h3>1. Melhora a qualidade da \u00e1gua<\/h3>\n<figure id=\"attachment_101421\" aria-describedby=\"caption-attachment-101421\" style=\"width: 1200px\" class=\"wp-caption alignnone\"><img decoding=\"async\" class=\"size-full wp-image-101421\" src=\"https:\/\/www.aarquiteta.com.br\/blog\/wp-content\/uploads\/2023\/12\/fonte-de-agua.jpg\" alt=\"Fonte de \u00c1gua: Benef\u00edcios e Dicas para Instalar em Casa\" width=\"1200\" height=\"800\" title=\"\" srcset=\"https:\/\/www.aarquiteta.com.br\/blog\/wp-content\/uploads\/2023\/12\/fonte-de-agua.jpg 1200w, https:\/\/www.aarquiteta.com.br\/blog\/wp-content\/uploads\/2023\/12\/fonte-de-agua-1024x683.jpg 1024w, https:\/\/www.aarquiteta.com.br\/blog\/wp-content\/uploads\/2023\/12\/fonte-de-agua-696x464.jpg 696w, https:\/\/www.aarquiteta.com.br\/blog\/wp-content\/uploads\/2023\/12\/fonte-de-agua-150x100.jpg 150w\" sizes=\"(max-width: 1200px) 100vw, 1200px\" \/><figcaption id=\"caption-attachment-101421\" class=\"wp-caption-text\">Fonte de \u00c1gua: Benef\u00edcios e Dicas para Instalar em Casa<\/figcaption><\/figure>\n<p>Ter uma fonte de \u00e1gua em casa significa que voc\u00ea pode desfrutar de \u00e1gua filtrada e purificada a qualquer momento. Isso \u00e9 especialmente importante se voc\u00ea vive em uma \u00e1rea onde a qualidade da \u00e1gua da torneira n\u00e3o \u00e9 das melhores.<\/p>\n<p>Uma fonte de \u00e1gua pode remover impurezas e melhorar o sabor, incentivando voc\u00ea e sua fam\u00edlia a beber mais \u00e1gua.<\/p>\n<blockquote><p>E aqui vai uma curiosidade: voc\u00ea sabia que o som da \u00e1gua corrente pode aumentar a criatividade? Estudos sugerem que o som suave da \u00e1gua pode ajudar a liberar pensamentos criativos, tornando uma fonte de \u00e1gua um excelente complemento para qualquer espa\u00e7o de trabalho criativo!<\/p><\/blockquote>\n<h3><span style=\"color: var(--td_text_color, #111111);\">2. Ajuda a relaxar e reduzir o estresse<\/span><\/h3>\n<figure id=\"attachment_101419\" aria-describedby=\"caption-attachment-101419\" style=\"width: 1200px\" class=\"wp-caption alignnone\"><img decoding=\"async\" class=\"size-full wp-image-101419\" src=\"https:\/\/www.aarquiteta.com.br\/blog\/wp-content\/uploads\/2023\/12\/fonte-de-agua-2.jpg\" alt=\"Fonte de \u00c1gua: Benef\u00edcios e Dicas para Instalar em Casa\" width=\"1200\" height=\"800\" title=\"\" srcset=\"https:\/\/www.aarquiteta.com.br\/blog\/wp-content\/uploads\/2023\/12\/fonte-de-agua-2.jpg 1200w, https:\/\/www.aarquiteta.com.br\/blog\/wp-content\/uploads\/2023\/12\/fonte-de-agua-2-1024x683.jpg 1024w, https:\/\/www.aarquiteta.com.br\/blog\/wp-content\/uploads\/2023\/12\/fonte-de-agua-2-696x464.jpg 696w, https:\/\/www.aarquiteta.com.br\/blog\/wp-content\/uploads\/2023\/12\/fonte-de-agua-2-150x100.jpg 150w\" sizes=\"(max-width: 1200px) 100vw, 1200px\" \/><figcaption id=\"caption-attachment-101419\" class=\"wp-caption-text\">Fonte de \u00c1gua: Benef\u00edcios e Dicas para Instalar em Casa<\/figcaption><\/figure>\n<p>O som suave da \u00e1gua corrente de uma fonte pode ser extremamente relaxante e ter um efeito calmante, o que \u00e9 perfeito para criar um ambiente tranquilo em casa ou no trabalho.<\/p>\n[amazon table=&#8221;101423&#8243;]\n<h3>3. Melhora a qualidade do ar<\/h3>\n<figure id=\"attachment_101418\" aria-describedby=\"caption-attachment-101418\" style=\"width: 1200px\" class=\"wp-caption alignnone\"><img decoding=\"async\" class=\"size-full wp-image-101418\" src=\"https:\/\/www.aarquiteta.com.br\/blog\/wp-content\/uploads\/2023\/12\/fonte-de-agua-3.jpg\" alt=\"Fonte de \u00c1gua: Benef\u00edcios e Dicas para Instalar em Casa\" width=\"1200\" height=\"800\" title=\"\" srcset=\"https:\/\/www.aarquiteta.com.br\/blog\/wp-content\/uploads\/2023\/12\/fonte-de-agua-3.jpg 1200w, https:\/\/www.aarquiteta.com.br\/blog\/wp-content\/uploads\/2023\/12\/fonte-de-agua-3-1024x683.jpg 1024w, https:\/\/www.aarquiteta.com.br\/blog\/wp-content\/uploads\/2023\/12\/fonte-de-agua-3-696x464.jpg 696w, https:\/\/www.aarquiteta.com.br\/blog\/wp-content\/uploads\/2023\/12\/fonte-de-agua-3-150x100.jpg 150w\" sizes=\"(max-width: 1200px) 100vw, 1200px\" \/><figcaption id=\"caption-attachment-101418\" class=\"wp-caption-text\">Fonte de \u00c1gua: Benef\u00edcios e Dicas para Instalar em Casa<\/figcaption><\/figure>\n<p>Fontes de \u00e1gua agem como umidificadores naturais, adicionando umidade ao ar seco de ambientes fechados. Isso pode ajudar a aliviar problemas respirat\u00f3rios e alergias, al\u00e9m de tornar o ambiente mais confort\u00e1vel.<\/p>\n<h3>4. Adiciona um toque de decora\u00e7\u00e3o<\/h3>\n<p>Al\u00e9m de pr\u00e1ticas, as fontes de \u00e1gua podem ser pe\u00e7as decorativas elegantes que complementam qualquer espa\u00e7o, seja ele moderno ou tradicional.<\/p>\n<h3>5. Pode ser personalizada<\/h3>\n<figure id=\"attachment_101287\" aria-describedby=\"caption-attachment-101287\" style=\"width: 1024px\" class=\"wp-caption alignnone\"><img decoding=\"async\" class=\"size-full wp-image-101287\" src=\"https:\/\/www.aarquiteta.com.br\/blog\/wp-content\/uploads\/2023\/12\/fonte-de-agua02.jpg\" alt=\"fonte de \u00e1gua\" width=\"1024\" height=\"1024\" title=\"\" srcset=\"https:\/\/www.aarquiteta.com.br\/blog\/wp-content\/uploads\/2023\/12\/fonte-de-agua02.jpg 1024w, https:\/\/www.aarquiteta.com.br\/blog\/wp-content\/uploads\/2023\/12\/fonte-de-agua02-696x696.jpg 696w, https:\/\/www.aarquiteta.com.br\/blog\/wp-content\/uploads\/2023\/12\/fonte-de-agua02-96x96.jpg 96w, https:\/\/www.aarquiteta.com.br\/blog\/wp-content\/uploads\/2023\/12\/fonte-de-agua02-150x150.jpg 150w\" sizes=\"(max-width: 1024px) 100vw, 1024px\" \/><figcaption id=\"caption-attachment-101287\" class=\"wp-caption-text\">fonte de \u00e1gua<\/figcaption><\/figure>\n<p>Existem muitas op\u00e7\u00f5es de fontes de \u00e1gua dispon\u00edveis no mercado, permitindo que voc\u00ea escolha uma que se adapte ao seu gosto pessoal e \u00e0s necessidades do seu espa\u00e7o.<\/p>\n<p>Em conclus\u00e3o, investir em uma fonte de \u00e1gua \u00e9 uma decis\u00e3o inteligente que pode melhorar significativamente sua qualidade de vida. Al\u00e9m de garantir que voc\u00ea estar\u00e1 contribuindo para o meio ambiente.<\/p>\n","protected":false},"excerpt":{"rendered":"<p>Mergulhe na beleza e nuances de fonte de \u00e1gua. Tudo para um jardim perfeito!<\/p>\n","protected":false},"author":102,"featured_media":101421,"comment_status":"closed","ping_status":"closed","sticky":false,"template":"","format":"standard","meta":{"footnotes":""},"categories":[9612],"tags":[34994,28913],"class_list":["post-101290","post","type-post","status-publish","format-standard","has-post-thumbnail","category-jardinagem","tag-cultivo-de-fonte-de-agua","tag-fonte-de-agua"],"_wp_attached_file":null,"_wp_attachment_metadata":null,"_wp_attachment_context":null,"_wp_attachment_is_custom_header":null,"geo_longitude":null,"geo_public":null,"geo_latitude":null,"_publicize_done_external":null,"_wpas_done_3897181":null,"publicize_twitter_user":null,"_wpas_done_3897175":null,"_wpas_skip_3897181":null,"_wpas_skip_3897175":null,"_wpas_skip_3924723":null,"_wpas_mess":null,"_wpas_done_3924723":null,"wps_subtitle":"","_links":{"self":[{"href":"https:\/\/www.aarquiteta.com.br\/blog\/wp-json\/wp\/v2\/posts\/101290","targetHints":{"allow":["GET"]}}],"collection":[{"href":"https:\/\/www.aarquiteta.com.br\/blog\/wp-json\/wp\/v2\/posts"}],"about":[{"href":"https:\/\/www.aarquiteta.com.br\/blog\/wp-json\/wp\/v2\/types\/post"}],"author":[{"embeddable":true,"href":"https:\/\/www.aarquiteta.com.br\/blog\/wp-json\/wp\/v2\/users\/102"}],"replies":[{"embeddable":true,"href":"https:\/\/www.aarquiteta.com.br\/blog\/wp-json\/wp\/v2\/comments?post=101290"}],"version-history":[{"count":0,"href":"https:\/\/www.aarquiteta.com.br\/blog\/wp-json\/wp\/v2\/posts\/101290\/revisions"}],"wp:featuredmedia":[{"embeddable":true,"href":"https:\/\/www.aarquiteta.com.br\/blog\/wp-json\/wp\/v2\/media\/101421"}],"wp:attachment":[{"href":"https:\/\/www.aarquiteta.com.br\/blog\/wp-json\/wp\/v2\/media?parent=101290"}],"wp:term":[{"taxonomy":"category","embeddable":true,"href":"https:\/\/www.aarquiteta.com.br\/blog\/wp-json\/wp\/v2\/categories?post=101290"},{"taxonomy":"post_tag","embeddable":true,"href":"https:\/\/www.aarquiteta.com.br\/blog\/wp-json\/wp\/v2\/tags?post=101290"}],"curies":[{"name":"wp","href":"https:\/\/api.w.org\/{rel}","templated":true}]}}