{"id":101272,"date":"2023-12-07T06:15:28","date_gmt":"2023-12-07T09:15:28","guid":{"rendered":"http:\/\/aarquiteta.com.br\/?p=101272"},"modified":"2023-12-04T14:57:45","modified_gmt":"2023-12-04T17:57:45","slug":"ame-ou-odeie-os-5-principais-elementos-em-espacos-modernos-da-sala-de-estar-e-jantar","status":"publish","type":"post","link":"https:\/\/www.aarquiteta.com.br\/blog\/ame-ou-odeie-os-5-principais-elementos-em-espacos-modernos-da-sala-de-estar-e-jantar\/","title":{"rendered":"Ame ou Odeie: Os 5 Principais Elementos em Espa\u00e7os Modernos da Sala de Estar e Jantar"},"content":{"rendered":"<p>Criar um espa\u00e7o acolhedor e estiloso em sua sala \u00e9 uma jornada empolgante. Aqui, voc\u00ea encontrar\u00e1 dicas para harmonizar est\u00e9tica e funcionalidade, escolhendo m\u00f3veis e acess\u00f3rios que n\u00e3o s\u00f3 refletem seu estilo pessoal, mas tamb\u00e9m atendem \u00e0s necessidades pr\u00e1ticas do seu dia a dia.<\/p>\n<h2>Explorando o Potencial da Sua Sala<\/h2>\n<h3>1. A Arte de Escolher o Sof\u00e1 Perfeito<\/h3>\n<p>O sof\u00e1 n\u00e3o \u00e9 apenas um m\u00f3vel; \u00e9 o cora\u00e7\u00e3o da sua sala. Para salas compactas, os sof\u00e1s retr\u00e1teis s\u00e3o ideais, enquanto espa\u00e7os maiores podem acomodar sof\u00e1s mais robustos e de design audacioso. Lembre-se de que o conforto deve andar de m\u00e3os dadas com a est\u00e9tica.<\/p>\n<h3>2. Pain\u00e9is de TV e a Personaliza\u00e7\u00e3o das Paredes<\/h3>\n<p>O painel de TV \u00e9 um elemento chave. Ele deve se harmonizar com a decora\u00e7\u00e3o geral, criando um ponto focal atraente. Adicionar prateleiras, arte ou texturas \u00e0 parede atr\u00e1s do sof\u00e1 pode adicionar profundidade e interesse visual ao ambiente.<\/p>\n<figure id=\"attachment_101274\" aria-describedby=\"caption-attachment-101274\" style=\"width: 1024px\" class=\"wp-caption alignnone\"><img decoding=\"async\" class=\"size-full wp-image-101274\" src=\"https:\/\/www.aarquiteta.com.br\/blog\/wp-content\/uploads\/2023\/12\/Elementos-em-Espacos-Modernos-da-Sala-de-Estar-e-Jantar.jpg\" alt=\"Elementos em Espa\u00e7os Modernos da Sala de Estar e Jantar \" width=\"1024\" height=\"1024\" title=\"\" srcset=\"https:\/\/www.aarquiteta.com.br\/blog\/wp-content\/uploads\/2023\/12\/Elementos-em-Espacos-Modernos-da-Sala-de-Estar-e-Jantar.jpg 1024w, https:\/\/www.aarquiteta.com.br\/blog\/wp-content\/uploads\/2023\/12\/Elementos-em-Espacos-Modernos-da-Sala-de-Estar-e-Jantar-696x696.jpg 696w, https:\/\/www.aarquiteta.com.br\/blog\/wp-content\/uploads\/2023\/12\/Elementos-em-Espacos-Modernos-da-Sala-de-Estar-e-Jantar-96x96.jpg 96w, https:\/\/www.aarquiteta.com.br\/blog\/wp-content\/uploads\/2023\/12\/Elementos-em-Espacos-Modernos-da-Sala-de-Estar-e-Jantar-150x150.jpg 150w\" sizes=\"(max-width: 1024px) 100vw, 1024px\" \/><figcaption id=\"caption-attachment-101274\" class=\"wp-caption-text\">Elementos em Espa\u00e7os Modernos da Sala de Estar e Jantar<\/figcaption><\/figure>\n<h3>3. Ilumina\u00e7\u00e3o: A Alma do Ambiente<\/h3>\n<p>Ilumina\u00e7\u00e3o \u00e9 tudo sobre criar o clima certo. Para \u00e1reas de relaxamento, opte por luzes suaves e difusas, enquanto espa\u00e7os como cantos de leitura ou a mesa de jantar podem se beneficiar de ilumina\u00e7\u00e3o mais direcionada e intensa.<\/p>\n<h3>4. Mesas de Centro: Funcionais e Estilosas<\/h3>\n<p>Uma mesa de centro bem escolhida pode transformar o visual da sala. Deve complementar o sof\u00e1, oferecendo espa\u00e7o suficiente para decora\u00e7\u00e3o e itens pr\u00e1ticos, sem comprometer a circula\u00e7\u00e3o no espa\u00e7o.<\/p>\n<h3>5. Tapetes e Cortinas: Texturas que Confortam<\/h3>\n<p>Tapetes e cortinas s\u00e3o os finalizadores perfeitos, adicionando textura e conforto ao espa\u00e7o. Escolha materiais e padr\u00f5es que complementem a decora\u00e7\u00e3o e sejam pr\u00e1ticos para manter.<\/p>\n<h3>6. Cores: Pintando Emo\u00e7\u00f5es no Espa\u00e7o<\/h3>\n<p>As cores t\u00eam o poder de transformar um ambiente. Uma paleta de cores bem pensada pode criar uma atmosfera harmoniosa, seja optando por tons neutros para maior flexibilidade ou cores vibrantes para adicionar personalidade.<\/p>\n<blockquote><p>A decora\u00e7\u00e3o da sala reflete as tend\u00eancias culturais e hist\u00f3ricas, e a evolu\u00e7\u00e3o do design de interiores \u00e9 um espelho dos avan\u00e7os sociais e tecnol\u00f3gicos. A maneira como organizamos e decoramos nossos espa\u00e7os vive em constante transforma\u00e7\u00e3o, refletindo as mudan\u00e7as em nossos estilos de vida.<\/p><\/blockquote>\n<h3>7. Planejando o Layout Ideal<\/h3>\n<p>Um bom layout maximiza tanto o espa\u00e7o quanto a funcionalidade. Pense no fluxo do tr\u00e1fego, na disposi\u00e7\u00e3o dos m\u00f3veis e em como cada elemento contribui para criar um ambiente acolhedor e pr\u00e1tico.<\/p>\n<h3>8. Acess\u00f3rios: Os Toques Finais<\/h3>\n<p>Os acess\u00f3rios s\u00e3o a cereja do bolo na decora\u00e7\u00e3o. Almofadas coloridas, velas arom\u00e1ticas e obras de arte selecionadas podem adicionar personalidade e transformar o ambiente em um reflexo do seu estilo de vida.<\/p>\n<figure id=\"attachment_101273\" aria-describedby=\"caption-attachment-101273\" style=\"width: 1024px\" class=\"wp-caption alignnone\"><img decoding=\"async\" class=\"size-full wp-image-101273\" src=\"https:\/\/www.aarquiteta.com.br\/blog\/wp-content\/uploads\/2023\/12\/Elementos-em-Espacos-Modernos-da-Sala-de-Estar-e-Jantar-1.jpg\" alt=\"Elementos em Espa\u00e7os Modernos da Sala de Estar e Jantar\" width=\"1024\" height=\"1024\" title=\"\" srcset=\"https:\/\/www.aarquiteta.com.br\/blog\/wp-content\/uploads\/2023\/12\/Elementos-em-Espacos-Modernos-da-Sala-de-Estar-e-Jantar-1.jpg 1024w, https:\/\/www.aarquiteta.com.br\/blog\/wp-content\/uploads\/2023\/12\/Elementos-em-Espacos-Modernos-da-Sala-de-Estar-e-Jantar-1-696x696.jpg 696w, https:\/\/www.aarquiteta.com.br\/blog\/wp-content\/uploads\/2023\/12\/Elementos-em-Espacos-Modernos-da-Sala-de-Estar-e-Jantar-1-96x96.jpg 96w, https:\/\/www.aarquiteta.com.br\/blog\/wp-content\/uploads\/2023\/12\/Elementos-em-Espacos-Modernos-da-Sala-de-Estar-e-Jantar-1-150x150.jpg 150w\" sizes=\"(max-width: 1024px) 100vw, 1024px\" \/><figcaption id=\"caption-attachment-101273\" class=\"wp-caption-text\">Elementos em Espa\u00e7os Modernos da Sala de Estar e Jantar<\/figcaption><\/figure>\n<h2>Conclus\u00e3o<\/h2>\n<p>Decorar sua sala \u00e9 uma express\u00e3o de criatividade e personalidade. As melhores decora\u00e7\u00f5es combinam forma e fun\u00e7\u00e3o, criando espa\u00e7os que n\u00e3o apenas parecem bons, mas tamb\u00e9m s\u00e3o agrad\u00e1veis e pr\u00e1ticos para o seu dia a dia.<\/p>\n<h2>Perguntas Frequentes<\/h2>\n<h3>1. Como Harmonizar M\u00f3veis de Diferentes Estilos?<\/h3>\n<p>Combine m\u00f3veis cl\u00e1ssicos com modernos para um visual ecl\u00e9tico, mantendo uma paleta de cores coesa para unificar os diferentes estilos.<\/p>\n<h3>\n2. A Import\u00e2ncia da Ilumina\u00e7\u00e3o na Decora\u00e7\u00e3o<\/h3>\n<p>Uma ilumina\u00e7\u00e3o bem planejada pode real\u00e7ar os detalhes da decora\u00e7\u00e3o, criar diferentes atmosferas e influenciar o humor do ambiente.<\/p>\n<h3>\n3. Maximizando Espa\u00e7os Pequenos<\/h3>\n<p>Em espa\u00e7os reduzidos, opte por m\u00f3veis multifuncionais e espelhos para criar a ilus\u00e3o de mais espa\u00e7o. Cores claras e um layout inteligente podem fazer maravilhas em pequenas salas de estar.<\/p>\n","protected":false},"excerpt":{"rendered":"<p>Criar um espa\u00e7o acolhedor e estiloso em sua sala \u00e9 uma jornada empolgante. Aqui, voc\u00ea encontrar\u00e1 dicas para harmonizar est\u00e9tica e funcionalidade, escolhendo m\u00f3veis e acess\u00f3rios que n\u00e3o s\u00f3 refletem seu estilo pessoal, mas tamb\u00e9m atendem \u00e0s necessidades pr\u00e1ticas do seu dia a dia. Explorando o Potencial da Sua Sala 1. A Arte de Escolher [&hellip;]<\/p>\n","protected":false},"author":102,"featured_media":101273,"comment_status":"closed","ping_status":"closed","sticky":false,"template":"","format":"standard","meta":{"footnotes":""},"categories":[1484,18751,18752],"tags":[34983,27677,34984,26702,34982],"class_list":["post-101272","post","type-post","status-publish","format-standard","has-post-thumbnail","category-decoracao","category-decoracao-sala-de-estar","category-decoracao-sala-de-jantar","tag-acertos-e-erros-de-design-de-interiores","tag-design-de-sala-de-estar","tag-insights-de-decoracao-de-casa","tag-otimizacao-de-espaco","tag-tendencias-de-sala-de-jantar"],"_wp_attached_file":null,"_wp_attachment_metadata":null,"_wp_attachment_context":null,"_wp_attachment_is_custom_header":null,"geo_longitude":null,"geo_public":null,"geo_latitude":null,"_publicize_done_external":null,"_wpas_done_3897181":null,"publicize_twitter_user":null,"_wpas_done_3897175":null,"_wpas_skip_3897181":null,"_wpas_skip_3897175":null,"_wpas_skip_3924723":null,"_wpas_mess":null,"_wpas_done_3924723":null,"wps_subtitle":"","_links":{"self":[{"href":"https:\/\/www.aarquiteta.com.br\/blog\/wp-json\/wp\/v2\/posts\/101272","targetHints":{"allow":["GET"]}}],"collection":[{"href":"https:\/\/www.aarquiteta.com.br\/blog\/wp-json\/wp\/v2\/posts"}],"about":[{"href":"https:\/\/www.aarquiteta.com.br\/blog\/wp-json\/wp\/v2\/types\/post"}],"author":[{"embeddable":true,"href":"https:\/\/www.aarquiteta.com.br\/blog\/wp-json\/wp\/v2\/users\/102"}],"replies":[{"embeddable":true,"href":"https:\/\/www.aarquiteta.com.br\/blog\/wp-json\/wp\/v2\/comments?post=101272"}],"version-history":[{"count":0,"href":"https:\/\/www.aarquiteta.com.br\/blog\/wp-json\/wp\/v2\/posts\/101272\/revisions"}],"wp:featuredmedia":[{"embeddable":true,"href":"https:\/\/www.aarquiteta.com.br\/blog\/wp-json\/wp\/v2\/media\/101273"}],"wp:attachment":[{"href":"https:\/\/www.aarquiteta.com.br\/blog\/wp-json\/wp\/v2\/media?parent=101272"}],"wp:term":[{"taxonomy":"category","embeddable":true,"href":"https:\/\/www.aarquiteta.com.br\/blog\/wp-json\/wp\/v2\/categories?post=101272"},{"taxonomy":"post_tag","embeddable":true,"href":"https:\/\/www.aarquiteta.com.br\/blog\/wp-json\/wp\/v2\/tags?post=101272"}],"curies":[{"name":"wp","href":"https:\/\/api.w.org\/{rel}","templated":true}]}}