{"id":100959,"date":"2023-12-01T18:00:37","date_gmt":"2023-12-01T21:00:37","guid":{"rendered":"http:\/\/aarquiteta.com.br\/?p=100959"},"modified":"2023-12-01T11:11:04","modified_gmt":"2023-12-01T14:11:04","slug":"5-lugares-para-passar-suas-ferias-no-brasil-com-melhor-custo-e-beneficio","status":"publish","type":"post","link":"https:\/\/www.aarquiteta.com.br\/blog\/5-lugares-para-passar-suas-ferias-no-brasil-com-melhor-custo-e-beneficio\/","title":{"rendered":"5 lugares incr\u00edveis no Brasil para passar as f\u00e9rias com o melhor custo-benef\u00edcio."},"content":{"rendered":"<p>Planejar f\u00e9rias no Brasil pode ser uma experi\u00eancia empolgante e econ\u00f4mica se voc\u00ea souber para onde ir. Este artigo revela cinco destinos que oferecem uma experi\u00eancia inesquec\u00edvel com excelente custo-benef\u00edcio. Prepare-se para descobrir lugares que combinam beleza natural, cultura rica e aventura, tudo sem pesar no bolso.<\/p>\n<ul>\n<li>Destinos que proporcionam experi\u00eancias \u00fanicas e acess\u00edveis.<\/li>\n<li>Op\u00e7\u00f5es para todos os gostos: praias, cidades hist\u00f3ricas e natureza exuberante.<\/li>\n<li>Dicas para aproveitar ao m\u00e1ximo sua viagem com economia.<\/li>\n<\/ul>\n<h3>Jericoacoara \u2013 O Para\u00edso Escondido do Cear\u00e1<\/h3>\n<figure style=\"width: 1024px\" class=\"wp-caption aligncenter\"><img decoding=\"async\" src=\"https:\/\/www.aarquiteta.com.br\/blog\/wp-content\/uploads\/2023\/12\/5-lugares-para-passar-suas-ferias-no-Brasil-com-melhor-custo-e-beneficio04.jpg\" alt=\"\" width=\"1024\" height=\"1024\" title=\"\"><figcaption class=\"wp-caption-text\">&#8220;5 lugares incr\u00edveis no Brasil para passar as f\u00e9rias com o melhor custo-benef\u00edcio: segredos revelados para sua divers\u00e3o&#8221;<\/figcaption><\/figure>\n<p>Conhecida por suas dunas deslumbrantes e lagoas cristalinas, <strong>Jericoacoara<\/strong> \u00e9 um ref\u00fagio perfeito para quem busca tranquilidade e beleza natural. Aproveite para praticar kitesurf ou simplesmente relaxar nas redes submersas da Lagoa do Para\u00edso.<\/p>\n<figure id=\"attachment_100960\" aria-describedby=\"caption-attachment-100960\" style=\"width: 1200px\" class=\"wp-caption alignnone\"><img decoding=\"async\" class=\"size-full wp-image-100960\" src=\"https:\/\/www.aarquiteta.com.br\/blog\/wp-content\/uploads\/2023\/12\/chapada-diamantina.jpg\" alt=\"chapada diamantina\" width=\"1200\" height=\"673\" title=\"\" srcset=\"https:\/\/www.aarquiteta.com.br\/blog\/wp-content\/uploads\/2023\/12\/chapada-diamantina.jpg 1200w, https:\/\/www.aarquiteta.com.br\/blog\/wp-content\/uploads\/2023\/12\/chapada-diamantina-1024x574.jpg 1024w, https:\/\/www.aarquiteta.com.br\/blog\/wp-content\/uploads\/2023\/12\/chapada-diamantina-696x390.jpg 696w, https:\/\/www.aarquiteta.com.br\/blog\/wp-content\/uploads\/2023\/12\/chapada-diamantina-150x84.jpg 150w\" sizes=\"(max-width: 1200px) 100vw, 1200px\" \/><figcaption id=\"caption-attachment-100960\" class=\"wp-caption-text\">chapada diamantina<\/figcaption><\/figure>\n<h3>Chapada Diamantina \u2013 Aventura e Hist\u00f3ria na Bahia<\/h3>\n<p>A <strong>Chapada Diamantina<\/strong> oferece trilhas que levam a cachoeiras impressionantes e grutas m\u00edsticas. N\u00e3o deixe de visitar o Po\u00e7o Azul e se banhar em suas \u00e1guas transl\u00facidas. A regi\u00e3o tamb\u00e9m \u00e9 rica em hist\u00f3ria, com vilas que remontam ao auge do garimpo de diamantes.<\/p>\n<h3>Ilha Grande \u2013 O Ref\u00fagio Tropical do Rio de Janeiro<\/h3>\n<figure style=\"width: 1024px\" class=\"wp-caption aligncenter\"><img decoding=\"async\" src=\"https:\/\/www.aarquiteta.com.br\/blog\/wp-content\/uploads\/2023\/12\/5-lugares-para-passar-suas-ferias-no-Brasil-com-melhor-custo-e-beneficio03.jpg\" alt=\"\" width=\"1024\" height=\"1024\" title=\"\"><figcaption class=\"wp-caption-text\">&#8220;5 lugares incr\u00edveis no Brasil para passar as f\u00e9rias com o melhor custo-benef\u00edcio: segredos revelados para sua divers\u00e3o&#8221;<\/figcaption><\/figure>\n<p>A apenas algumas horas da cidade do Rio, a <strong>Ilha Grande<\/strong> \u00e9 um santu\u00e1rio ecol\u00f3gico com praias paradis\u00edacas como Lopes Mendes e a Lagoa Azul. Ideal para trilhas, mergulho e para se desconectar da rotina agitada.<\/p>\n<figure id=\"attachment_100961\" aria-describedby=\"caption-attachment-100961\" style=\"width: 848px\" class=\"wp-caption alignnone\"><img decoding=\"async\" class=\"size-full wp-image-100961\" src=\"https:\/\/www.aarquiteta.com.br\/blog\/wp-content\/uploads\/2023\/12\/lencois-maranhenses.webp\" alt=\"lencois maranhenses\" width=\"848\" height=\"477\" title=\"\" srcset=\"https:\/\/www.aarquiteta.com.br\/blog\/wp-content\/uploads\/2023\/12\/lencois-maranhenses.webp 848w, https:\/\/www.aarquiteta.com.br\/blog\/wp-content\/uploads\/2023\/12\/lencois-maranhenses-696x392.webp 696w, https:\/\/www.aarquiteta.com.br\/blog\/wp-content\/uploads\/2023\/12\/lencois-maranhenses-150x84.webp 150w\" sizes=\"(max-width: 848px) 100vw, 848px\" \/><figcaption id=\"caption-attachment-100961\" class=\"wp-caption-text\">lencois maranhenses<\/figcaption><\/figure>\n<h3>Len\u00e7\u00f3is Maranhenses \u2013 O Deserto Brasileiro com Lagoas<\/h3>\n<p>Os <strong>Len\u00e7\u00f3is Maranhenses<\/strong> s\u00e3o um espet\u00e1culo \u00e0 parte, com dunas de areia branca e lagoas de \u00e1gua doce que surgem ap\u00f3s o per\u00edodo de chuvas. Uma paisagem \u00fanica que proporciona fotos incr\u00edveis e uma experi\u00eancia memor\u00e1vel.<\/p>\n<figure id=\"attachment_88174\" aria-describedby=\"caption-attachment-88174\" style=\"width: 1200px\" class=\"wp-caption alignnone\"><img decoding=\"async\" class=\"size-full wp-image-88174\" src=\"https:\/\/www.aarquiteta.com.br\/blog\/wp-content\/uploads\/2023\/07\/Ouro-Preto-minas-gerais-7.jpg\" alt=\"O Patrim\u00f4nio Arquitet\u00f4nico de Ouro Preto: Uma Viagem \u00e0 Hist\u00f3ria Brasileira\" width=\"1200\" height=\"800\" title=\"\" srcset=\"https:\/\/www.aarquiteta.com.br\/blog\/wp-content\/uploads\/2023\/07\/Ouro-Preto-minas-gerais-7.jpg 1200w, https:\/\/www.aarquiteta.com.br\/blog\/wp-content\/uploads\/2023\/07\/Ouro-Preto-minas-gerais-7-1024x683.jpg 1024w, https:\/\/www.aarquiteta.com.br\/blog\/wp-content\/uploads\/2023\/07\/Ouro-Preto-minas-gerais-7-696x464.jpg 696w, https:\/\/www.aarquiteta.com.br\/blog\/wp-content\/uploads\/2023\/07\/Ouro-Preto-minas-gerais-7-150x100.jpg 150w\" sizes=\"(max-width: 1200px) 100vw, 1200px\" \/><figcaption id=\"caption-attachment-88174\" class=\"wp-caption-text\">Foto: Canva.com<\/figcaption><\/figure>\n<h3>Ouro Preto \u2013 Imers\u00e3o Cultural em Minas Gerais<\/h3>\n<p><strong>Ouro Preto<\/strong> \u00e9 uma viagem no tempo com suas igrejas barrocas e ruas de pedra. A cidade respira hist\u00f3ria e arte, sendo o local ideal para quem deseja combinar cultura e gastronomia mineira tradicional.<\/p>\n<h3>Maximizando Sua Experi\u00eancia com Economia<\/h3>\n<figure style=\"width: 1024px\" class=\"wp-caption aligncenter\"><img decoding=\"async\" src=\"https:\/\/www.aarquiteta.com.br\/blog\/wp-content\/uploads\/2023\/12\/5-lugares-para-passar-suas-ferias-no-Brasil-com-melhor-custo-e-beneficio02.jpg\" alt=\"\" width=\"1024\" height=\"1024\" title=\"\"><figcaption class=\"wp-caption-text\">&#8220;5 lugares incr\u00edveis no Brasil para passar as f\u00e9rias com o melhor custo-benef\u00edcio: segredos revelados para sua divers\u00e3o&#8221;<\/figcaption><\/figure>\n<p>Para garantir o melhor custo-benef\u00edcio, considere viajar na baixa temporada, buscar hospedagens alternativas como hostels e pousadas familiares, e aproveitar as atra\u00e7\u00f5es naturais, muitas vezes gratuitas ou com custo muito baixo.<\/p>\n<blockquote><p>Voc\u00ea sabia que a Lagoa do Para\u00edso em Jericoacoara tem esse nome n\u00e3o apenas pela sua beleza, mas tamb\u00e9m porque suas \u00e1guas s\u00e3o consideradas terap\u00eauticas por muitos visitantes? Uma raz\u00e3o a mais para incluir este destino em sua lista!<\/p><\/blockquote>\n<h3>Respeitando a Cultura e o Meio Ambiente<\/h3>\n<p>Ao visitar esses destinos, \u00e9 fundamental respeitar a cultura local e preservar o meio ambiente. Isso inclui n\u00e3o deixar lixo nas praias e trilhas, respeitar os costumes dos moradores e contribuir para a economia local.<\/p>\n<h3>Planejamento \u00e9 a Chave para o Sucesso<\/h3>\n<figure style=\"width: 1024px\" class=\"wp-caption aligncenter\"><img decoding=\"async\" src=\"https:\/\/www.aarquiteta.com.br\/blog\/wp-content\/uploads\/2023\/12\/5-lugares-para-passar-suas-ferias-no-Brasil-com-melhor-custo-e-beneficio01.jpg\" alt=\"\" width=\"1024\" height=\"1024\" title=\"\"><figcaption class=\"wp-caption-text\">&#8220;5 lugares incr\u00edveis no Brasil para passar as f\u00e9rias com o melhor custo-benef\u00edcio: segredos revelados para sua divers\u00e3o&#8221;<\/figcaption><\/figure>\n<p>Um bom planejamento pode fazer toda a diferen\u00e7a. Pesquise sobre os destinos, fa\u00e7a um roteiro flex\u00edvel e esteja preparado para imprevistos. Assim, voc\u00ea pode aproveitar ao m\u00e1ximo suas f\u00e9rias sem estresse.<\/p>\n<h3>Seguran\u00e7a em Primeiro Lugar<\/h3>\n<p>Independente do destino escolhido, a seguran\u00e7a deve ser sempre uma prioridade. Informe-se sobre as condi\u00e7\u00f5es locais, tenha um seguro viagem e mantenha seus pertences seguros.<\/p>\n<h3>Conectando-se com a Natureza e a Hist\u00f3ria<\/h3>\n<p>Esses destinos oferecem a oportunidade de se conectar com a natureza e com a hist\u00f3ria do Brasil de uma maneira \u00fanica. Aproveite para aprender e se maravilhar com as belezas e li\u00e7\u00f5es que cada lugar tem a oferecer.<\/p>\n<h2>Perguntas Frequentes<\/h2>\n<h3><strong>Qual \u00e9 a melhor \u00e9poca para visitar Jericoacoara?<\/strong><\/h3>\n<p>A melhor \u00e9poca \u00e9 entre julho e dezembro, quando as chuvas s\u00e3o menos frequentes e as lagoas est\u00e3o cheias.<\/p>\n<h3><strong>\u00c9 necess\u00e1rio guia para explorar a Chapada Diamantina?<\/strong><\/h3>\n<p>Embora algumas trilhas possam ser feitas sem guia, \u00e9 recomend\u00e1vel contratar um para explorar as rotas mais complexas e garantir a seguran\u00e7a.<\/p>\n<h3><strong>Como posso contribuir para a preserva\u00e7\u00e3o dos destinos que visito?<\/strong><\/h3>\n<p>Al\u00e9m de n\u00e3o deixar lixo, voc\u00ea pode contribuir escolhendo servi\u00e7os que apoiam a sustentabilidade e comprando produtos locais.<\/p>\n<h3>Conclus\u00e3o<\/h3>\n<p>Explorar o Brasil com custo-benef\u00edcio \u00e9 totalmente poss\u00edvel. Com planejamento e respeito pela cultura e meio ambiente, suas f\u00e9rias podem ser transformadoras. Lembre-se de que cada destino tem sua magia pr\u00f3pria e est\u00e1 esperando para ser descoberto por voc\u00ea.<\/p>\n<p>&nbsp;<\/p>\n","protected":false},"excerpt":{"rendered":"<p>Descubra as melhores formas de aproveitar suas f\u00e9rias no Brasil de maneira econ\u00f4mica e surpreendente! Aprenda com as nossas indica\u00e7\u00f5es e se encante com os segredos revelados para garantir sua divers\u00e3o.<\/p>\n","protected":false},"author":102,"featured_media":100956,"comment_status":"closed","ping_status":"closed","sticky":false,"template":"","format":"standard","meta":{"footnotes":""},"categories":[31218,144],"tags":[],"class_list":["post-100959","post","type-post","status-publish","format-standard","has-post-thumbnail","category-cidades-e-curiosidades","category-mundo-arquitetura"],"_wp_attached_file":null,"_wp_attachment_metadata":null,"_wp_attachment_context":null,"_wp_attachment_is_custom_header":null,"geo_longitude":null,"geo_public":null,"geo_latitude":null,"_publicize_done_external":null,"_wpas_done_3897181":null,"publicize_twitter_user":null,"_wpas_done_3897175":null,"_wpas_skip_3897181":null,"_wpas_skip_3897175":null,"_wpas_skip_3924723":null,"_wpas_mess":null,"_wpas_done_3924723":null,"wps_subtitle":"","_links":{"self":[{"href":"https:\/\/www.aarquiteta.com.br\/blog\/wp-json\/wp\/v2\/posts\/100959","targetHints":{"allow":["GET"]}}],"collection":[{"href":"https:\/\/www.aarquiteta.com.br\/blog\/wp-json\/wp\/v2\/posts"}],"about":[{"href":"https:\/\/www.aarquiteta.com.br\/blog\/wp-json\/wp\/v2\/types\/post"}],"author":[{"embeddable":true,"href":"https:\/\/www.aarquiteta.com.br\/blog\/wp-json\/wp\/v2\/users\/102"}],"replies":[{"embeddable":true,"href":"https:\/\/www.aarquiteta.com.br\/blog\/wp-json\/wp\/v2\/comments?post=100959"}],"version-history":[{"count":0,"href":"https:\/\/www.aarquiteta.com.br\/blog\/wp-json\/wp\/v2\/posts\/100959\/revisions"}],"wp:featuredmedia":[{"embeddable":true,"href":"https:\/\/www.aarquiteta.com.br\/blog\/wp-json\/wp\/v2\/media\/100956"}],"wp:attachment":[{"href":"https:\/\/www.aarquiteta.com.br\/blog\/wp-json\/wp\/v2\/media?parent=100959"}],"wp:term":[{"taxonomy":"category","embeddable":true,"href":"https:\/\/www.aarquiteta.com.br\/blog\/wp-json\/wp\/v2\/categories?post=100959"},{"taxonomy":"post_tag","embeddable":true,"href":"https:\/\/www.aarquiteta.com.br\/blog\/wp-json\/wp\/v2\/tags?post=100959"}],"curies":[{"name":"wp","href":"https:\/\/api.w.org\/{rel}","templated":true}]}}