{"id":100848,"date":"2023-12-01T08:58:48","date_gmt":"2023-12-01T11:58:48","guid":{"rendered":"http:\/\/aarquiteta.com.br\/?p=100848"},"modified":"2023-12-01T08:58:48","modified_gmt":"2023-12-01T11:58:48","slug":"decoracao-de-parede-da-sala","status":"publish","type":"post","link":"https:\/\/www.aarquiteta.com.br\/blog\/decoracao-de-parede-da-sala\/","title":{"rendered":"Decora\u00e7\u00e3o de Parede da Sala: 5 Sugest\u00f5es para Transformar Seu Espa\u00e7o"},"content":{"rendered":"<p>A decora\u00e7\u00e3o de parede da sala \u00e9 mais do que simplesmente preencher espa\u00e7os vazios; \u00e9 uma oportunidade de infundir sua personalidade e gosto no cora\u00e7\u00e3o da sua casa. Com op\u00e7\u00f5es que v\u00e3o desde quadros art\u00edsticos e fotografias pessoais at\u00e9 elementos mais modernos como adesivos e pap\u00e9is de parede, as possibilidades s\u00e3o infinitas. A seguir, vamos explorar algumas dicas para ajud\u00e1-lo a transformar sua sala em um espa\u00e7o verdadeiramente seu, cheio de conforto e estilo.<\/p>\n<ul>\n<li>Personalize o ambiente com um tema ou estilo que reflita sua personalidade.<\/li>\n<li>Adicione quadros e fotografias para um toque pessoal.<\/li>\n<li>Use prateleiras e nichos para funcionalidade e est\u00e9tica.<\/li>\n<li>Amplie o espa\u00e7o com espelhos estrategicamente posicionados.<\/li>\n<li>Renove o ambiente com adesivos e pap\u00e9is de parede.<\/li>\n<\/ul>\n<h3>1. Escolha um tema ou estilo<\/h3>\n<figure style=\"width: 1024px\" class=\"wp-caption aligncenter\"><img decoding=\"async\" src=\"https:\/\/www.aarquiteta.com.br\/blog\/wp-content\/uploads\/2023\/11\/decoracao-de-parede-da-sala04.jpg\" alt=\"decora\u00e7\u00e3o de parede da sala\" width=\"1024\" height=\"1024\" title=\"\"><figcaption class=\"wp-caption-text\">decora\u00e7\u00e3o de parede da sala<\/figcaption><\/figure>\n<p>Definir um tema ou estilo \u00e9 o ponto de partida para uma decora\u00e7\u00e3o coesa. Voc\u00ea prefere um visual moderno ou um toque r\u00fastico? Talvez um estilo bo\u00eamio ou minimalista? Decida o que melhor representa voc\u00ea e deixe que isso guie suas escolhas decorativas.<\/p>\n<h3>2. Utilize quadros e fotografias<\/h3>\n<p>Quadros e fotografias s\u00e3o cl\u00e1ssicos da decora\u00e7\u00e3o e permitem que voc\u00ea exiba momentos queridos ou obras de arte que falam ao seu cora\u00e7\u00e3o. Lembre-se de considerar a composi\u00e7\u00e3o e o tamanho ao agrup\u00e1-los na parede.<\/p>\n<h3>3. Aposte em prateleiras e nichos<\/h3>\n<figure style=\"width: 1024px\" class=\"wp-caption aligncenter\"><img decoding=\"async\" src=\"https:\/\/www.aarquiteta.com.br\/blog\/wp-content\/uploads\/2023\/11\/decoracao-de-parede-da-sala03.jpg\" alt=\"decora\u00e7\u00e3o de parede da sala\" width=\"1024\" height=\"1024\" title=\"\"><figcaption class=\"wp-caption-text\">decora\u00e7\u00e3o de parede da sala<\/figcaption><\/figure>\n<p>Prateleiras e nichos n\u00e3o s\u00f3 s\u00e3o \u00fateis para organizar objetos, mas tamb\u00e9m adicionam profundidade e interesse visual \u00e0 parede. Exponha livros, vasos ou cole\u00e7\u00f5es para um efeito charmoso.<\/p>\n<h3>4. Invista em espelhos<\/h3>\n<p>Espelhos s\u00e3o verdadeiros coringas na decora\u00e7\u00e3o. Al\u00e9m de \u00fateis, eles ajudam a ampliar visualmente o espa\u00e7o e podem ser verdadeiras pe\u00e7as de arte, dependendo da moldura.<\/p>\n<h3>5. Use adesivos e papel de parede<\/h3>\n<p>Para uma mudan\u00e7a r\u00e1pida e impactante, adesivos e pap\u00e9is de parede s\u00e3o excelentes op\u00e7\u00f5es. Eles v\u00eam em uma variedade de padr\u00f5es e cores, permitindo que voc\u00ea adicione personalidade sem comprometer a estrutura da parede.<\/p>\n<h3>6. Crie uma parede de destaque<\/h3>\n<figure style=\"width: 1024px\" class=\"wp-caption aligncenter\"><img decoding=\"async\" src=\"https:\/\/www.aarquiteta.com.br\/blog\/wp-content\/uploads\/2023\/11\/decoracao-de-parede-da-sala02.jpg\" alt=\"decora\u00e7\u00e3o de parede da sala\" width=\"1024\" height=\"1024\" title=\"\"><figcaption class=\"wp-caption-text\">decora\u00e7\u00e3o de parede da sala<\/figcaption><\/figure>\n<p>Escolha uma parede para ser o ponto focal da sala e pinte-a com uma cor diferente ou aplique um papel de parede ousado. Isso cria um centro de interesse e pode at\u00e9 mesmo definir a paleta de cores do ambiente.<\/p>\n<h3>7. Utilize plantas e flores<\/h3>\n<p>Plantas e flores trazem vida e frescor para qualquer espa\u00e7o. Pendure vasos ou coloque arranjos em prateleiras para adicionar um toque natural \u00e0 sua decora\u00e7\u00e3o.<\/p>\n<h3>8. Aposte em objetos decorativos<\/h3>\n<figure style=\"width: 1024px\" class=\"wp-caption aligncenter\"><img decoding=\"async\" src=\"https:\/\/www.aarquiteta.com.br\/blog\/wp-content\/uploads\/2023\/11\/decoracao-de-parede-da-sala01.jpg\" alt=\"decora\u00e7\u00e3o de parede da sala\" width=\"1024\" height=\"1024\" title=\"\"><figcaption class=\"wp-caption-text\">decora\u00e7\u00e3o de parede da sala<\/figcaption><\/figure>\n<p>Objetos decorativos, como esculturas, cer\u00e2micas ou itens de viagem, contam hist\u00f3rias e adicionam car\u00e1ter \u00e0 sala. Exiba-os de forma que complementem o ambiente.<\/p>\n[amazon table=&#8221;88348&#8243;]\n<h3>9. Explore diferentes texturas e materiais<\/h3>\n<p>Texturas e materiais variados podem adicionar riqueza visual \u00e0 sua sala. Considere madeira, metal, tecidos e vidro para criar uma experi\u00eancia t\u00e1til e visualmente estimulante.<\/p>\n<h3>10. Crie uma galeria de arte<\/h3>\n<p>Transforme sua parede em uma galeria pessoal, exibindo uma cole\u00e7\u00e3o de arte que voc\u00ea admira. Isso n\u00e3o s\u00f3 personaliza o espa\u00e7o, mas tamb\u00e9m serve como um ponto de conversa para visitantes.<\/p>\n<h3>11. Utilize ilumina\u00e7\u00e3o adequada<\/h3>\n<p>A ilumina\u00e7\u00e3o pode real\u00e7ar a decora\u00e7\u00e3o de parede e criar o clima desejado. Use lumin\u00e1rias direcionadas para destacar pe\u00e7as espec\u00edficas ou fitas de LED para um efeito moderno.<\/p>\n<h3>12. N\u00e3o tenha medo de ousar<\/h3>\n<p>Por fim, n\u00e3o tenha medo de experimentar. A decora\u00e7\u00e3o da sua sala deve refletir quem voc\u00ea \u00e9, ent\u00e3o ouse com escolhas que talvez estejam fora do comum, mas que fazem voc\u00ea se sentir em casa.<\/p>\n<p>Em conclus\u00e3o, a decora\u00e7\u00e3o de parede da sala \u00e9 uma extens\u00e3o da sua identidade e deve ser abordada com criatividade e paix\u00e3o. Com as dicas fornecidas, voc\u00ea est\u00e1 bem equipado para criar um espa\u00e7o que n\u00e3o s\u00f3 \u00e9 esteticamente agrad\u00e1vel, mas tamb\u00e9m um reflexo do seu mundo interior. Lembre-se de que a decora\u00e7\u00e3o \u00e9 uma jornada cont\u00ednua, ent\u00e3o sinta-se livre para adaptar e evoluir seu espa\u00e7o com o tempo.<\/p>\n<blockquote><p><strong>Curiosidade:<\/strong> Voc\u00ea sabia que a cor das paredes pode influenciar seu humor? Cores quentes podem criar um ambiente acolhedor, enquanto cores frias tendem a ter um efeito calmante. Escolha a paleta de cores da sua sala com isso em mente!<\/p><\/blockquote>\n<h3>Perguntas Frequentes<\/h3>\n<ol>\n<li><strong>Qual \u00e9 a melhor forma de pendurar quadros na parede da sala?<\/strong><br \/>\nUse um n\u00edvel e considere a altura dos olhos como refer\u00eancia para uma visualiza\u00e7\u00e3o confort\u00e1vel. Al\u00e9m disso, pense na harmonia entre os quadros e o espa\u00e7o dispon\u00edvel na parede.<\/li>\n<li><strong>Como escolher o papel de parede ideal para a decora\u00e7\u00e3o da sala?<\/strong><br \/>\nLeve em conta a paleta de cores do ambiente, o tamanho da sala e a ilumina\u00e7\u00e3o. Pap\u00e9is de parede com padr\u00f5es grandes podem fazer o espa\u00e7o parecer menor, enquanto padr\u00f5es menores tendem a expandir visualmente o ambiente.<\/li>\n<li><strong>Quais s\u00e3o os melhores objetos decorativos para utilizar na parede da sala?<\/strong><br \/>\nEscolha objetos que tenham significado para voc\u00ea e que complementem o estilo geral da sala. Itens artesanais, obras de arte e fotografias s\u00e3o sempre boas escolhas.<\/li>\n<\/ol>\n","protected":false},"excerpt":{"rendered":"<p>Reinvente seu espa\u00e7o com ideias incr\u00edveis para decora\u00e7\u00e3o de parede da sala. Confira agora!<\/p>\n","protected":false},"author":102,"featured_media":100845,"comment_status":"closed","ping_status":"closed","sticky":false,"template":"","format":"standard","meta":{"footnotes":""},"categories":[1484],"tags":[],"class_list":["post-100848","post","type-post","status-publish","format-standard","has-post-thumbnail","category-decoracao"],"_wp_attached_file":null,"_wp_attachment_metadata":null,"_wp_attachment_context":null,"_wp_attachment_is_custom_header":null,"geo_longitude":null,"geo_public":null,"geo_latitude":null,"_publicize_done_external":null,"_wpas_done_3897181":null,"publicize_twitter_user":null,"_wpas_done_3897175":null,"_wpas_skip_3897181":null,"_wpas_skip_3897175":null,"_wpas_skip_3924723":null,"_wpas_mess":null,"_wpas_done_3924723":null,"wps_subtitle":"","_links":{"self":[{"href":"https:\/\/www.aarquiteta.com.br\/blog\/wp-json\/wp\/v2\/posts\/100848","targetHints":{"allow":["GET"]}}],"collection":[{"href":"https:\/\/www.aarquiteta.com.br\/blog\/wp-json\/wp\/v2\/posts"}],"about":[{"href":"https:\/\/www.aarquiteta.com.br\/blog\/wp-json\/wp\/v2\/types\/post"}],"author":[{"embeddable":true,"href":"https:\/\/www.aarquiteta.com.br\/blog\/wp-json\/wp\/v2\/users\/102"}],"replies":[{"embeddable":true,"href":"https:\/\/www.aarquiteta.com.br\/blog\/wp-json\/wp\/v2\/comments?post=100848"}],"version-history":[{"count":0,"href":"https:\/\/www.aarquiteta.com.br\/blog\/wp-json\/wp\/v2\/posts\/100848\/revisions"}],"wp:featuredmedia":[{"embeddable":true,"href":"https:\/\/www.aarquiteta.com.br\/blog\/wp-json\/wp\/v2\/media\/100845"}],"wp:attachment":[{"href":"https:\/\/www.aarquiteta.com.br\/blog\/wp-json\/wp\/v2\/media?parent=100848"}],"wp:term":[{"taxonomy":"category","embeddable":true,"href":"https:\/\/www.aarquiteta.com.br\/blog\/wp-json\/wp\/v2\/categories?post=100848"},{"taxonomy":"post_tag","embeddable":true,"href":"https:\/\/www.aarquiteta.com.br\/blog\/wp-json\/wp\/v2\/tags?post=100848"}],"curies":[{"name":"wp","href":"https:\/\/api.w.org\/{rel}","templated":true}]}}