{"id":100733,"date":"2024-05-07T15:08:16","date_gmt":"2024-05-07T18:08:16","guid":{"rendered":"http:\/\/aarquiteta.com.br\/?p=100733"},"modified":"2024-05-07T15:08:16","modified_gmt":"2024-05-07T18:08:16","slug":"cozinha-vermelha-e-preta","status":"publish","type":"post","link":"https:\/\/www.aarquiteta.com.br\/blog\/cozinha-vermelha-e-preta\/","title":{"rendered":"Cozinha Vermelha e Preta: 5 Sugest\u00f5es Para Um Ambiente Vibrante"},"content":{"rendered":"<p>A cozinha \u00e9 o cora\u00e7\u00e3o de muitas casas, um lugar onde a funcionalidade encontra o estilo e onde passamos um bom tempo preparando refei\u00e7\u00f5es e reunindo a fam\u00edlia e amigos. A escolha de uma cozinha vermelha e preta pode parecer ousada, mas \u00e9 uma decis\u00e3o que traz consigo uma s\u00e9rie de vantagens que v\u00e3o al\u00e9m da est\u00e9tica. Esta combina\u00e7\u00e3o de cores n\u00e3o s\u00f3 cria um ambiente moderno e sofisticado, mas tamb\u00e9m oferece uma s\u00e9rie de benef\u00edcios pr\u00e1ticos e psicol\u00f3gicos que podem melhorar a sua experi\u00eancia culin\u00e1ria e o tempo que voc\u00ea passa na cozinha.<\/p>\n<ul>\n<li><strong>Estilo moderno e sofisticado:<\/strong> A combina\u00e7\u00e3o de vermelho e preto \u00e9 atemporal e adiciona um toque de eleg\u00e2ncia ao espa\u00e7o.<\/li>\n<li><strong>Cores que estimulam o apetite:<\/strong> O vermelho \u00e9 conhecido por ser uma cor que naturalmente estimula o apetite, tornando-o ideal para o ambiente da cozinha.<\/li>\n<li><strong>F\u00e1cil de combinar com outros elementos:<\/strong> Preto e vermelho s\u00e3o cores que podem ser facilmente combinadas com uma variedade de materiais e acabamentos.<\/li>\n<li><strong>Cores que transmitem energia e paix\u00e3o:<\/strong> Essas cores vibrantes podem inspirar e trazer dinamismo para o ato de cozinhar.<\/li>\n<li><strong>Cozinha que se destaca:<\/strong> Uma cozinha vermelha e preta \u00e9 uma declara\u00e7\u00e3o de design que certamente ser\u00e1 o centro das aten\u00e7\u00f5es.<\/li>\n<\/ul>\n<h3>Estilo moderno e sofisticado<\/h3>\n<figure style=\"width: 1024px\" class=\"wp-caption aligncenter\"><img decoding=\"async\" src=\"https:\/\/www.aarquiteta.com.br\/blog\/wp-content\/uploads\/2023\/11\/cozinha-vermelha-e-preta04.jpg\" alt=\"cozinha vermelha e preta\" width=\"1024\" height=\"1024\" title=\"\"><figcaption class=\"wp-caption-text\">cozinha vermelha e preta<\/figcaption><\/figure>\n<p>Optar por uma cozinha vermelha e preta \u00e9 uma escolha que reflete uma prefer\u00eancia por um design contempor\u00e2neo. O preto traz uma sensa\u00e7\u00e3o de profundidade e sofistica\u00e7\u00e3o, enquanto o vermelho acrescenta um toque vibrante e energ\u00e9tico. Juntos, criam um espa\u00e7o visualmente impactante que n\u00e3o passa despercebido.<\/p>\n<h3>Cores que estimulam o apetite<\/h3>\n<p>O vermelho \u00e9 uma cor quente que, segundo a psicologia das cores, pode estimular o apetite e criar um ambiente acolhedor. \u00c9 uma escolha inteligente para a cozinha, onde a prepara\u00e7\u00e3o e o consumo de alimentos s\u00e3o as atividades principais.<\/p>\n<h3>F\u00e1cil de combinar com outros elementos<\/h3>\n<figure style=\"width: 1024px\" class=\"wp-caption aligncenter\"><img decoding=\"async\" src=\"https:\/\/www.aarquiteta.com.br\/blog\/wp-content\/uploads\/2023\/11\/cozinha-vermelha-e-preta03.jpg\" alt=\"cozinha vermelha e preta\" width=\"1024\" height=\"1024\" title=\"\"><figcaption class=\"wp-caption-text\">cozinha vermelha e preta<\/figcaption><\/figure>\n<p>Embora marcantes, o preto e o vermelho s\u00e3o surpreendentemente vers\u00e1teis. Eles podem ser combinados com metais como inox ou cobre, com madeiras claras ou escuras, e com diferentes tipos de pedras, como granito ou m\u00e1rmore, permitindo uma ampla gama de op\u00e7\u00f5es de decora\u00e7\u00e3o.<\/p>\n<h3>Cores que transmitem energia e paix\u00e3o<\/h3>\n<p>Cozinhar \u00e9 uma atividade que muitas vezes \u00e9 feita com paix\u00e3o e dedica\u00e7\u00e3o. A energia do vermelho, associada \u00e0 estabilidade e for\u00e7a do preto, pode influenciar positivamente o estado de esp\u00edrito e a disposi\u00e7\u00e3o para cozinhar.<\/p>\n<h3>Cozinha que se destaca<\/h3>\n<p>Uma cozinha vermelha e preta \u00e9 uma afirma\u00e7\u00e3o de estilo. Ela se destaca em qualquer casa e pode se tornar um ponto de conversa entre os convidados, al\u00e9m de refletir a personalidade dos donos da casa.<\/p>\n<h3>Versatilidade na decora\u00e7\u00e3o<\/h3>\n<figure style=\"width: 1024px\" class=\"wp-caption aligncenter\"><img decoding=\"async\" src=\"https:\/\/www.aarquiteta.com.br\/blog\/wp-content\/uploads\/2023\/11\/cozinha-vermelha-e-preta02.jpg\" alt=\"cozinha vermelha e preta\" width=\"1024\" height=\"1024\" title=\"\"><figcaption class=\"wp-caption-text\">cozinha vermelha e preta<\/figcaption><\/figure>\n<p>Essa combina\u00e7\u00e3o de cores permite brincar com texturas e padr\u00f5es. Voc\u00ea pode optar por arm\u00e1rios lisos ou com detalhes em alto relevo, eletrodom\u00e9sticos com acabamento fosco ou brilhante, e acess\u00f3rios decorativos que complementam ou contrastam com o esquema de cores.<\/p>\n<h3>Cores que n\u00e3o saem de moda<\/h3>\n<p>O vermelho e o preto s\u00e3o cl\u00e1ssicos que resistem ao teste do tempo. Ao escolher essas cores para a sua cozinha, voc\u00ea est\u00e1 fazendo um investimento em um design que continuar\u00e1 relevante e atraente nos pr\u00f3ximos anos.<\/p>\n<h3>Sensa\u00e7\u00e3o de espa\u00e7o amplo<\/h3>\n<figure style=\"width: 1024px\" class=\"wp-caption aligncenter\"><img decoding=\"async\" src=\"https:\/\/www.aarquiteta.com.br\/blog\/wp-content\/uploads\/2023\/11\/cozinha-vermelha-e-preta01.jpg\" alt=\"cozinha vermelha e preta\" width=\"1024\" height=\"1024\" title=\"\"><figcaption class=\"wp-caption-text\">cozinha vermelha e preta<\/figcaption><\/figure>\n<p>Com o uso correto de ilumina\u00e7\u00e3o e disposi\u00e7\u00e3o dos elementos, a cozinha vermelha e preta pode parecer maior e mais aberta. O preto pode ser usado em detalhes ou em \u00e1reas menores para evitar que o espa\u00e7o pare\u00e7a menor do que realmente \u00e9.<\/p>\n<h3>Cores que se adaptam a diferentes estilos de decora\u00e7\u00e3o<\/h3>\n<p>Seja em uma cozinha minimalista, industrial ou cl\u00e1ssica, o vermelho e o preto podem ser adaptados para complementar diversos estilos de decora\u00e7\u00e3o, oferecendo flexibilidade na hora de personalizar o seu espa\u00e7o.<\/p>\n<blockquote><p>Curiosidade: Voc\u00ea sabia que o vermelho \u00e9 uma das primeiras cores que os beb\u00eas conseguem perceber? Isso se deve ao seu alto contraste e intensidade, o que tamb\u00e9m explica o seu impacto significativo em nossas emo\u00e7\u00f5es e comportamentos, inclusive na cozinha!<\/p><\/blockquote>\n<h3>Facilidade na limpeza e manuten\u00e7\u00e3o<\/h3>\n<p>Superf\u00edcies pretas s\u00e3o excelentes para esconder manchas e marcas de uso di\u00e1rio, enquanto o vermelho pode disfar\u00e7ar pequenas sujeiras, tornando a manuten\u00e7\u00e3o da cozinha mais pr\u00e1tica.<\/p>\n<h3>Cores que combinam com diferentes materiais<\/h3>\n<p>O preto e o vermelho s\u00e3o cores que harmonizam bem com uma variedade de materiais, desde o a\u00e7o inoxid\u00e1vel at\u00e9 madeiras naturais, oferecendo uma liberdade criativa na escolha dos acabamentos e acess\u00f3rios.<\/p>\n[amazon table=&#8221;95675&#8243;]\n<h3>Cozinha que desperta a criatividade<\/h3>\n<p>Um ambiente estimulante como uma cozinha vermelha e preta pode ser o catalisador para a criatividade na cozinha, incentivando a experimenta\u00e7\u00e3o de novas receitas e t\u00e9cnicas culin\u00e1rias.<\/p>\n<h3>Conclus\u00e3o<\/h3>\n<p>A cozinha vermelha e preta \u00e9 mais do que uma escolha est\u00e9tica; \u00e9 uma decis\u00e3o que pode influenciar a forma como voc\u00ea interage com o espa\u00e7o e como se sente ao cozinhar. Com a combina\u00e7\u00e3o certa de cores, materiais e ilumina\u00e7\u00e3o, voc\u00ea pode criar um ambiente que n\u00e3o s\u00f3 \u00e9 bonito, mas tamb\u00e9m funcional, acolhedor e inspirador.<\/p>\n<h2>Perguntas Frequentes<\/h2>\n<h3>Quais s\u00e3o as melhores cores para combinar com uma cozinha vermelha e preta?<\/h3>\n<p>Tons neutros como branco, cinza e bege s\u00e3o excelentes para equilibrar a intensidade do vermelho e do preto. Metais como prata, ouro e cobre tamb\u00e9m complementam bem essas cores.<\/p>\n<h3>Como escolher os m\u00f3veis e eletrodom\u00e9sticos para uma cozinha vermelha e preta?<\/h3>\n<p>Opte por linhas limpas e designs modernos. M\u00f3veis com acabamento brilhante ou fosco podem funcionar bem, dependendo do estilo desejado. Eletrodom\u00e9sticos em a\u00e7o inoxid\u00e1vel ou com acabamentos personalizados podem adicionar um toque de sofistica\u00e7\u00e3o.<\/p>\n<h3>\u00c9 poss\u00edvel ter uma cozinha vermelha e preta em um espa\u00e7o pequeno?<\/h3>\n<p>Sim, \u00e9 poss\u00edvel. O segredo est\u00e1 em usar o preto com modera\u00e7\u00e3o e investir em uma boa ilumina\u00e7\u00e3o para garantir que o espa\u00e7o n\u00e3o se torne visualmente pesado.<\/p>\n","protected":false},"excerpt":{"rendered":"<p>Descubra o segredo de uma cozinha vermelha e preta perfeita. Inspire-se conosco!<\/p>\n","protected":false},"author":102,"featured_media":100730,"comment_status":"closed","ping_status":"closed","sticky":false,"template":"","format":"standard","meta":{"footnotes":""},"categories":[18754,1484],"tags":[],"class_list":["post-100733","post","type-post","status-publish","format-standard","has-post-thumbnail","category-decoracao-de-cozinha","category-decoracao"],"_wp_attached_file":null,"_wp_attachment_metadata":null,"_wp_attachment_context":null,"_wp_attachment_is_custom_header":null,"geo_longitude":null,"geo_public":null,"geo_latitude":null,"_publicize_done_external":null,"_wpas_done_3897181":null,"publicize_twitter_user":null,"_wpas_done_3897175":null,"_wpas_skip_3897181":null,"_wpas_skip_3897175":null,"_wpas_skip_3924723":null,"_wpas_mess":null,"_wpas_done_3924723":null,"wps_subtitle":"","_links":{"self":[{"href":"https:\/\/www.aarquiteta.com.br\/blog\/wp-json\/wp\/v2\/posts\/100733","targetHints":{"allow":["GET"]}}],"collection":[{"href":"https:\/\/www.aarquiteta.com.br\/blog\/wp-json\/wp\/v2\/posts"}],"about":[{"href":"https:\/\/www.aarquiteta.com.br\/blog\/wp-json\/wp\/v2\/types\/post"}],"author":[{"embeddable":true,"href":"https:\/\/www.aarquiteta.com.br\/blog\/wp-json\/wp\/v2\/users\/102"}],"replies":[{"embeddable":true,"href":"https:\/\/www.aarquiteta.com.br\/blog\/wp-json\/wp\/v2\/comments?post=100733"}],"version-history":[{"count":0,"href":"https:\/\/www.aarquiteta.com.br\/blog\/wp-json\/wp\/v2\/posts\/100733\/revisions"}],"wp:featuredmedia":[{"embeddable":true,"href":"https:\/\/www.aarquiteta.com.br\/blog\/wp-json\/wp\/v2\/media\/100730"}],"wp:attachment":[{"href":"https:\/\/www.aarquiteta.com.br\/blog\/wp-json\/wp\/v2\/media?parent=100733"}],"wp:term":[{"taxonomy":"category","embeddable":true,"href":"https:\/\/www.aarquiteta.com.br\/blog\/wp-json\/wp\/v2\/categories?post=100733"},{"taxonomy":"post_tag","embeddable":true,"href":"https:\/\/www.aarquiteta.com.br\/blog\/wp-json\/wp\/v2\/tags?post=100733"}],"curies":[{"name":"wp","href":"https:\/\/api.w.org\/{rel}","templated":true}]}}