{"id":100405,"date":"2023-11-23T20:00:54","date_gmt":"2023-11-23T23:00:54","guid":{"rendered":"http:\/\/aarquiteta.com.br\/?p=100405"},"modified":"2023-11-23T14:04:20","modified_gmt":"2023-11-23T17:04:20","slug":"5-dicas-para-uma-mini-sala-de-estar-planejada","status":"publish","type":"post","link":"https:\/\/www.aarquiteta.com.br\/blog\/5-dicas-para-uma-mini-sala-de-estar-planejada\/","title":{"rendered":"5 dicas surpreendentes para criar uma mini sala de estar planejada: transforme seu espa\u00e7o com estilo!"},"content":{"rendered":"<p>Quer transformar um pequeno espa\u00e7o em uma mini sala de estar aconchegante e estilosa? Com planejamento e criatividade, \u00e9 poss\u00edvel criar um ambiente charmoso e funcional. Este artigo traz dicas surpreendentes para voc\u00ea aproveitar cada cent\u00edmetro do seu espa\u00e7o, garantindo conforto e personalidade. Vamos explorar como escolher m\u00f3veis multifuncionais, utilizar cores e texturas a seu favor, maximizar a ilumina\u00e7\u00e3o natural, incorporar plantas e acess\u00f3rios decorativos, e criar um ponto focal encantador.<\/p>\n<h3>Escolha M\u00f3veis Multifuncionais<\/h3>\n<figure style=\"width: 1024px\" class=\"wp-caption aligncenter\"><img decoding=\"async\" src=\"https:\/\/www.aarquiteta.com.br\/blog\/wp-content\/uploads\/2023\/11\/5-dicas-para-uma-mini-sala-de-estar-planejada04.jpg\" alt=\"5 dicas surpreendentes para criar uma mini sala de estar planejada: transforme seu espa\u00e7o com estilo!\" width=\"1024\" height=\"1024\" title=\"\"><figcaption class=\"wp-caption-text\">5 dicas surpreendentes para criar uma mini sala de estar planejada: transforme seu espa\u00e7o com estilo!<\/figcaption><\/figure>\n<p>Em espa\u00e7os reduzidos, cada pe\u00e7a de mobili\u00e1rio deve ser escolhida com cuidado. Opte por <b>m\u00f3veis multifuncionais<\/b> que possam servir a v\u00e1rios prop\u00f3sitos. Por exemplo, um sof\u00e1-cama pode ser uma \u00f3tima op\u00e7\u00e3o para acomodar visitas sem ocupar espa\u00e7o extra. Mesas de centro com armazenamento embutido tamb\u00e9m s\u00e3o excelentes para manter a organiza\u00e7\u00e3o sem sacrificar o estilo.<\/p>\n<h3>Utilize Cores e Texturas a Seu Favor<\/h3>\n<p>As cores e texturas t\u00eam o poder de transformar um ambiente. Para uma mini sala de estar, prefira <b>cores claras<\/b> que ampliem visualmente o espa\u00e7o. No entanto, n\u00e3o tenha medo de adicionar pontos de cor para dar vida e personalidade ao ambiente. Texturas podem ser introduzidas atrav\u00e9s de almofadas, tapetes e cortinas, criando uma atmosfera acolhedora.<\/p>\n<h3>Maximize a Ilumina\u00e7\u00e3o Natural<\/h3>\n<figure style=\"width: 1024px\" class=\"wp-caption aligncenter\"><img decoding=\"async\" src=\"https:\/\/www.aarquiteta.com.br\/blog\/wp-content\/uploads\/2023\/11\/5-dicas-para-uma-mini-sala-de-estar-planejada03.jpg\" alt=\"5 dicas surpreendentes para criar uma mini sala de estar planejada: transforme seu espa\u00e7o com estilo!\" width=\"1024\" height=\"1024\" title=\"\"><figcaption class=\"wp-caption-text\">5 dicas surpreendentes para criar uma mini sala de estar planejada: transforme seu espa\u00e7o com estilo!<\/figcaption><\/figure>\n<p>Aproveitar a <b>ilumina\u00e7\u00e3o natural<\/b> \u00e9 essencial para fazer o espa\u00e7o parecer maior e mais convidativo. Evite bloquear janelas com m\u00f3veis altos e opte por cortinas leves que permitam a passagem de luz. Espelhos estrategicamente posicionados podem refletir a luz natural e adicionar uma sensa\u00e7\u00e3o de profundidade ao ambiente.<\/p>\n<h3>Incorpore Plantas e Acess\u00f3rios Decorativos<\/h3>\n<p>Plantas trazem vida e frescor a qualquer espa\u00e7o. Escolha esp\u00e9cies que se adaptem bem a ambientes internos e que n\u00e3o exijam muita manuten\u00e7\u00e3o. Al\u00e9m das plantas, <b>acess\u00f3rios decorativos<\/b> como quadros, velas e livros s\u00e3o essenciais para dar aquele toque final e refletir sua personalidade na decora\u00e7\u00e3o.<\/p>\n<h3>Crie um Ponto Focal Encantador<\/h3>\n<p>Todo ambiente precisa de um <b>ponto focal<\/b> que atraia o olhar. Pode ser uma obra de arte, uma parede com papel de parede diferenciado ou at\u00e9 mesmo a TV. O importante \u00e9 que esse ponto focal seja harmonioso com o restante da decora\u00e7\u00e3o e n\u00e3o sobrecarregue o espa\u00e7o.<\/p>\n<h3>Invista em Ilumina\u00e7\u00e3o Artificial Estrat\u00e9gica<\/h3>\n<figure style=\"width: 1024px\" class=\"wp-caption aligncenter\"><img decoding=\"async\" src=\"https:\/\/www.aarquiteta.com.br\/blog\/wp-content\/uploads\/2023\/11\/5-dicas-para-uma-mini-sala-de-estar-planejada02.jpg\" alt=\"5 dicas surpreendentes para criar uma mini sala de estar planejada: transforme seu espa\u00e7o com estilo!\" width=\"1024\" height=\"1024\" title=\"\"><figcaption class=\"wp-caption-text\">5 dicas surpreendentes para criar uma mini sala de estar planejada: transforme seu espa\u00e7o com estilo!<\/figcaption><\/figure>\n<p>Al\u00e9m da luz natural, a <b>ilumina\u00e7\u00e3o artificial<\/b> \u00e9 fundamental para criar o clima certo na sua mini sala de estar. Lumin\u00e1rias de ch\u00e3o, abajures e fitas de LED s\u00e3o algumas op\u00e7\u00f5es que podem ajudar a criar uma atmosfera aconchegante e funcional.<\/p>\n<h3>Escolha a Televis\u00e3o Certa<\/h3>\n<p>Se voc\u00ea deseja ter uma TV na sua mini sala, escolha um modelo proporcional ao tamanho do ambiente. Uma TV muito grande pode dominar o espa\u00e7o, enquanto uma muito pequena pode ser dif\u00edcil de ver. Considere tamb\u00e9m a montagem na parede para economizar espa\u00e7o.<\/p>\n<h3>Use Espelhos para Ampliar o Espa\u00e7o<\/h3>\n<figure style=\"width: 1024px\" class=\"wp-caption aligncenter\"><img decoding=\"async\" src=\"https:\/\/www.aarquiteta.com.br\/blog\/wp-content\/uploads\/2023\/11\/5-dicas-para-uma-mini-sala-de-estar-planejada01.jpg\" alt=\"5 dicas surpreendentes para criar uma mini sala de estar planejada: transforme seu espa\u00e7o com estilo!\" width=\"1024\" height=\"1024\" title=\"\"><figcaption class=\"wp-caption-text\">5 dicas surpreendentes para criar uma mini sala de estar planejada: transforme seu espa\u00e7o com estilo!<\/figcaption><\/figure>\n<p>Como mencionado anteriormente, <b>espelhos<\/b> s\u00e3o excelentes para fazer o espa\u00e7o parecer maior. Al\u00e9m de refletir a luz, eles podem ser usados como pe\u00e7as decorativas, com molduras que complementem o estilo da sua sala.<\/p>\n<h3>Opte por Prateleiras e Armazenamento Vertical<\/h3>\n<p>Quando o espa\u00e7o \u00e9 limitado, \u00e9 importante pensar verticalmente. <b>Prateleiras<\/b> e outras solu\u00e7\u00f5es de armazenamento vertical podem ajudar a manter o espa\u00e7o organizado e livre de desordem, ao mesmo tempo em que exibem seus itens decorativos favoritos.<\/p>\n<h3>Defina \u00c1reas com Tapetes<\/h3>\n<p>Tapetes n\u00e3o s\u00f3 adicionam conforto e estilo, mas tamb\u00e9m podem ajudar a definir diferentes \u00e1reas dentro da sua mini sala de estar. Escolha um tapete que complemente o esquema de cores e a decora\u00e7\u00e3o geral do ambiente.<\/p>\n<blockquote><p>Voc\u00ea sabia que o conceito de &#8220;sala de estar&#8221; surgiu no s\u00e9culo XIX como um espa\u00e7o dedicado ao conforto e \u00e0 socializa\u00e7\u00e3o da fam\u00edlia? Hoje, mesmo em espa\u00e7os reduzidos, continuamos a valorizar esse cantinho especial da casa.<\/p><\/blockquote>\n<div class=\"youtube-embed\" data-video_id=\"LyymNJkNaSY\"><iframe title=\"SALA PEQUENA N\u00c3O FA\u00c7A ISSO NA SUA - Mariana Cabral\" width=\"696\" height=\"392\" src=\"https:\/\/www.youtube.com\/embed\/LyymNJkNaSY?feature=oembed&#038;enablejsapi=1\" frameborder=\"0\" allow=\"accelerometer; autoplay; clipboard-write; encrypted-media; gyroscope; picture-in-picture; web-share\" allowfullscreen><\/iframe><\/div>\n<h3>Perguntas Frequentes<\/h3>\n<h3>Como posso escolher o sof\u00e1 ideal para uma mini sala de estar?<\/h3>\n<p>Procure por sof\u00e1s com dimens\u00f5es adequadas ao espa\u00e7o dispon\u00edvel. Sof\u00e1s com linhas retas e design simples ajudam a evitar a sensa\u00e7\u00e3o de aperto. Sof\u00e1s com armazenamento embutido ou que se transformam em cama s\u00e3o op\u00e7\u00f5es inteligentes para otimizar o uso do espa\u00e7o.<\/p>\n<h3>\u00c9 poss\u00edvel ter uma mini sala de estar planejada em um estilo espec\u00edfico?<\/h3>\n<p>Sim, \u00e9 totalmente poss\u00edvel. O segredo est\u00e1 em selecionar elementos decorativos que reflitam o estilo desejado, seja ele moderno, bo\u00eamio, escandinavo ou outro. Mantenha a coer\u00eancia nas cores, materiais e texturas para criar uma atmosfera que represente o estilo escolhido.<\/p>\n<h3>Quais s\u00e3o as melhores cores para pintar uma mini sala de estar?<\/h3>\n<p>Cores claras e neutras s\u00e3o as mais indicadas para ampliar visualmente o espa\u00e7o. Tons de branco, bege e cinza claro s\u00e3o cl\u00e1ssicos que funcionam bem. No entanto, n\u00e3o tenha medo de usar cores mais vibrantes em detalhes decorativos para adicionar personalidade ao ambiente.<\/p>\n<h3>Conclus\u00e3o<\/h3>\n<p>Com essas dicas, sua mini sala de estar planejada ser\u00e1 um exemplo de funcionalidade e estilo. Lembre-se de que a chave para o sucesso est\u00e1 em escolher cuidadosamente cada elemento, pensando sempre em como ele pode servir a m\u00faltiplos prop\u00f3sitos e contribuir para a sensa\u00e7\u00e3o de amplitude e conforto.<\/p>\n<p>&nbsp;<\/p>\n","protected":false},"excerpt":{"rendered":"<p>Aprenda com essas 5 sugest\u00f5es incr\u00edveis a criar uma mini sala de estar planejada e transformar seu espa\u00e7o com estilo!<\/p>\n","protected":false},"author":102,"featured_media":100403,"comment_status":"closed","ping_status":"closed","sticky":false,"template":"","format":"standard","meta":{"footnotes":""},"categories":[1484],"tags":[],"class_list":["post-100405","post","type-post","status-publish","format-standard","has-post-thumbnail","category-decoracao"],"_wp_attached_file":null,"_wp_attachment_metadata":null,"_wp_attachment_context":null,"_wp_attachment_is_custom_header":null,"geo_longitude":null,"geo_public":null,"geo_latitude":null,"_publicize_done_external":null,"_wpas_done_3897181":null,"publicize_twitter_user":null,"_wpas_done_3897175":null,"_wpas_skip_3897181":null,"_wpas_skip_3897175":null,"_wpas_skip_3924723":null,"_wpas_mess":null,"_wpas_done_3924723":null,"wps_subtitle":"","_links":{"self":[{"href":"https:\/\/www.aarquiteta.com.br\/blog\/wp-json\/wp\/v2\/posts\/100405","targetHints":{"allow":["GET"]}}],"collection":[{"href":"https:\/\/www.aarquiteta.com.br\/blog\/wp-json\/wp\/v2\/posts"}],"about":[{"href":"https:\/\/www.aarquiteta.com.br\/blog\/wp-json\/wp\/v2\/types\/post"}],"author":[{"embeddable":true,"href":"https:\/\/www.aarquiteta.com.br\/blog\/wp-json\/wp\/v2\/users\/102"}],"replies":[{"embeddable":true,"href":"https:\/\/www.aarquiteta.com.br\/blog\/wp-json\/wp\/v2\/comments?post=100405"}],"version-history":[{"count":0,"href":"https:\/\/www.aarquiteta.com.br\/blog\/wp-json\/wp\/v2\/posts\/100405\/revisions"}],"wp:featuredmedia":[{"embeddable":true,"href":"https:\/\/www.aarquiteta.com.br\/blog\/wp-json\/wp\/v2\/media\/100403"}],"wp:attachment":[{"href":"https:\/\/www.aarquiteta.com.br\/blog\/wp-json\/wp\/v2\/media?parent=100405"}],"wp:term":[{"taxonomy":"category","embeddable":true,"href":"https:\/\/www.aarquiteta.com.br\/blog\/wp-json\/wp\/v2\/categories?post=100405"},{"taxonomy":"post_tag","embeddable":true,"href":"https:\/\/www.aarquiteta.com.br\/blog\/wp-json\/wp\/v2\/tags?post=100405"}],"curies":[{"name":"wp","href":"https:\/\/api.w.org\/{rel}","templated":true}]}}