{"id":100198,"date":"2023-12-15T19:56:13","date_gmt":"2023-12-15T22:56:13","guid":{"rendered":"http:\/\/aarquiteta.com.br\/?p=100198"},"modified":"2023-12-16T17:34:35","modified_gmt":"2023-12-16T20:34:35","slug":"hall-de-entrada-da-casa","status":"publish","type":"post","link":"https:\/\/www.aarquiteta.com.br\/blog\/hall-de-entrada-da-casa\/","title":{"rendered":"Hall De Entrada Da Casa: 5 Ideias Para Causar Uma \u00d3tima Primeira Impress\u00e3o."},"content":{"rendered":"<p>O hall de entrada \u00e9 o cart\u00e3o de visitas de uma casa, sendo o primeiro espa\u00e7o que recepciona moradores e convidados. Por isso, sua decora\u00e7\u00e3o e organiza\u00e7\u00e3o s\u00e3o fundamentais para transmitir uma sensa\u00e7\u00e3o de boas-vindas e refletir o estilo dos habitantes.<\/p>\n<p>Pensando nisso, exploraremos algumas dicas e ideias para transformar o hall de entrada em um ambiente acolhedor e funcional.<\/p>\n<ul>\n<li>Como escolher cores que harmonizem com o restante da casa?<\/li>\n<li>Qual a import\u00e2ncia da ilumina\u00e7\u00e3o e como ela pode influenciar o ambiente?<\/li>\n<li>Quais m\u00f3veis e acess\u00f3rios s\u00e3o essenciais para combinar praticidade e est\u00e9tica?<\/li>\n<li>De que maneira otimizar o espa\u00e7o dispon\u00edvel no hall de entrada?<\/li>\n<li>Como criar um ambiente acolhedor que encante a todos que entram em sua casa?<\/li>\n<\/ul>\n<h2>Renove seu Hall de Entrada: Tend\u00eancias de Design e Decora\u00e7\u00e3o:<\/h2>\n<figure id=\"attachment_78757\" aria-describedby=\"caption-attachment-78757\" style=\"width: 1024px\" class=\"wp-caption alignnone\"><img decoding=\"async\" class=\"size-full wp-image-78757\" src=\"https:\/\/www.aarquiteta.com.br\/blog\/wp-content\/uploads\/2023\/04\/Decoracao-de-corredores-e-halls-de-entrada-1.png\" alt=\"Decora\u00e7\u00e3o de corredores e halls de entrada\" width=\"1024\" height=\"1024\" title=\"\" srcset=\"https:\/\/www.aarquiteta.com.br\/blog\/wp-content\/uploads\/2023\/04\/Decoracao-de-corredores-e-halls-de-entrada-1.png 1024w, https:\/\/www.aarquiteta.com.br\/blog\/wp-content\/uploads\/2023\/04\/Decoracao-de-corredores-e-halls-de-entrada-1-696x696.png 696w, https:\/\/www.aarquiteta.com.br\/blog\/wp-content\/uploads\/2023\/04\/Decoracao-de-corredores-e-halls-de-entrada-1-96x96.png 96w, https:\/\/www.aarquiteta.com.br\/blog\/wp-content\/uploads\/2023\/04\/Decoracao-de-corredores-e-halls-de-entrada-1-150x150.png 150w\" sizes=\"(max-width: 1024px) 100vw, 1024px\" \/><figcaption id=\"caption-attachment-78757\" class=\"wp-caption-text\">Decora\u00e7\u00e3o de corredores e halls de entrada<\/figcaption><\/figure>\n<p>Descubra como transformar seu hall de entrada com nosso guia completo. Dicas, tend\u00eancias e inspira\u00e7\u00f5es para criar um espa\u00e7o acolhedor e estiloso em sua casa!<\/p>\n<h3>1.1 Escolha de cores<\/h3>\n<p>As cores podem influenciar o humor e a percep\u00e7\u00e3o do espa\u00e7o. Para o hall de entrada, opte por tons que se alinhem \u00e0 personalidade da casa e que criem um ambiente convidativo. Cores neutras podem ser uma base excelente para destacar objetos decorativos, enquanto tons mais vibrantes podem adicionar energia e dinamismo ao espa\u00e7o.<\/p>\n<h3>1.2 Ilumina\u00e7\u00e3o adequada<\/h3>\n<p>Uma boa ilumina\u00e7\u00e3o \u00e9 essencial para real\u00e7ar a beleza do hall de entrada. Prefira luzes que proporcionem uma sensa\u00e7\u00e3o de aconchego, como lumin\u00e1rias pendentes ou arandelas. A ilumina\u00e7\u00e3o tamb\u00e9m pode ser usada para destacar obras de arte ou detalhes arquitet\u00f4nicos.<\/p>\n<h3>Arraste e clique em cada foto para ver mais exemplos abaixo:<\/h3>\n<style id=\"wp_carousel_dynamic_css102485\">.sp-wp-carousel-free-id-102485.wpcf-fancybox-wrapper .fancybox-bg{background: #0b0b0b;opacity: 0.8;}.sp-wp-carousel-free-id-102485.wpcf-fancybox-wrapper .fancybox-navigation .fancybox-button .wpcp-fancybox-nav-arrow i {color: #ccc;}.sp-wp-carousel-free-id-102485.wpcf-fancybox-wrapper .fancybox-navigation .fancybox-button .wpcp-fancybox-nav-arrow i:hover {color: #fff;}.sp-wp-carousel-free-id-102485.wpcf-fancybox-wrapper .fancybox-navigation .fancybox-button {background: #1e1e1e;}.sp-wp-carousel-free-id-102485.wpcf-fancybox-wrapper .fancybox-navigation .fancybox-button:hover {background: #1e1e1e;}#sp-wp-carousel-free-id-102485 .wpcp-swiper-dots {margin: 40px 0px 0px 0px;}.wpcp-wrapper-102485 .swiper-wrapper .swiper-slide-kenburn, .wpcp-wrapper-102485 .swiper-wrapper, .wpcp-wrapper-102485 .wpcpro-row{align-items: center;}#sp-wp-carousel-free-id-102485 .wpcp-single-item {box-shadow: 0px 0px 0px 0px #dddddd;transition: all .3s;margin: 0px;}#sp-wp-carousel-free-id-102485.swiper-flip .wpcp-single-item{margin: 0!important;}#sp-wp-carousel-free-id-102485 .wpcp-single-item:hover {box-shadow: 0px 0px 0px 0px #dddddd;}#sp-wp-carousel-free-id-102485.sp-wpcp-102485 .wpcp-single-item {border: 1px solid #dddddd;} .wpcp-wrapper-102485 .sp-wpcpro-section-title, .postbox .wpcp-wrapper-102485 .sp-wpcpro-section-title, #poststuff .wpcp-wrapper-102485 .sp-wpcpro-section-title { margin-bottom: 30px; }#sp-wp-carousel-free-id-102485.sp-wpcp-102485 .swiper-button-prev,#sp-wp-carousel-free-id-102485.sp-wpcp-102485 .swiper-button-next,#sp-wp-carousel-free-id-102485.sp-wpcp-102485 .swiper-button-prev:hover,#sp-wp-carousel-free-id-102485.sp-wpcp-102485 .swiper-button-next:hover {background: none;border: none;font-size: 30px;}#sp-wp-carousel-free-id-102485.sp-wpcp-102485 .swiper-button-prev i,#sp-wp-carousel-free-id-102485.sp-wpcp-102485 .swiper-button-next i {color: #aaa;}#sp-wp-carousel-free-id-102485.sp-wpcp-102485 .swiper-button-prev i:hover,#sp-wp-carousel-free-id-102485.sp-wpcp-102485 .swiper-button-next i:hover {color: #178087;}#sp-wp-carousel-free-id-102485.sp-wpcp-102485 .wpcp-swiper-dots .swiper-pagination-bullet {background-color: #cccccc;}#sp-wp-carousel-free-id-102485.sp-wpcp-102485 .wpcp-swiper-dots .swiper-pagination-bullet.swiper-pagination-bullet-active {background-color: #178087;} #sp-wp-carousel-free-id-102485.sp-wpcp-102485.wpcp-image-carousel .wpcp-single-item:hover img, #sp-wp-carousel-free-id-102485.sp-wpcp-102485.wpcp-post-carousel .wpcp-single-item:hover img, #sp-wp-carousel-free-id-102485.sp-wpcp-102485.wpcp-product-carousel .wpcp-single-item:hover img{-webkit-transform: scale(1.2);-moz-transform: scale(1.2);transform: scale(1.2);}#sp-wp-carousel-free-id-102485 .wpcpro-row>[class*=\"wpcpro-col-\"] { padding: 0 10px; padding-bottom: 20px;} #sp-wp-carousel-free-id-102485 .swiper-slide .single-item-fade:not(:last-child) { margin-right: 20px;}@media (min-width: 480px) { .wpcpro-row .wpcpro-col-sm-1 { flex: 0 0 100%; max-width: 100%; } .wpcpro-row .wpcpro-col-sm-2 { flex: 0 0 50%; max-width: 50%; } .wpcpro-row .wpcpro-col-sm-2-5 { flex: 0 0 75%; max-width: 75%; } .wpcpro-row .wpcpro-col-sm-3 { flex: 0 0 33.333%; max-width: 33.333%; } .wpcpro-row .wpcpro-col-sm-4 { flex: 0 0 25%; max-width: 25%; } .wpcpro-row .wpcpro-col-sm-5 { flex: 0 0 20%; max-width: 20%; } .wpcpro-row .wpcpro-col-sm-6 { flex: 0 0 16.66666666666667%; max-width: 16.66666666666667%; } .wpcpro-row .wpcpro-col-sm-7 { flex: 0 0 14.28571428%; max-width: 14.28571428%; } .wpcpro-row .wpcpro-col-sm-8 { flex: 0 0 12.5%; max-width: 12.5%; } } @media (max-width: 480px) { .wpcpro-row .wpcpro-col-xs-1 { flex: 0 0 100%; max-width: 100%; } .wpcpro-row .wpcpro-col-xs-2 { flex: 0 0 50%; max-width: 50%; } .wpcpro-row .wpcpro-col-xs-3 { flex: 0 0 33.222%; max-width: 33.222%; } .wpcpro-row .wpcpro-col-xs-4 { flex: 0 0 25%; max-width: 25%; } .wpcpro-row .wpcpro-col-xs-5 { flex: 0 0 20%; max-width: 20%; } .wpcpro-row .wpcpro-col-xs-6 { flex: 0 0 16.6667%; max-width: 16.6667%; } .wpcpro-row .wpcpro-col-xs-7 { flex: 0 0 14.28571428%; max-width: 14.28571428%; } .wpcpro-row .wpcpro-col-xs-8 { flex: 0 0 12.5%; max-width: 12.5%; } } @media (min-width: 736px) { .wpcpro-row .wpcpro-col-md-1 { flex: 0 0 100%; max-width: 100%; } .wpcpro-row .wpcpro-col-md-2 { flex: 0 0 50%; max-width: 50%; } .wpcpro-row .wpcpro-col-md-2-5 { flex: 0 0 75%; max-width: 75%; } .wpcpro-row .wpcpro-col-md-3 { flex: 0 0 33.333%; max-width: 33.333%; } .wpcpro-row .wpcpro-col-md-4 { flex: 0 0 25%; max-width: 25%; } .wpcpro-row .wpcpro-col-md-5 { flex: 0 0 20%; max-width: 20%; } .wpcpro-row .wpcpro-col-md-6 { flex: 0 0 16.66666666666667%; max-width: 16.66666666666667%; } .wpcpro-row .wpcpro-col-md-7 { flex: 0 0 14.28571428%; max-width: 14.28571428%; } .wpcpro-row .wpcpro-col-md-8 { flex: 0 0 12.5%; max-width: 12.5%; } } @media (min-width: 980px) { .wpcpro-row .wpcpro-col-lg-1 { flex: 0 0 100%; max-width: 100%; } .wpcpro-row .wpcpro-col-lg-2 { flex: 0 0 50%; max-width: 50%; } .wpcpro-row .wpcpro-col-lg-3 { flex: 0 0 33.222%; max-width: 33.222%; } .wpcpro-row .wpcpro-col-lg-4 { flex: 0 0 25%; max-width: 25%; } .wpcpro-row .wpcpro-col-lg-5 { flex: 0 0 20%; max-width: 20%; } .wpcpro-row .wpcpro-col-lg-6 { flex: 0 0 16.6667%; max-width: 16.6667%; } .wpcpro-row .wpcpro-col-lg-7 { flex: 0 0 14.28571428%; max-width: 14.28571428%; } .wpcpro-row .wpcpro-col-lg-8 { flex: 0 0 12.5%; max-width: 12.5%; } } @media (min-width: 1200px) { .wpcpro-row .wpcpro-col-xl-1 { flex: 0 0 100%; max-width: 100%; } .wpcpro-row .wpcpro-col-xl-2 { flex: 0 0 50%; max-width: 50%; } .wpcpro-row .wpcpro-col-xl-3 { flex: 0 0 33.22222222%; max-width: 33.22222222%; } .wpcpro-row .wpcpro-col-xl-4 { flex: 0 0 25%; max-width: 25%; } .wpcpro-row .wpcpro-col-xl-5 { flex: 0 0 20%; max-width: 20%; } .wpcpro-row .wpcpro-col-xl-6 { flex: 0 0 16.66667%; max-width: 16.66667%; } .wpcpro-row .wpcpro-col-xl-7 { flex: 0 0 14.28571428%; max-width: 14.28571428%; } .wpcpro-row .wpcpro-col-xl-8 { flex: 0 0 12.5%; max-width: 12.5%; } }<\/style><div class=\"wpcp-carousel-wrapper wpcp-wrapper-102485\">\n\t<h2 class=\"sp-wpcpro-section-title\"> Hall de entrada <\/h2>\n<div id=\"wpcp-preloader-102485\" class=\"wpcp-carousel-preloader\"><img decoding=\"async\" src=\"https:\/\/www.aarquiteta.com.br\/blog\/wp-content\/plugins\/wp-carousel-free\/public\/css\/spinner.svg\" alt=\"Preloader Image\" title=\"\"><\/div>\t<div class=\"wpcp-carousel-content-wrapper\">\n\t<div id=\"sp-wp-carousel-free-id-102485\" class=\"wpcp-carousel-section sp-wpcp-102485  nav-vertical-center wpcp-image-carousel wpcp-preloader wpcp-standard\" data-swiper='{ &quot;pagination_type&quot;: &quot;dots&quot;,&quot;accessibility&quot;:true, &quot;spaceBetween&quot;:20, &quot;arrows&quot;:false, &quot;freeMode&quot;: false, &quot;autoplay&quot;:true, &quot;effect&quot;: &quot;&quot;, &quot;centerMode&quot;: false, &quot;autoplaySpeed&quot;:3000, &quot;dots&quot;:true, &quot;infinite&quot;:true, &quot;speed&quot;:600, &quot;pauseOnHover&quot;:true,\n\t\t\t&quot;slidesToShow&quot;:{&quot;lg_desktop&quot;:5, &quot;desktop&quot;: 4, &quot;laptop&quot;: 3, &quot;tablet&quot;: 2, &quot;mobile&quot;: 1}, &quot;responsive&quot;:{&quot;desktop&quot;:1200, &quot;laptop&quot;: 980, &quot;tablet&quot;: 736, &quot;mobile&quot;: 480}, &quot;rtl&quot;:false, &quot;lazyLoad&quot;: &quot;false&quot;, &quot;swipe&quot;: true, &quot;draggable&quot;: true, &quot;swipeToSlide&quot;:false }' dir=\"ltr\">\n\t\t<div class=\"swiper-wrapper\">\n\t\t<div class=\"swiper-slide\">\n\t<div class=\"wpcp-single-item\">\n\t\t\t<a class=\"wcp-light-box\" data-buttons='[\"close\"]' data-wpc_url='https:\/\/www.aarquiteta.com.br\/blog\/wp-content\/uploads\/2023\/03\/hall8.jpg' href=\"https:\/\/www.aarquiteta.com.br\/blog\/wp-content\/uploads\/2023\/03\/hall8.jpg\" data-fancybox=\"wpcp_view\">\n\t\t<figure>\n\t\t\t<img decoding=\"async\" class=\"skip-lazy\" src=\"https:\/\/www.aarquiteta.com.br\/blog\/wp-content\/uploads\/2023\/03\/hall8.jpg\" alt=\"hall8\" width=\"700\" height=\"504\" title=\"\">\t\t<\/figure>\n\t<\/a>\n\t\t<\/div>\n<\/div>\n\t<div class=\"swiper-slide\">\n\t<div class=\"wpcp-single-item\">\n\t\t\t<a class=\"wcp-light-box\" data-buttons='[\"close\"]' data-wpc_url='https:\/\/www.aarquiteta.com.br\/blog\/wp-content\/uploads\/2022\/02\/Dicas-para-decorar-o-hall-da-casa.2.jpeg' href=\"https:\/\/www.aarquiteta.com.br\/blog\/wp-content\/uploads\/2022\/02\/Dicas-para-decorar-o-hall-da-casa.2.jpeg\" data-fancybox=\"wpcp_view\">\n\t\t<figure>\n\t\t\t<img decoding=\"async\" class=\"skip-lazy\" src=\"https:\/\/www.aarquiteta.com.br\/blog\/wp-content\/uploads\/2022\/02\/Dicas-para-decorar-o-hall-da-casa.2.jpeg\" alt=\"Como Otimizar Espa\u00e7os no Hall de Entrada.\" width=\"700\" height=\"400\" title=\"\">\t\t<\/figure>\n\t<\/a>\n\t\t<\/div>\n<\/div>\n\t<div class=\"swiper-slide\">\n\t<div class=\"wpcp-single-item\">\n\t\t\t<a class=\"wcp-light-box\" data-buttons='[\"close\"]' data-wpc_url='https:\/\/www.aarquiteta.com.br\/blog\/wp-content\/uploads\/2023\/03\/hall14.jpg' href=\"https:\/\/www.aarquiteta.com.br\/blog\/wp-content\/uploads\/2023\/03\/hall14.jpg\" data-fancybox=\"wpcp_view\">\n\t\t<figure>\n\t\t\t<img decoding=\"async\" class=\"skip-lazy\" src=\"https:\/\/www.aarquiteta.com.br\/blog\/wp-content\/uploads\/2023\/03\/hall14.jpg\" alt=\"hall14\" width=\"792\" height=\"489\" title=\"\">\t\t<\/figure>\n\t<\/a>\n\t\t<\/div>\n<\/div>\n\t<div class=\"swiper-slide\">\n\t<div class=\"wpcp-single-item\">\n\t\t\t<a class=\"wcp-light-box\" data-buttons='[\"close\"]' data-wpc_url='https:\/\/www.aarquiteta.com.br\/blog\/wp-content\/uploads\/2023\/03\/hall22.jpg' href=\"https:\/\/www.aarquiteta.com.br\/blog\/wp-content\/uploads\/2023\/03\/hall22.jpg\" data-fancybox=\"wpcp_view\">\n\t\t<figure>\n\t\t\t<img decoding=\"async\" class=\"skip-lazy\" src=\"https:\/\/www.aarquiteta.com.br\/blog\/wp-content\/uploads\/2023\/03\/hall22.jpg\" alt=\"As melhores ideias para decorar um Hall de entrada.\" width=\"700\" height=\"472\" title=\"\">\t\t<\/figure>\n\t<\/a>\n\t\t<\/div>\n<\/div>\n\t<div class=\"swiper-slide\">\n\t<div class=\"wpcp-single-item\">\n\t\t\t<a class=\"wcp-light-box\" data-buttons='[\"close\"]' data-wpc_url='https:\/\/www.aarquiteta.com.br\/blog\/wp-content\/uploads\/2023\/03\/Moveis-para-Hall-de-Entrada-Transforme-Seu-Espaco.jpg' href=\"https:\/\/www.aarquiteta.com.br\/blog\/wp-content\/uploads\/2023\/03\/Moveis-para-Hall-de-Entrada-Transforme-Seu-Espaco.jpg\" data-fancybox=\"wpcp_view\">\n\t\t<figure>\n\t\t\t<img decoding=\"async\" class=\"skip-lazy\" src=\"https:\/\/www.aarquiteta.com.br\/blog\/wp-content\/uploads\/2023\/03\/Moveis-para-Hall-de-Entrada-Transforme-Seu-Espaco.jpg\" alt=\"Transforme seu Hall de Entrada em um ambiente acolhedor!\" width=\"703\" height=\"472\" title=\"\">\t\t<\/figure>\n\t<\/a>\n\t\t<\/div>\n<\/div>\n\t<div class=\"swiper-slide\">\n\t<div class=\"wpcp-single-item\">\n\t\t\t<a class=\"wcp-light-box\" data-buttons='[\"close\"]' data-wpc_url='https:\/\/www.aarquiteta.com.br\/blog\/wp-content\/uploads\/2023\/04\/Decoracao-de-corredores-e-halls-de-entrada-1.png' href=\"https:\/\/www.aarquiteta.com.br\/blog\/wp-content\/uploads\/2023\/04\/Decoracao-de-corredores-e-halls-de-entrada-1.png\" data-fancybox=\"wpcp_view\">\n\t\t<figure>\n\t\t\t<img decoding=\"async\" class=\"skip-lazy\" src=\"https:\/\/www.aarquiteta.com.br\/blog\/wp-content\/uploads\/2023\/04\/Decoracao-de-corredores-e-halls-de-entrada-1.png\" alt=\"Decora\u00e7\u00e3o de corredores e halls de entrada\" width=\"1024\" height=\"1024\" title=\"\">\t\t<\/figure>\n\t<\/a>\n\t\t<\/div>\n<\/div>\n\t<div class=\"swiper-slide\">\n\t<div class=\"wpcp-single-item\">\n\t\t\t<a class=\"wcp-light-box\" data-buttons='[\"close\"]' data-wpc_url='https:\/\/www.aarquiteta.com.br\/blog\/wp-content\/uploads\/2022\/02\/Dicas-para-decorar-o-hall-da-casa.1.png' href=\"https:\/\/www.aarquiteta.com.br\/blog\/wp-content\/uploads\/2022\/02\/Dicas-para-decorar-o-hall-da-casa.1.png\" data-fancybox=\"wpcp_view\">\n\t\t<figure>\n\t\t\t<img decoding=\"async\" class=\"skip-lazy\" src=\"https:\/\/www.aarquiteta.com.br\/blog\/wp-content\/uploads\/2022\/02\/Dicas-para-decorar-o-hall-da-casa.1.png\" alt=\"Como Otimizar Espa\u00e7os no Hall de Entrada.\" width=\"700\" height=\"400\" title=\"\">\t\t<\/figure>\n\t<\/a>\n\t\t<\/div>\n<\/div>\n\t\t\t<\/div>\n\t\t\t\t\t<div class=\"wpcp-swiper-dots swiper-pagination\"><\/div>\n\t\t\t\t<!-- If we need navigation buttons -->\n\t\t\t<\/div>\n\t<\/div>\n<\/div>\n\n<h3>1.3 M\u00f3veis e acess\u00f3rios<\/h3>\n<p>Escolha m\u00f3veis que sejam tanto funcionais quanto est\u00e9ticos. Um aparador ou uma consola s\u00e3o pe\u00e7as tradicionais que oferecem espa\u00e7o para decora\u00e7\u00f5es e armazenamento de chaves e correspond\u00eancias. Acess\u00f3rios como vasos, livros e objetos de arte d\u00e3o personalidade ao espa\u00e7o.<\/p>\n<h3>1.4 Espelhos e quadros<\/h3>\n<p>Espelhos s\u00e3o excelentes para ampliar visualmente o hall de entrada e para uma \u00faltima conferida no visual antes de sair. Quadros e obras de arte expressam os gostos dos moradores e adicionam cor e textura ao ambiente.<\/p>\n<div class=\"youtube-embed\" data-video_id=\"\"><iframe title=\"10 IDEIAS PARA HALL DE ENTRADA #decora\u00e7\u00e3o #hometrends #halldesign #home #arquiteturadeinteriores\" width=\"696\" height=\"392\" src=\"https:\/\/www.youtube.com\/embed\/1LnxPbNAtlk?feature=oembed&#038;enablejsapi=1\" frameborder=\"0\" allow=\"accelerometer; autoplay; clipboard-write; encrypted-media; gyroscope; picture-in-picture; web-share\" allowfullscreen><\/iframe><\/div>\n<h3>1.5 Tapetes e cortinas<\/h3>\n<p>Tapetes e cortinas adicionam camadas de textura e conforto ao hall de entrada. Escolha pe\u00e7as que complementem o estilo do espa\u00e7o e que sejam pr\u00e1ticas para a limpeza do dia a dia.<\/p>\n<h2>Como Criar um Hall de Entrada Elegante e Funcional<\/h2>\n<h3>1.6 Organiza\u00e7\u00e3o e funcionalidade<\/h3>\n<p>A funcionalidade deve andar de m\u00e3os dadas com a est\u00e9tica. Use organizadores, bandejas e caixas decorativas para manter o espa\u00e7o livre de desordem e garantir que tudo tenha seu lugar.<\/p>\n<h3>2.1 M\u00f3veis multifuncionais<\/h3>\n<p>M\u00f3veis multifuncionais s\u00e3o ideais para espa\u00e7os compactos. Pe\u00e7as como bancos com armazenamento interno ou aparadores com gavetas ajudam a manter o hall de entrada organizado sem sacrificar o estilo.<\/p>\n<p><img decoding=\"async\" class=\"alignnone size-full wp-image-77049\" src=\"https:\/\/www.aarquiteta.com.br\/blog\/wp-content\/uploads\/2023\/03\/cropped-Moveis-para-Hall-de-Entrada-Transforme-Seu-Espaco.jpg\" alt=\"M\u00f3veis para Hall de Entrada Transforme Seu Espa\u00e7o\" width=\"640\" height=\"853\" title=\"\" srcset=\"https:\/\/www.aarquiteta.com.br\/blog\/wp-content\/uploads\/2023\/03\/cropped-Moveis-para-Hall-de-Entrada-Transforme-Seu-Espaco.jpg 640w, https:\/\/www.aarquiteta.com.br\/blog\/wp-content\/uploads\/2023\/03\/cropped-Moveis-para-Hall-de-Entrada-Transforme-Seu-Espaco-225x300.jpg 225w, https:\/\/www.aarquiteta.com.br\/blog\/wp-content\/uploads\/2023\/03\/cropped-Moveis-para-Hall-de-Entrada-Transforme-Seu-Espaco-150x200.jpg 150w, https:\/\/www.aarquiteta.com.br\/blog\/wp-content\/uploads\/2023\/03\/cropped-Moveis-para-Hall-de-Entrada-Transforme-Seu-Espaco-300x400.jpg 300w\" sizes=\"(max-width: 640px) 100vw, 640px\" \/><\/p>\n<h3>2.2 Prateleiras e nichos<\/h3>\n<p>Prateleiras e nichos s\u00e3o solu\u00e7\u00f5es inteligentes para aproveitar o espa\u00e7o vertical. Eles s\u00e3o perfeitos para expor decora\u00e7\u00f5es ou guardar itens essenciais de forma organizada.<\/p>\n<h3>2.3 Ganchos e cabideiros<\/h3>\n<p>Ganchos e cabideiros s\u00e3o pr\u00e1ticos para pendurar casacos, bolsas e chap\u00e9us. Escolha modelos que complementem o design do hall e que sejam resistentes para suportar o peso dos itens.<\/p>\n<h3>2.4 Sapateiras e cestos organizadores<\/h3>\n<p>Sapateiras e cestos ajudam a manter o ch\u00e3o livre e organizado. Opte por modelos que se encaixem no espa\u00e7o dispon\u00edvel e que facilitem a manuten\u00e7\u00e3o da ordem.<\/p>\n<blockquote><p>Curiosidade: Voc\u00ea sabia que o hall de entrada pode influenciar a forma como as pessoas percebem o restante da sua casa? Um espa\u00e7o bem organizado e decorado com carinho pode aumentar a sensa\u00e7\u00e3o de bem-estar e causar uma impress\u00e3o duradoura nos seus convidados.<\/p><\/blockquote>\n<h2>Dicas \u00danicas para um Hall de Entrada Inesquec\u00edvel!<\/h2>\n<p><img decoding=\"async\" class=\"alignnone size-full wp-image-44492\" src=\"https:\/\/www.aarquiteta.com.br\/blog\/wp-content\/uploads\/2022\/02\/Dicas-para-decorar-o-hall-da-casa.1.png\" alt=\"Como Otimizar Espa\u00e7os no Hall de Entrada.\" width=\"700\" height=\"400\" title=\"\" srcset=\"https:\/\/www.aarquiteta.com.br\/blog\/wp-content\/uploads\/2022\/02\/Dicas-para-decorar-o-hall-da-casa.1.png 700w, https:\/\/www.aarquiteta.com.br\/blog\/wp-content\/uploads\/2022\/02\/Dicas-para-decorar-o-hall-da-casa.1-696x398.png 696w, https:\/\/www.aarquiteta.com.br\/blog\/wp-content\/uploads\/2022\/02\/Dicas-para-decorar-o-hall-da-casa.1-150x86.png 150w\" sizes=\"(max-width: 700px) 100vw, 700px\" \/><\/p>\n<h3>2.5 Espelhos grandes<\/h3>\n<p>Al\u00e9m de ampliar o espa\u00e7o, espelhos grandes s\u00e3o funcionais para uma \u00faltima verifica\u00e7\u00e3o da apar\u00eancia antes de sair de casa. Eles tamb\u00e9m refletem a luz, contribuindo para um ambiente mais iluminado.<\/p>\n<h3>2.6 Bancos e banquetas<\/h3>\n<p>Bancos e banquetas oferecem um local conveniente para cal\u00e7ar sapatos ou deixar bolsas e pacotes temporariamente. Escolha pe\u00e7as que possam ser facilmente movidas ou que sirvam como elementos decorativos adicionais.<\/p>\n<h3>3.1 Plantas e flores<\/h3>\n<p>Plantas e flores naturais trazem vida e frescor ao hall de entrada. Elas tamb\u00e9m podem melhorar a qualidade do ar e criar uma conex\u00e3o com a natureza.<\/p>\n<p><img decoding=\"async\" class=\"alignnone size-full wp-image-44494\" src=\"https:\/\/www.aarquiteta.com.br\/blog\/wp-content\/uploads\/2022\/02\/Dicas-para-decorar-o-hall-da-casa.4.jpg\" alt=\"Como Otimizar Espa\u00e7os no Hall de Entrada.\" width=\"700\" height=\"400\" title=\"\" srcset=\"https:\/\/www.aarquiteta.com.br\/blog\/wp-content\/uploads\/2022\/02\/Dicas-para-decorar-o-hall-da-casa.4.jpg 700w, https:\/\/www.aarquiteta.com.br\/blog\/wp-content\/uploads\/2022\/02\/Dicas-para-decorar-o-hall-da-casa.4-696x398.jpg 696w, https:\/\/www.aarquiteta.com.br\/blog\/wp-content\/uploads\/2022\/02\/Dicas-para-decorar-o-hall-da-casa.4-150x86.jpg 150w\" sizes=\"(max-width: 700px) 100vw, 700px\" \/><\/p>\n<h3>3.2 Aromatizadores de ambiente<\/h3>\n<p>Um aroma agrad\u00e1vel \u00e9 sempre convidativo. Aromatizadores de ambiente, velas perfumadas ou difusores de \u00f3leos essenciais podem criar uma atmosfera acolhedora e relaxante.<\/p>\n<h3>3.3 Tapetes macios<\/h3>\n<p>Tapetes macios n\u00e3o s\u00f3 decoram como tamb\u00e9m proporcionam uma sensa\u00e7\u00e3o agrad\u00e1vel ao toque. Escolha materiais f\u00e1ceis de limpar e que resistam ao alto tr\u00e1fego.<\/p>\n<h3>3.4 Ilumina\u00e7\u00e3o suave<\/h3>\n<p>Uma ilumina\u00e7\u00e3o suave e indireta pode criar um ambiente mais \u00edntimo e acolhedor. L\u00e2mpadas de temperatura de cor quente s\u00e3o ideais para esses espa\u00e7os.<\/p>\n[amazon table=&#8221;82513&#8243;]\n<h3>3.5 Decora\u00e7\u00e3o personalizada<\/h3>\n<p>Personalize o hall de entrada com itens que contem hist\u00f3rias ou que tenham significado especial. Isso pode incluir lembran\u00e7as de viagens, fotografias de fam\u00edlia ou cole\u00e7\u00f5es.<\/p>\n<h3>3.6 Toques de aconchego<\/h3>\n<p>Almofadas, mantas e outros tecidos macios podem adicionar uma camada extra de conforto e convidar as pessoas a se sentirem em casa.<\/p>\n<p>Em resumo, o hall de entrada \u00e9 uma \u00e1rea de transi\u00e7\u00e3o que define a primeira impress\u00e3o da casa. Com as dicas e ideias apresentadas, \u00e9 poss\u00edvel criar um espa\u00e7o que seja n\u00e3o apenas bonito e estiloso, mas tamb\u00e9m pr\u00e1tico e acolhedor.<\/p>\n<p>Lembre-se de que a decora\u00e7\u00e3o do hall deve refletir a personalidade dos moradores e oferecer uma recep\u00e7\u00e3o calorosa a todos que cruzam a porta.<\/p>\n<h2>Perguntas Frequentes<\/h2>\n<h3>Qual \u00e9 o tamanho ideal para um hall de entrada?<\/h3>\n<p>O tamanho ideal para um hall de entrada varia de acordo com o espa\u00e7o dispon\u00edvel e as necessidades dos moradores. No entanto, deve ser suficientemente espa\u00e7oso para permitir a circula\u00e7\u00e3o confort\u00e1vel e acomodar os m\u00f3veis e acess\u00f3rios necess\u00e1rios.<\/p>\n<h3>Como escolher a ilumina\u00e7\u00e3o adequada para o hall de entrada?<\/h3>\n<p>Escolha uma ilumina\u00e7\u00e3o que crie uma atmosfera acolhedora e que destaque os pontos fortes do espa\u00e7o. Combine diferentes fontes de luz, como um lustre central com ilumina\u00e7\u00e3o de tarefa ou ilumina\u00e7\u00e3o de destaque para quadros e objetos decorativos.<\/p>\n<h3>Quais s\u00e3o os m\u00f3veis essenciais para um hall de entrada funcional?<\/h3>\n<p>Os m\u00f3veis essenciais incluem um local para armazenamento, como um aparador ou uma sapateira, e ganchos ou cabideiros para pendurar casacos e acess\u00f3rios. Um espelho tamb\u00e9m \u00e9 uma adi\u00e7\u00e3o pr\u00e1tica e decorativa.<\/p>\n","protected":false},"excerpt":{"rendered":"<p>Descubra o segredo de uma hall de entrada da casa perfeita. Inspire-se conosco!<\/p>\n","protected":false},"author":102,"featured_media":78757,"comment_status":"closed","ping_status":"closed","sticky":false,"template":"","format":"standard","meta":{"footnotes":""},"categories":[1484],"tags":[34833,34834],"class_list":["post-100198","post","type-post","status-publish","format-standard","has-post-thumbnail","category-decoracao","tag-decoracao-de-hall-de-entrada-da-casa","tag-hall-de-entrada-da-casa"],"_wp_attached_file":null,"_wp_attachment_metadata":null,"_wp_attachment_context":null,"_wp_attachment_is_custom_header":null,"geo_longitude":null,"geo_public":null,"geo_latitude":null,"_publicize_done_external":null,"_wpas_done_3897181":null,"publicize_twitter_user":null,"_wpas_done_3897175":null,"_wpas_skip_3897181":null,"_wpas_skip_3897175":null,"_wpas_skip_3924723":null,"_wpas_mess":null,"_wpas_done_3924723":null,"wps_subtitle":"","_links":{"self":[{"href":"https:\/\/www.aarquiteta.com.br\/blog\/wp-json\/wp\/v2\/posts\/100198","targetHints":{"allow":["GET"]}}],"collection":[{"href":"https:\/\/www.aarquiteta.com.br\/blog\/wp-json\/wp\/v2\/posts"}],"about":[{"href":"https:\/\/www.aarquiteta.com.br\/blog\/wp-json\/wp\/v2\/types\/post"}],"author":[{"embeddable":true,"href":"https:\/\/www.aarquiteta.com.br\/blog\/wp-json\/wp\/v2\/users\/102"}],"replies":[{"embeddable":true,"href":"https:\/\/www.aarquiteta.com.br\/blog\/wp-json\/wp\/v2\/comments?post=100198"}],"version-history":[{"count":0,"href":"https:\/\/www.aarquiteta.com.br\/blog\/wp-json\/wp\/v2\/posts\/100198\/revisions"}],"wp:featuredmedia":[{"embeddable":true,"href":"https:\/\/www.aarquiteta.com.br\/blog\/wp-json\/wp\/v2\/media\/78757"}],"wp:attachment":[{"href":"https:\/\/www.aarquiteta.com.br\/blog\/wp-json\/wp\/v2\/media?parent=100198"}],"wp:term":[{"taxonomy":"category","embeddable":true,"href":"https:\/\/www.aarquiteta.com.br\/blog\/wp-json\/wp\/v2\/categories?post=100198"},{"taxonomy":"post_tag","embeddable":true,"href":"https:\/\/www.aarquiteta.com.br\/blog\/wp-json\/wp\/v2\/tags?post=100198"}],"curies":[{"name":"wp","href":"https:\/\/api.w.org\/{rel}","templated":true}]}}