{"id":100144,"date":"2023-11-19T12:00:29","date_gmt":"2023-11-19T15:00:29","guid":{"rendered":"http:\/\/aarquiteta.com.br\/?p=100144"},"modified":"2023-11-19T10:26:41","modified_gmt":"2023-11-19T13:26:41","slug":"5-dicas-eficazes-para-refrescar-sua-casa-sem-ar-condicionado","status":"publish","type":"post","link":"https:\/\/www.aarquiteta.com.br\/blog\/5-dicas-eficazes-para-refrescar-sua-casa-sem-ar-condicionado\/","title":{"rendered":"5 dicas eficazes para refrescar sua casa sem utilizar ar condicionado."},"content":{"rendered":"<p>Quando o ver\u00e3o chega com suas altas temperaturas, muitos de n\u00f3s recorremos ao ar condicionado para manter nossas casas frescas. No entanto, nem sempre \u00e9 a op\u00e7\u00e3o mais econ\u00f4mica ou ambientalmente sustent\u00e1vel. Felizmente, existem m\u00e9todos alternativos para refrescar o ambiente sem depender dessa tecnologia.<\/p>\n<p>Este artigo oferece cinco dicas eficazes para manter sua casa agrad\u00e1vel durante o ver\u00e3o, sem a necessidade de ar condicionado. Vamos explorar estrat\u00e9gias que otimizam a ventila\u00e7\u00e3o natural, o uso de plantas, a escolha de tecidos adequados, a redu\u00e7\u00e3o de fontes de calor internas e a adapta\u00e7\u00e3o de h\u00e1bitos di\u00e1rios. Prepare-se para transformar seu lar em um o\u00e1sis de frescor!<\/p>\n<ul>\n<li>Otimiza\u00e7\u00e3o da Ventila\u00e7\u00e3o Natural<\/li>\n<li>Uso de Plantas para Refrescar o Ambiente<\/li>\n<li>Escolha de Tecidos Adequados<\/li>\n<li>Redu\u00e7\u00e3o de Fontes de Calor Internas<\/li>\n<li>Adapta\u00e7\u00e3o de H\u00e1bitos Di\u00e1rios<\/li>\n<\/ul>\n<h3>Otimiza\u00e7\u00e3o da Ventila\u00e7\u00e3o Natural<\/h3>\n<figure style=\"width: 1024px\" class=\"wp-caption aligncenter\"><img decoding=\"async\" src=\"https:\/\/www.aarquiteta.com.br\/blog\/wp-content\/uploads\/2023\/11\/5-dicas-eficazes-para-refrescar-sua-casa-sem-ar-condicionado.04.jpg\" alt=\"5 dicas eficazes para refrescar sua casa durante o ver\u00e3o sem utilizar ar condicionado.\" width=\"1024\" height=\"1024\" title=\"\"><figcaption class=\"wp-caption-text\">5 dicas eficazes para refrescar sua casa durante o ver\u00e3o sem utilizar ar condicionado.<\/figcaption><\/figure>\n<p>Uma casa bem ventilada \u00e9 essencial para manter o ambiente fresco. <strong>Abrir janelas e portas<\/strong> em hor\u00e1rios estrat\u00e9gicos, como no in\u00edcio da manh\u00e3 ou no final da tarde, permite que o ar fresco circule. Considere tamb\u00e9m a instala\u00e7\u00e3o de <strong>ventiladores de teto<\/strong> ou de mesa, que ajudam a movimentar o ar e criar uma brisa agrad\u00e1vel.<\/p>\n[amazon table=&#8221;100145&#8243;]\n<h3>Uso de Plantas para Refrescar o Ambiente<\/h3>\n<p>Plantas n\u00e3o s\u00e3o apenas decorativas; elas tamb\u00e9m podem ajudar a refrescar sua casa. Esp\u00e9cies como a <strong>espada-de-s\u00e3o-jorge<\/strong> e o <strong>areca-bambu<\/strong> s\u00e3o conhecidas por suas propriedades de purifica\u00e7\u00e3o do ar. Colocar plantas em \u00e1reas estrat\u00e9gicas pode criar um microclima mais fresco e \u00famido.<\/p>\n<h3>Escolha de Tecidos Adequados<\/h3>\n<figure style=\"width: 1024px\" class=\"wp-caption aligncenter\"><img decoding=\"async\" src=\"https:\/\/www.aarquiteta.com.br\/blog\/wp-content\/uploads\/2023\/11\/5-dicas-eficazes-para-refrescar-sua-casa-sem-ar-condicionado.03.jpg\" alt=\"5 dicas eficazes para refrescar sua casa durante o ver\u00e3o sem utilizar ar condicionado.\" width=\"1024\" height=\"1024\" title=\"\"><figcaption class=\"wp-caption-text\">5 dicas eficazes para refrescar sua casa durante o ver\u00e3o sem utilizar ar condicionado.<\/figcaption><\/figure>\n<p>Tecidos leves e naturais, como <strong>algod\u00e3o e linho<\/strong>, s\u00e3o ideais para o ver\u00e3o. Eles permitem que a pele respire e n\u00e3o ret\u00eam calor. Use-os em roupas de cama, cortinas e capas de m\u00f3veis para ajudar a manter a casa fresca.<\/p>\n<h3>Redu\u00e7\u00e3o de Fontes de Calor Internas<\/h3>\n<p>Minimize o uso de aparelhos que geram calor, como o forno e o fog\u00e3o. Opte por <strong>refei\u00e7\u00f5es frias ou use o micro-ondas<\/strong>. Al\u00e9m disso, substitua l\u00e2mpadas incandescentes por <strong>LEDs<\/strong>, que emitem menos calor.<\/p>\n<blockquote><p>Voc\u00ea sabia que a cor das telhas pode influenciar a temperatura da sua casa? Telhas claras refletem mais o sol, mantendo a casa mais fresca, enquanto telhas escuras podem aumentar a temperatura interna.<\/p><\/blockquote>\n<h3>Adapta\u00e7\u00e3o de H\u00e1bitos Di\u00e1rios<\/h3>\n<p>Pequenas mudan\u00e7as na rotina podem fazer uma grande diferen\u00e7a. Por exemplo, <strong>evite atividades que gerem calor<\/strong> durante as horas mais quentes do dia e <strong>feche cortinas e persianas<\/strong> para bloquear a luz solar direta.<\/p>\n<h3>Utiliza\u00e7\u00e3o de Cores Claras na Decora\u00e7\u00e3o<\/h3>\n<figure style=\"width: 1024px\" class=\"wp-caption aligncenter\"><img decoding=\"async\" src=\"https:\/\/www.aarquiteta.com.br\/blog\/wp-content\/uploads\/2023\/11\/5-dicas-eficazes-para-refrescar-sua-casa-sem-ar-condicionado.02.jpg\" alt=\"5 dicas eficazes para refrescar sua casa durante o ver\u00e3o sem utilizar ar condicionado.\" width=\"1024\" height=\"1024\" title=\"\"><figcaption class=\"wp-caption-text\">5 dicas eficazes para refrescar sua casa durante o ver\u00e3o sem utilizar ar condicionado.<\/figcaption><\/figure>\n<p>Cores claras refletem a luz e o calor, enquanto cores escuras as absorvem. Pintar as paredes e escolher m\u00f3veis e decora\u00e7\u00f5es em tons mais claros pode ajudar a manter a casa mais fresca.<\/p>\n<h3>Isolamento T\u00e9rmico Adequado<\/h3>\n<p>Um bom isolamento t\u00e9rmico pode manter o calor fora no ver\u00e3o e dentro no inverno. Verifique se sua casa est\u00e1 bem isolada, incluindo paredes, tetos e at\u00e9 mesmo o piso.<\/p>\n<h3>Uso de Pel\u00edculas Refletoras em Janelas<\/h3>\n<figure style=\"width: 1024px\" class=\"wp-caption aligncenter\"><img decoding=\"async\" src=\"https:\/\/www.aarquiteta.com.br\/blog\/wp-content\/uploads\/2023\/11\/5-dicas-eficazes-para-refrescar-sua-casa-sem-ar-condicionado.01.jpg\" alt=\"5 dicas eficazes para refrescar sua casa durante o ver\u00e3o sem utilizar ar condicionado.\" width=\"1024\" height=\"1024\" title=\"\"><figcaption class=\"wp-caption-text\">5 dicas eficazes para refrescar sua casa durante o ver\u00e3o sem utilizar ar condicionado.<\/figcaption><\/figure>\n<p>Pel\u00edculas refletoras podem ser aplicadas \u00e0s janelas para reduzir a quantidade de calor que entra na casa. Elas funcionam refletindo a luz solar e o calor para fora.<\/p>\n<h3>Instala\u00e7\u00e3o de Toldos e Persianas Externas<\/h3>\n<p>Toldos e persianas externas s\u00e3o eficazes para bloquear o sol antes que ele atinja as janelas. Eles podem ser ajustados conforme a posi\u00e7\u00e3o do sol para maximizar a sombra.<\/p>\n<h3>Manuten\u00e7\u00e3o de Equipamentos Eletr\u00f4nicos<\/h3>\n<p>Aparelhos eletr\u00f4nicos podem gerar calor mesmo quando n\u00e3o est\u00e3o em uso. Desligue-os ou desconecte-os da tomada para evitar o aquecimento desnecess\u00e1rio.<\/p>\n<div class=\"youtube-embed\" data-video_id=\"g8BTdc-VkJU\"><iframe title=\"Como Refrescar Seu Quarto Quando N\u00e3o H\u00e1 Ar-Condicionado Dispon\u00edvel\" width=\"696\" height=\"392\" src=\"https:\/\/www.youtube.com\/embed\/g8BTdc-VkJU?feature=oembed&#038;enablejsapi=1\" frameborder=\"0\" allow=\"accelerometer; autoplay; clipboard-write; encrypted-media; gyroscope; picture-in-picture; web-share\" allowfullscreen><\/iframe><\/div>\n<h2>Perguntas Frequentes<\/h2>\n<h3><strong>\u00c9 poss\u00edvel refrescar uma casa sem ventila\u00e7\u00e3o natural?<\/strong><\/h3>\n<p>Sim, mesmo em casas com pouca ventila\u00e7\u00e3o natural, \u00e9 poss\u00edvel utilizar ventiladores, plantas e t\u00e9cnicas de sombreamento para reduzir a temperatura interna.<\/p>\n<h3><strong>Quais plantas s\u00e3o mais eficazes para refrescar o ambiente?<\/strong><\/h3>\n<p>Al\u00e9m da espada-de-s\u00e3o-jorge e do areca-bambu, outras plantas como aloe vera e samambaia tamb\u00e9m s\u00e3o conhecidas por suas propriedades refrescantes.<\/p>\n<h3><strong>Como manter a casa fresca durante uma onda de calor?<\/strong><\/h3>\n<p>Durante uma onda de calor, \u00e9 importante manter as janelas fechadas e as cortinas corridas durante o dia, usar ventiladores e umidificadores, e evitar atividades que gerem calor excessivo.<\/p>\n<h3>Conclus\u00e3o<\/h3>\n<p>Manter a casa fresca durante o ver\u00e3o sem ar condicionado \u00e9 totalmente poss\u00edvel com as estrat\u00e9gias certas. Ao otimizar a ventila\u00e7\u00e3o natural, utilizar plantas, escolher tecidos adequados, reduzir fontes de calor internas e adaptar h\u00e1bitos di\u00e1rios, voc\u00ea pode criar um ambiente confort\u00e1vel e agrad\u00e1vel.<\/p>\n<p>Al\u00e9m disso, essas dicas n\u00e3o s\u00f3 ajudam a economizar energia, mas tamb\u00e9m contribuem para um estilo de vida mais sustent\u00e1vel.<\/p>\n","protected":false},"excerpt":{"rendered":"<p>Aprenda maneiras eficazes de manter sua casa fresca no ver\u00e3o sem depender do ar condicionado.<\/p>\n","protected":false},"author":102,"featured_media":100141,"comment_status":"closed","ping_status":"closed","sticky":false,"template":"","format":"standard","meta":{"footnotes":""},"categories":[1484],"tags":[34824,764],"class_list":["post-100144","post","type-post","status-publish","format-standard","has-post-thumbnail","category-decoracao","tag-vantilar","tag-ventilacao"],"_wp_attached_file":null,"_wp_attachment_metadata":null,"_wp_attachment_context":null,"_wp_attachment_is_custom_header":null,"geo_longitude":null,"geo_public":null,"geo_latitude":null,"_publicize_done_external":null,"_wpas_done_3897181":null,"publicize_twitter_user":null,"_wpas_done_3897175":null,"_wpas_skip_3897181":null,"_wpas_skip_3897175":null,"_wpas_skip_3924723":null,"_wpas_mess":null,"_wpas_done_3924723":null,"wps_subtitle":"","_links":{"self":[{"href":"https:\/\/www.aarquiteta.com.br\/blog\/wp-json\/wp\/v2\/posts\/100144","targetHints":{"allow":["GET"]}}],"collection":[{"href":"https:\/\/www.aarquiteta.com.br\/blog\/wp-json\/wp\/v2\/posts"}],"about":[{"href":"https:\/\/www.aarquiteta.com.br\/blog\/wp-json\/wp\/v2\/types\/post"}],"author":[{"embeddable":true,"href":"https:\/\/www.aarquiteta.com.br\/blog\/wp-json\/wp\/v2\/users\/102"}],"replies":[{"embeddable":true,"href":"https:\/\/www.aarquiteta.com.br\/blog\/wp-json\/wp\/v2\/comments?post=100144"}],"version-history":[{"count":0,"href":"https:\/\/www.aarquiteta.com.br\/blog\/wp-json\/wp\/v2\/posts\/100144\/revisions"}],"wp:featuredmedia":[{"embeddable":true,"href":"https:\/\/www.aarquiteta.com.br\/blog\/wp-json\/wp\/v2\/media\/100141"}],"wp:attachment":[{"href":"https:\/\/www.aarquiteta.com.br\/blog\/wp-json\/wp\/v2\/media?parent=100144"}],"wp:term":[{"taxonomy":"category","embeddable":true,"href":"https:\/\/www.aarquiteta.com.br\/blog\/wp-json\/wp\/v2\/categories?post=100144"},{"taxonomy":"post_tag","embeddable":true,"href":"https:\/\/www.aarquiteta.com.br\/blog\/wp-json\/wp\/v2\/tags?post=100144"}],"curies":[{"name":"wp","href":"https:\/\/api.w.org\/{rel}","templated":true}]}}