{"id":100123,"date":"2023-11-20T06:30:55","date_gmt":"2023-11-20T09:30:55","guid":{"rendered":"http:\/\/aarquiteta.com.br\/?p=100123"},"modified":"2023-11-19T09:59:46","modified_gmt":"2023-11-19T12:59:46","slug":"5-dicas-simples-e-eficientes-para-organizar-a-sua-gaveta-do-guarda-roupas","status":"publish","type":"post","link":"https:\/\/www.aarquiteta.com.br\/blog\/5-dicas-simples-e-eficientes-para-organizar-a-sua-gaveta-do-guarda-roupas\/","title":{"rendered":"5 dicas simples e eficientes para organizar suas gavetas e transformar seu guarda-roupas em um espa\u00e7o funcional e organizado."},"content":{"rendered":"<p>Organizar as gavetas e transformar o guarda-roupas em um espa\u00e7o funcional n\u00e3o precisa ser uma tarefa \u00e1rdua. Com algumas dicas simples e eficientes, \u00e9 poss\u00edvel criar um ambiente organizado que facilita o dia a dia e economiza tempo. Neste artigo, vamos explorar estrat\u00e9gias para otimizar o espa\u00e7o, manter a ordem e garantir que cada pe\u00e7a de roupa tenha seu lugar. Prepare-se para transformar seu guarda-roupas com estas dicas:<\/p>\n<ul>\n<li>Classifica\u00e7\u00e3o e separa\u00e7\u00e3o de itens<\/li>\n<li>Uso de organizadores e divis\u00f3rias<\/li>\n<li>Manuten\u00e7\u00e3o da organiza\u00e7\u00e3o<\/li>\n<li>Otimiza\u00e7\u00e3o do espa\u00e7o vertical<\/li>\n<li>Revis\u00e3o peri\u00f3dica do conte\u00fado das gavetas<\/li>\n<\/ul>\n<h3>Classifique e Separe Suas Roupas<\/h3>\n<figure style=\"width: 1024px\" class=\"wp-caption aligncenter\"><img decoding=\"async\" src=\"https:\/\/www.aarquiteta.com.br\/blog\/wp-content\/uploads\/2023\/11\/5-dicas-simples-e-eficientes-para-organizar-a-sua-gaveta-do-guarda-roupas04.jpg\" alt=\"5 dicas simples e eficientes para organizar suas gavetas e transformar seu guarda-roupas em um espa\u00e7o funcional e organizado.\" width=\"1024\" height=\"1024\" title=\"\"><figcaption class=\"wp-caption-text\">5 dicas simples e eficientes para organizar suas gavetas e transformar seu guarda-roupas em um espa\u00e7o funcional e organizado.<\/figcaption><\/figure>\n<p>Antes de mais nada, \u00e9 essencial <strong>classificar e separar<\/strong> suas roupas. Agrupe-as por categoria, como camisetas, cal\u00e7as, roupas \u00edntimas e acess\u00f3rios. Isso n\u00e3o s\u00f3 facilita na hora de encontrar o que precisa, mas tamb\u00e9m ajuda a identificar pe\u00e7as que j\u00e1 n\u00e3o usa mais e podem ser doadas.<\/p>\n<h3>Invista em Organizadores e Divis\u00f3rias<\/h3>\n<p>Utilizar <strong>organizadores e divis\u00f3rias<\/strong> \u00e9 uma maneira eficaz de manter tudo em seu devido lugar. Eles ajudam a delimitar espa\u00e7os espec\u00edficos para cada tipo de roupa, evitando que tudo se misture e se perca nas gavetas.<\/p>\n[amazon table=&#8221;83066&#8243;]\n<h3>Mantenha a Organiza\u00e7\u00e3o Diariamente<\/h3>\n<figure style=\"width: 1024px\" class=\"wp-caption aligncenter\"><img decoding=\"async\" src=\"https:\/\/www.aarquiteta.com.br\/blog\/wp-content\/uploads\/2023\/11\/5-dicas-simples-e-eficientes-para-organizar-a-sua-gaveta-do-guarda-roupas03.jpg\" alt=\"5 dicas simples e eficientes para organizar suas gavetas e transformar seu guarda-roupas em um espa\u00e7o funcional e organizado.\" width=\"1024\" height=\"1024\" title=\"\"><figcaption class=\"wp-caption-text\">5 dicas simples e eficientes para organizar suas gavetas e transformar seu guarda-roupas em um espa\u00e7o funcional e organizado.<\/figcaption><\/figure>\n<p>A organiza\u00e7\u00e3o \u00e9 um h\u00e1bito que deve ser mantido <strong>diariamente<\/strong>. Ao retirar uma pe\u00e7a, certifique-se de devolv\u00ea-la ao mesmo lugar. Isso evita a desordem e facilita a manuten\u00e7\u00e3o da organiza\u00e7\u00e3o a longo prazo.<\/p>\n<h3>Aproveite o Espa\u00e7o Vertical<\/h3>\n<p>As gavetas s\u00e3o \u00f3timas, mas n\u00e3o se esque\u00e7a do <strong>espa\u00e7o vertical<\/strong>. Prateleiras e ganchos podem ser grandes aliados para organizar bolsas, cintos e colares, otimizando o uso do espa\u00e7o no seu guarda-roupas.<\/p>\n<blockquote><p>Voc\u00ea sabia que a t\u00e9cnica de dobra vertical foi popularizada por Marie Kondo, uma especialista em organiza\u00e7\u00e3o que transformou a arruma\u00e7\u00e3o de casas em uma verdadeira filosofia de vida? Experimente essa t\u00e9cnica e veja como ela pode mudar sua rela\u00e7\u00e3o com o espa\u00e7o e suas roupas!<\/p><\/blockquote>\n<h3>Fa\u00e7a Revis\u00f5es Peri\u00f3dicas<\/h3>\n<p>De tempos em tempos, \u00e9 importante fazer uma <strong>revis\u00e3o peri\u00f3dica<\/strong> do que est\u00e1 guardado. Isso ajuda a manter apenas o que realmente usa e a reorganizar as pe\u00e7as conforme as esta\u00e7\u00f5es do ano ou mudan\u00e7as no estilo pessoal.<\/p>\n<h3>Organize as Gavetas por Frequ\u00eancia de Uso<\/h3>\n<figure style=\"width: 1024px\" class=\"wp-caption aligncenter\"><img decoding=\"async\" src=\"https:\/\/www.aarquiteta.com.br\/blog\/wp-content\/uploads\/2023\/11\/5-dicas-simples-e-eficientes-para-organizar-a-sua-gaveta-do-guarda-roupas02.jpg\" alt=\"5 dicas simples e eficientes para organizar suas gavetas e transformar seu guarda-roupas em um espa\u00e7o funcional e organizado.\" width=\"1024\" height=\"1024\" title=\"\"><figcaption class=\"wp-caption-text\">5 dicas simples e eficientes para organizar suas gavetas e transformar seu guarda-roupas em um espa\u00e7o funcional e organizado.<\/figcaption><\/figure>\n<p>Coloque as roupas que usa com mais frequ\u00eancia em gavetas de f\u00e1cil acesso e as menos usadas em locais mais altos ou fundos. Isso otimiza seu tempo na hora de se vestir.<\/p>\n<h3>Use e Abuse de Etiquetas<\/h3>\n<p>As <strong>etiquetas<\/strong> s\u00e3o suas amigas na organiza\u00e7\u00e3o. Elas ajudam a identificar rapidamente o conte\u00fado das gavetas, especialmente se voc\u00ea usa caixas ou cestos organizadores.<\/p>\n<h3>Dobre as Roupas de Maneira Eficiente<\/h3>\n<figure style=\"width: 1024px\" class=\"wp-caption aligncenter\"><img decoding=\"async\" src=\"https:\/\/www.aarquiteta.com.br\/blog\/wp-content\/uploads\/2023\/11\/5-dicas-simples-e-eficientes-para-organizar-a-sua-gaveta-do-guarda-roupas01.jpg\" alt=\"5 dicas simples e eficientes para organizar suas gavetas e transformar seu guarda-roupas em um espa\u00e7o funcional e organizado.\" width=\"1024\" height=\"1024\" title=\"\"><figcaption class=\"wp-caption-text\">5 dicas simples e eficientes para organizar suas gavetas e transformar seu guarda-roupas em um espa\u00e7o funcional e organizado.<\/figcaption><\/figure>\n<p>Uma boa dobra pode fazer milagres pela organiza\u00e7\u00e3o das suas gavetas. Existem t\u00e9cnicas espec\u00edficas, como a dobra vertical, que permitem visualizar todas as pe\u00e7as de uma vez e economizar espa\u00e7o.<\/p>\n<h3>Evite o Ac\u00famulo de Pe\u00e7as<\/h3>\n<p>Seja criterioso e <strong>evite o ac\u00famulo<\/strong> de pe\u00e7as que n\u00e3o usa. Isso libera espa\u00e7o para as roupas que realmente importam e facilita a organiza\u00e7\u00e3o.<\/p>\n<h3>Adapte as Dicas ao Seu Estilo de Vida<\/h3>\n<p>Por fim, adapte essas dicas ao seu estilo de vida. A organiza\u00e7\u00e3o pessoal deve atender \u00e0s suas necessidades e facilitar sua rotina, n\u00e3o o contr\u00e1rio.<\/p>\n<div class=\"youtube-embed\" data-video_id=\"FC4pGt54320\"><iframe title=\"11 Id\u00e9ias que eu fiz com gavetas de guarda roupas, para Organizar e Decorar a casa|Sandra Batista\" width=\"696\" height=\"392\" src=\"https:\/\/www.youtube.com\/embed\/FC4pGt54320?feature=oembed&#038;enablejsapi=1\" frameborder=\"0\" allow=\"accelerometer; autoplay; clipboard-write; encrypted-media; gyroscope; picture-in-picture; web-share\" allowfullscreen><\/iframe><\/div>\n<h2>Perguntas Frequentes<\/h2>\n<h3><strong>Como manter as gavetas organizadas por mais tempo?<\/strong><\/h3>\n<p>Manter a disciplina \u00e9 essencial. Sempre devolva as roupas ao lugar correto e fa\u00e7a revis\u00f5es peri\u00f3dicas para garantir que tudo est\u00e1 em ordem.<\/p>\n<h3><strong>Qual a melhor maneira de dobrar as roupas para economizar espa\u00e7o?<\/strong><\/h3>\n<p>A dobra vertical \u00e9 uma das melhores t\u00e9cnicas, pois permite armazenar mais pe\u00e7as e visualiz\u00e1-las facilmente.<\/p>\n<h3><strong>\u00c9 necess\u00e1rio comprar organizadores caros para ter um guarda-roupas organizado?<\/strong><\/h3>\n<p>N\u00e3o necessariamente. Voc\u00ea pode usar caixas de sapato, cestos e outros itens que j\u00e1 tem em casa. O importante \u00e9 criar divis\u00f5es claras para cada tipo de roupa.<\/p>\n<h3>Conclus\u00e3o<\/h3>\n<p>Organizar as gavetas e o guarda-roupas \u00e9 uma tarefa que traz clareza e praticidade para o dia a dia. Com essas dicas simples e eficientes, voc\u00ea pode transformar seu espa\u00e7o em um ambiente funcional e organizado. Lembre-se de que a organiza\u00e7\u00e3o \u00e9 um processo cont\u00ednuo e que pequenas a\u00e7\u00f5es di\u00e1rias fazem toda a diferen\u00e7a.<\/p>\n<h3><\/h3>\n<p>&nbsp;<\/p>\n<p>&nbsp;<\/p>\n","protected":false},"excerpt":{"rendered":"<p>Aprenda como organizar suas gavetas e tornar seu guarda-roupas mais funcional e organizado com 5 ensinamentos eficazes em portugu\u00eas brasileiro.<\/p>\n","protected":false},"author":102,"featured_media":100120,"comment_status":"closed","ping_status":"closed","sticky":false,"template":"","format":"standard","meta":{"footnotes":""},"categories":[10005,1484,19106],"tags":[34821,29232],"class_list":["post-100123","post","type-post","status-publish","format-standard","has-post-thumbnail","category-casa-e-jardim","category-decoracao","category-organizacao-e-armazenamento","tag-gavetas","tag-organizadores-de-gavetas"],"_wp_attached_file":null,"_wp_attachment_metadata":null,"_wp_attachment_context":null,"_wp_attachment_is_custom_header":null,"geo_longitude":null,"geo_public":null,"geo_latitude":null,"_publicize_done_external":null,"_wpas_done_3897181":null,"publicize_twitter_user":null,"_wpas_done_3897175":null,"_wpas_skip_3897181":null,"_wpas_skip_3897175":null,"_wpas_skip_3924723":null,"_wpas_mess":null,"_wpas_done_3924723":null,"wps_subtitle":"","_links":{"self":[{"href":"https:\/\/www.aarquiteta.com.br\/blog\/wp-json\/wp\/v2\/posts\/100123","targetHints":{"allow":["GET"]}}],"collection":[{"href":"https:\/\/www.aarquiteta.com.br\/blog\/wp-json\/wp\/v2\/posts"}],"about":[{"href":"https:\/\/www.aarquiteta.com.br\/blog\/wp-json\/wp\/v2\/types\/post"}],"author":[{"embeddable":true,"href":"https:\/\/www.aarquiteta.com.br\/blog\/wp-json\/wp\/v2\/users\/102"}],"replies":[{"embeddable":true,"href":"https:\/\/www.aarquiteta.com.br\/blog\/wp-json\/wp\/v2\/comments?post=100123"}],"version-history":[{"count":0,"href":"https:\/\/www.aarquiteta.com.br\/blog\/wp-json\/wp\/v2\/posts\/100123\/revisions"}],"wp:featuredmedia":[{"embeddable":true,"href":"https:\/\/www.aarquiteta.com.br\/blog\/wp-json\/wp\/v2\/media\/100120"}],"wp:attachment":[{"href":"https:\/\/www.aarquiteta.com.br\/blog\/wp-json\/wp\/v2\/media?parent=100123"}],"wp:term":[{"taxonomy":"category","embeddable":true,"href":"https:\/\/www.aarquiteta.com.br\/blog\/wp-json\/wp\/v2\/categories?post=100123"},{"taxonomy":"post_tag","embeddable":true,"href":"https:\/\/www.aarquiteta.com.br\/blog\/wp-json\/wp\/v2\/tags?post=100123"}],"curies":[{"name":"wp","href":"https:\/\/api.w.org\/{rel}","templated":true}]}}