{"id":100029,"date":"2023-12-31T12:24:38","date_gmt":"2023-12-31T15:24:38","guid":{"rendered":"http:\/\/aarquiteta.com.br\/?p=100029"},"modified":"2023-12-31T12:24:38","modified_gmt":"2023-12-31T15:24:38","slug":"lavanderia-planejada","status":"publish","type":"post","link":"https:\/\/www.aarquiteta.com.br\/blog\/lavanderia-planejada\/","title":{"rendered":"Lavanderia Planejada: 5 Ideias Para Organizar e Otimizar Espa\u00e7o."},"content":{"rendered":"<p>Uma lavanderia planejada \u00e9 mais do que um simples local para lavar roupas; \u00e9 um ambiente pensado para oferecer funcionalidade, conforto e beleza. Ao planejar cada detalhe, desde a disposi\u00e7\u00e3o dos m\u00f3veis at\u00e9 a escolha dos equipamentos, \u00e9 poss\u00edvel transformar uma tarefa cotidiana em uma experi\u00eancia mais agrad\u00e1vel e eficiente.<\/p>\n<p>Exploraremos os benef\u00edcios de ter uma lavanderia planejada e como voc\u00ea pode criar a sua, considerando o custo e as possibilidades de personaliza\u00e7\u00e3o.<\/p>\n<ul>\n<li><strong>Organiza\u00e7\u00e3o e otimiza\u00e7\u00e3o do espa\u00e7o:<\/strong> Aproveite cada cent\u00edmetro dispon\u00edvel.<\/li>\n<li><strong>Personaliza\u00e7\u00e3o de acordo com suas necessidades:<\/strong> Crie um ambiente que atenda ao seu estilo de vida.<\/li>\n<li><strong>Maior durabilidade e resist\u00eancia:<\/strong> Invista em materiais de qualidade que durem mais.<\/li>\n<li><strong>Facilidade na hora da limpeza:<\/strong> Superf\u00edcies e disposi\u00e7\u00f5es pensadas para manter a higiene.<\/li>\n<li><strong>Melhor aproveitamento do tempo:<\/strong> Tudo ao alcance das m\u00e3os para uma rotina mais eficiente.<\/li>\n<li><strong>Est\u00e9tica e design:<\/strong> Um espa\u00e7o bonito e agrad\u00e1vel que valoriza sua casa.<\/li>\n<\/ul>\n<h2>Como Criar uma Lavanderia Planejada que Combina Estilo e Praticidade<\/h2>\n<figure id=\"attachment_100068\" aria-describedby=\"caption-attachment-100068\" style=\"width: 1200px\" class=\"wp-caption alignnone\"><img decoding=\"async\" class=\"size-full wp-image-100068\" src=\"https:\/\/www.aarquiteta.com.br\/blog\/wp-content\/uploads\/2023\/11\/organizacao-de-lavanderia.jpg\" alt=\"Lavanderia Planejada: 5 Ideias Para Organizar e Otimizar Espa\u00e7o.\" width=\"1200\" height=\"800\" title=\"\" srcset=\"https:\/\/www.aarquiteta.com.br\/blog\/wp-content\/uploads\/2023\/11\/organizacao-de-lavanderia.jpg 1200w, https:\/\/www.aarquiteta.com.br\/blog\/wp-content\/uploads\/2023\/11\/organizacao-de-lavanderia-1024x683.jpg 1024w, https:\/\/www.aarquiteta.com.br\/blog\/wp-content\/uploads\/2023\/11\/organizacao-de-lavanderia-696x464.jpg 696w, https:\/\/www.aarquiteta.com.br\/blog\/wp-content\/uploads\/2023\/11\/organizacao-de-lavanderia-150x100.jpg 150w\" sizes=\"(max-width: 1200px) 100vw, 1200px\" \/><figcaption id=\"caption-attachment-100068\" class=\"wp-caption-text\">Lavanderia Planejada: 5 Ideias Para Organizar e Otimizar Espa\u00e7o.<\/figcaption><\/figure>\n<p>Descubra como otimizar seu espa\u00e7o com ideias inovadoras para lavanderias planejadas. Dicas pr\u00e1ticas de design e organiza\u00e7\u00e3o para transformar sua lavanderia.<\/p>\n<h3>Organiza\u00e7\u00e3o e otimiza\u00e7\u00e3o do espa\u00e7o<\/h3>\n<p>Com uma lavanderia planejada, cada produto e utens\u00edlio tem seu lugar, evitando a desordem e aproveitando o espa\u00e7o de maneira inteligente. Prateleiras, arm\u00e1rios e nichos s\u00e3o desenhados para armazenar tudo o que voc\u00ea precisa, sem desperd\u00edcio de espa\u00e7o.<\/p>\n<h3>Personaliza\u00e7\u00e3o de acordo com suas necessidades<\/h3>\n<p>Seja qual for o tamanho da sua fam\u00edlia ou o volume de roupas que voc\u00ea lida semanalmente, a lavanderia pode ser personalizada para atender \u00e0s suas demandas espec\u00edficas, com \u00e1reas de dobrar roupas, varais retr\u00e1teis ou at\u00e9 mesmo um espa\u00e7o para passar roupas.<\/p>\n[amazon table=&#8221;100064&#8243;]\n<h3>Maior durabilidade e resist\u00eancia<\/h3>\n<p>Escolher materiais de qualidade para sua lavanderia significa investir em durabilidade. Materiais resistentes \u00e0 umidade e ao calor garantem que o ambiente se mantenha em bom estado por mais tempo.<\/p>\n<h3>Facilidade na hora da limpeza<\/h3>\n<p>Superf\u00edcies lisas e f\u00e1ceis de limpar s\u00e3o essenciais em uma lavanderia. A planejada permite que voc\u00ea escolha materiais que n\u00e3o acumulem sujeira e que sejam simples de manter limpos.<\/p>\n<h3>Melhor aproveitamento do tempo<\/h3>\n<p>Com tudo organizado e ao alcance das m\u00e3os, voc\u00ea economiza tempo na hora de lavar, secar e passar as roupas, tornando a rotina mais \u00e1gil e menos cansativa.<\/p>\n<h2>Maximize Espa\u00e7o: Ideias Inovadoras para Lavanderias Planejadas<\/h2>\n<figure id=\"attachment_100066\" aria-describedby=\"caption-attachment-100066\" style=\"width: 1200px\" class=\"wp-caption alignnone\"><img decoding=\"async\" class=\"size-full wp-image-100066\" src=\"https:\/\/www.aarquiteta.com.br\/blog\/wp-content\/uploads\/2023\/11\/organizacao-de-lavanderia-2.jpg\" alt=\"Lavanderia Planejada: 5 Ideias Para Organizar e Otimizar Espa\u00e7o.\" width=\"1200\" height=\"800\" title=\"\" srcset=\"https:\/\/www.aarquiteta.com.br\/blog\/wp-content\/uploads\/2023\/11\/organizacao-de-lavanderia-2.jpg 1200w, https:\/\/www.aarquiteta.com.br\/blog\/wp-content\/uploads\/2023\/11\/organizacao-de-lavanderia-2-1024x683.jpg 1024w, https:\/\/www.aarquiteta.com.br\/blog\/wp-content\/uploads\/2023\/11\/organizacao-de-lavanderia-2-696x464.jpg 696w, https:\/\/www.aarquiteta.com.br\/blog\/wp-content\/uploads\/2023\/11\/organizacao-de-lavanderia-2-150x100.jpg 150w\" sizes=\"(max-width: 1200px) 100vw, 1200px\" \/><figcaption id=\"caption-attachment-100066\" class=\"wp-caption-text\">Lavanderia Planejada: 5 Ideias Para Organizar e Otimizar Espa\u00e7o.<\/figcaption><\/figure>\n<h3>Est\u00e9tica e design<\/h3>\n<p>Al\u00e9m da funcionalidade, uma lavanderia planejada tamb\u00e9m pode ser um espa\u00e7o de destaque na sua casa, com design moderno e cores que combinam com o restante da decora\u00e7\u00e3o.<\/p>\n<h3>Defina suas necessidades<\/h3>\n<p>Antes de tudo, \u00e9 importante entender o que voc\u00ea realmente precisa em sua lavanderia. Quantas pessoas usam o espa\u00e7o? Qual o volume de roupas? Precisa de espa\u00e7o para passar roupas ou apenas para lavar e secar?<\/p>\n<h3>Fa\u00e7a um levantamento do espa\u00e7o dispon\u00edvel<\/h3>\n<p>Medir o espa\u00e7o \u00e9 essencial para saber o que \u00e9 poss\u00edvel fazer na \u00e1rea que voc\u00ea tem. Lembre-se de considerar portas, janelas e pontos de \u00e1gua e energia.<\/p>\n<blockquote><p><strong>Curiosidade:<\/strong> Voc\u00ea sabia que a cor das paredes e dos m\u00f3veis pode influenciar no seu humor enquanto voc\u00ea realiza as tarefas dom\u00e9sticas? Cores claras e tranquilas, como azul e verde, podem tornar a lavanderia um ambiente mais sereno e agrad\u00e1vel.<\/p><\/blockquote>\n<h3>Planeje a disposi\u00e7\u00e3o dos itens<\/h3>\n<p>Defina um fluxo de trabalho na sua lavanderia, posicionando os m\u00f3veis e equipamentos de maneira l\u00f3gica e funcional.<\/p>\n<h3>Escolha os m\u00f3veis e equipamentos adequados<\/h3>\n<p>Opte por m\u00f3veis que se encaixem perfeitamente no espa\u00e7o e escolha equipamentos eficientes que atendam \u00e0s suas necessidades de uso.<\/p>\n[amazon table=&#8221;95673&#8243;]\n<h3>Considere a ergonomia<\/h3>\n<p>A altura dos m\u00f3veis e a disposi\u00e7\u00e3o dos equipamentos devem promover o conforto e evitar les\u00f5es ou desconfortos durante o uso.<\/p>\n<h3>Pense na ilumina\u00e7\u00e3o<\/h3>\n<p>Uma boa ilumina\u00e7\u00e3o \u00e9 fundamental para enxergar manchas e detalhes nas roupas, al\u00e9m de tornar o ambiente mais agrad\u00e1vel.<\/p>\n<h2>Vale a pena investir em uma lavanderia planejada?<\/h2>\n<figure id=\"attachment_100065\" aria-describedby=\"caption-attachment-100065\" style=\"width: 1200px\" class=\"wp-caption alignnone\"><img decoding=\"async\" class=\"size-full wp-image-100065\" src=\"https:\/\/www.aarquiteta.com.br\/blog\/wp-content\/uploads\/2023\/11\/organizacao-de-lavanderia-3.jpg\" alt=\"Lavanderia Planejada: 5 Ideias Para Organizar e Otimizar Espa\u00e7o.\" width=\"1200\" height=\"800\" title=\"\" srcset=\"https:\/\/www.aarquiteta.com.br\/blog\/wp-content\/uploads\/2023\/11\/organizacao-de-lavanderia-3.jpg 1200w, https:\/\/www.aarquiteta.com.br\/blog\/wp-content\/uploads\/2023\/11\/organizacao-de-lavanderia-3-1024x683.jpg 1024w, https:\/\/www.aarquiteta.com.br\/blog\/wp-content\/uploads\/2023\/11\/organizacao-de-lavanderia-3-696x464.jpg 696w, https:\/\/www.aarquiteta.com.br\/blog\/wp-content\/uploads\/2023\/11\/organizacao-de-lavanderia-3-150x100.jpg 150w\" sizes=\"(max-width: 1200px) 100vw, 1200px\" \/><figcaption id=\"caption-attachment-100065\" class=\"wp-caption-text\">Lavanderia Planejada: 5 Ideias Para Organizar e Otimizar Espa\u00e7o.<\/figcaption><\/figure>\n<p>Embora o investimento inicial possa ser maior, os benef\u00edcios a longo prazo, como durabilidade, praticidade e valoriza\u00e7\u00e3o do im\u00f3vel, podem compensar o custo.<\/p>\n<p>O custo de uma lavanderia planejada pode variar bastante, dependendo dos materiais escolhidos, do tamanho do espa\u00e7o e da complexidade do projeto.<\/p>\n<p>Materiais de acabamento, marca dos eletrodom\u00e9sticos, tamanho dos m\u00f3veis e o design s\u00e3o alguns dos fatores que podem influenciar no pre\u00e7o final da sua lavanderia planejada.<\/p>\n<p>Em conclus\u00e3o, uma lavanderia planejada \u00e9 um investimento que \u00e9 ben\u00e9fico tang\u00edvel para o seu dia a dia. Ao considerar os aspectos de organiza\u00e7\u00e3o, personaliza\u00e7\u00e3o e est\u00e9tica, voc\u00ea cria um espa\u00e7o que n\u00e3o apenas facilita as tarefas dom\u00e9sticas, mas tamb\u00e9m contribui para o bem-estar e a harmonia do lar.<\/p>\n<h2>Perguntas Frequentes sobre Lavanderia Planejada:<\/h2>\n<h3>Quais s\u00e3o os principais materiais utilizados em uma lavanderia planejada?<\/h3>\n<p>Materiais como MDF, a\u00e7o inoxid\u00e1vel e vidro s\u00e3o comuns por sua resist\u00eancia e facilidade de limpeza.<\/p>\n<h3>\u00c9 poss\u00edvel adaptar uma lavanderia planejada em espa\u00e7os pequenos?<\/h3>\n<p>Sim, com um bom planejamento, \u00e9 poss\u00edvel otimizar espa\u00e7os pequenos e torn\u00e1-los funcionais.<\/p>\n<h3>Quanto tempo leva para instalar uma lavanderia planejada?<\/h3>\n<p>O tempo de instala\u00e7\u00e3o pode variar, mas geralmente leva algumas semanas, dependendo da complexidade do projeto e da disponibilidade dos materiais.<\/p>\n","protected":false},"excerpt":{"rendered":"<p>Explore dicas imperd\u00edveis para uma lavanderia planejada deslumbrante. N\u00e3o perca!<\/p>\n","protected":false},"author":102,"featured_media":100068,"comment_status":"closed","ping_status":"closed","sticky":false,"template":"","format":"standard","meta":{"footnotes":""},"categories":[1484],"tags":[34812,28952],"class_list":["post-100029","post","type-post","status-publish","format-standard","has-post-thumbnail","category-decoracao","tag-decoracao-de-lavanderia-planejada","tag-lavanderia-planejada"],"_wp_attached_file":null,"_wp_attachment_metadata":null,"_wp_attachment_context":null,"_wp_attachment_is_custom_header":null,"geo_longitude":null,"geo_public":null,"geo_latitude":null,"_publicize_done_external":null,"_wpas_done_3897181":null,"publicize_twitter_user":null,"_wpas_done_3897175":null,"_wpas_skip_3897181":null,"_wpas_skip_3897175":null,"_wpas_skip_3924723":null,"_wpas_mess":null,"_wpas_done_3924723":null,"wps_subtitle":"","_links":{"self":[{"href":"https:\/\/www.aarquiteta.com.br\/blog\/wp-json\/wp\/v2\/posts\/100029","targetHints":{"allow":["GET"]}}],"collection":[{"href":"https:\/\/www.aarquiteta.com.br\/blog\/wp-json\/wp\/v2\/posts"}],"about":[{"href":"https:\/\/www.aarquiteta.com.br\/blog\/wp-json\/wp\/v2\/types\/post"}],"author":[{"embeddable":true,"href":"https:\/\/www.aarquiteta.com.br\/blog\/wp-json\/wp\/v2\/users\/102"}],"replies":[{"embeddable":true,"href":"https:\/\/www.aarquiteta.com.br\/blog\/wp-json\/wp\/v2\/comments?post=100029"}],"version-history":[{"count":0,"href":"https:\/\/www.aarquiteta.com.br\/blog\/wp-json\/wp\/v2\/posts\/100029\/revisions"}],"wp:featuredmedia":[{"embeddable":true,"href":"https:\/\/www.aarquiteta.com.br\/blog\/wp-json\/wp\/v2\/media\/100068"}],"wp:attachment":[{"href":"https:\/\/www.aarquiteta.com.br\/blog\/wp-json\/wp\/v2\/media?parent=100029"}],"wp:term":[{"taxonomy":"category","embeddable":true,"href":"https:\/\/www.aarquiteta.com.br\/blog\/wp-json\/wp\/v2\/categories?post=100029"},{"taxonomy":"post_tag","embeddable":true,"href":"https:\/\/www.aarquiteta.com.br\/blog\/wp-json\/wp\/v2\/tags?post=100029"}],"curies":[{"name":"wp","href":"https:\/\/api.w.org\/{rel}","templated":true}]}}