{"id":100012,"date":"2023-12-22T19:34:20","date_gmt":"2023-12-22T22:34:20","guid":{"rendered":"http:\/\/aarquiteta.com.br\/?p=100012"},"modified":"2023-12-22T19:34:20","modified_gmt":"2023-12-22T22:34:20","slug":"como-decorar-uma-varanda-pequena","status":"publish","type":"post","link":"https:\/\/www.aarquiteta.com.br\/blog\/como-decorar-uma-varanda-pequena\/","title":{"rendered":"Varanda Pequena: 5 Sugest\u00f5es para Aproveitar Cada Cent\u00edmetro"},"content":{"rendered":"<p>Transformar uma varanda pequena em um espa\u00e7o aconchegante e funcional pode parecer um desafio, mas com algumas dicas inteligentes, \u00e9 poss\u00edvel maximizar cada cent\u00edmetro. Aqui est\u00e3o algumas estrat\u00e9gias para tornar sua varanda um cantinho especial:<\/p>\n<ul>\n<li>Escolha m\u00f3veis que se adaptem ao espa\u00e7o e ofere\u00e7am mais de uma fun\u00e7\u00e3o.<\/li>\n<li>Use cores claras para dar uma sensa\u00e7\u00e3o de maior amplitude.<\/li>\n<li>Integre plantas de forma vertical para economizar espa\u00e7o.<\/li>\n<li>Crie zonas distintas para diferentes atividades.<\/li>\n<li>Invista em uma ilumina\u00e7\u00e3o que valorize o ambiente.<\/li>\n<\/ul>\n<h3>Escolha m\u00f3veis compactos e funcionais<\/h3>\n<figure style=\"width: 1024px\" class=\"wp-caption aligncenter\"><img decoding=\"async\" src=\"https:\/\/www.aarquiteta.com.br\/blog\/wp-content\/uploads\/2023\/11\/varanda-pequena04.jpg\" alt=\"varanda pequena\" width=\"1024\" height=\"1024\" title=\"\"><figcaption class=\"wp-caption-text\">varanda pequena<\/figcaption><\/figure>\n<p>Para uma varanda pequena, \u00e9 essencial optar por m\u00f3veis que sejam compactos e possam ter mais de uma utilidade. Por exemplo, bancos que tamb\u00e9m funcionam como armazenamento ou mesas dobr\u00e1veis que podem ser guardadas quando n\u00e3o est\u00e3o em uso. Isso permite que voc\u00ea aproveite o espa\u00e7o sem sobrecarreg\u00e1-lo.<\/p>\n<h3>Utilize cores claras para ampliar o espa\u00e7o<\/h3>\n<p>As cores t\u00eam um grande impacto na percep\u00e7\u00e3o do espa\u00e7o. Pintar as paredes de sua varanda com tons claros e neutros pode fazer o local parecer maior e mais aberto. Al\u00e9m disso, essas cores ajudam a refletir a luz natural, contribuindo para um ambiente mais iluminado e acolhedor.<\/p>\n<h3>Aposte em plantas verticais<\/h3>\n<figure style=\"width: 1024px\" class=\"wp-caption aligncenter\"><img decoding=\"async\" src=\"https:\/\/www.aarquiteta.com.br\/blog\/wp-content\/uploads\/2023\/11\/varanda-pequena03.jpg\" alt=\"varanda pequena\" width=\"1024\" height=\"1024\" title=\"\"><figcaption class=\"wp-caption-text\">varanda pequena<\/figcaption><\/figure>\n<p>Plantas podem trazer vida e cor para sua varanda, mas o espa\u00e7o limitado exige criatividade. Utilizar jardins verticais ou treli\u00e7as para pendurar vasos s\u00e3o \u00f3timas formas de incluir o verde sem ocupar muito espa\u00e7o no ch\u00e3o.<\/p>\n<h3>Crie diferentes \u00e1reas de estar<\/h3>\n<p>Mesmo em espa\u00e7os pequenos, \u00e9 poss\u00edvel criar &#8216;mini ambientes&#8217;. Uma \u00e1rea pode ser reservada para refei\u00e7\u00f5es ao ar livre, enquanto outra pode ser um cantinho de leitura. Isso \u00e9 alcan\u00e7ado atrav\u00e9s da disposi\u00e7\u00e3o dos m\u00f3veis e acess\u00f3rios, ajudando a definir cada espa\u00e7o.<\/p>\n<blockquote><p>Curiosidade: Voc\u00ea sabia que o cultivo de plantas em varandas pode n\u00e3o apenas embelezar o espa\u00e7o, mas tamb\u00e9m contribuir para a melhoria da qualidade do ar e reduzir o estresse? Um pequeno o\u00e1sis verde pode ser um poderoso aliado para o seu bem-estar!<\/p><\/blockquote>\n<h3>Invista em ilumina\u00e7\u00e3o adequada<\/h3>\n<p>A ilumina\u00e7\u00e3o pode transformar completamente a atmosfera de sua varanda. Luzes pendentes, lanternas ou at\u00e9 mesmo uma simples corda de luzes LED podem criar um ambiente agrad\u00e1vel e convidativo, perfeito para relaxar nas noites de ver\u00e3o.<\/p>\n[amazon table=&#8221;88350&#8243;]\n<h3>Utilize espelhos para criar a sensa\u00e7\u00e3o de amplitude<\/h3>\n<figure style=\"width: 1024px\" class=\"wp-caption aligncenter\"><img decoding=\"async\" src=\"https:\/\/www.aarquiteta.com.br\/blog\/wp-content\/uploads\/2023\/11\/varanda-pequena02.jpg\" alt=\"varanda pequena\" width=\"1024\" height=\"1024\" title=\"\"><figcaption class=\"wp-caption-text\">varanda pequena<\/figcaption><\/figure>\n<p>Um espelho bem colocado pode fazer maravilhas em espa\u00e7os pequenos, refletindo a luz e a vista, o que amplia visualmente a \u00e1rea da varanda. Escolha um espelho com um design que complemente o estilo do seu espa\u00e7o ao ar livre.<\/p>\n<h3>Opte por cortinas leves e transparentes<\/h3>\n<p>Cortinas podem adicionar privacidade e estilo \u00e0 sua varanda. Escolha tecidos leves e transl\u00facidos para manter a sensa\u00e7\u00e3o de abertura e fluidez, permitindo que a luz natural entre sem obstruir a vista.<\/p>\n<h3>Utilize prateleiras para otimizar o espa\u00e7o<\/h3>\n<p>Prateleiras s\u00e3o uma solu\u00e7\u00e3o inteligente para aproveitar o espa\u00e7o vertical. Elas podem ser usadas para armazenar itens decorativos ou pr\u00e1ticos, ajudando a manter a varanda organizada e livre de desordem.<\/p>\n<h3>Aposte em m\u00f3veis dobr\u00e1veis<\/h3>\n<p>M\u00f3veis dobr\u00e1veis s\u00e3o perfeitos para varandas pequenas, pois podem ser facilmente removidos quando n\u00e3o est\u00e3o em uso, liberando espa\u00e7o. Uma mesa dobr\u00e1vel, por exemplo, pode ser aberta durante as refei\u00e7\u00f5es e guardada em seguida.<\/p>\n<h3>Crie um cantinho verde<\/h3>\n<figure id=\"attachment_100135\" aria-describedby=\"caption-attachment-100135\" style=\"width: 1024px\" class=\"wp-caption alignnone\"><img decoding=\"async\" class=\"size-full wp-image-100135\" src=\"https:\/\/www.aarquiteta.com.br\/blog\/wp-content\/uploads\/2023\/11\/5-dicas-eficazes-para-quem-precisa-mobiliar-a-sua-varanda03.jpg\" alt=\"5 dicas eficazes para quem precisa mobiliar a sua varanda\" width=\"1024\" height=\"1024\" title=\"\" srcset=\"https:\/\/www.aarquiteta.com.br\/blog\/wp-content\/uploads\/2023\/11\/5-dicas-eficazes-para-quem-precisa-mobiliar-a-sua-varanda03.jpg 1024w, https:\/\/www.aarquiteta.com.br\/blog\/wp-content\/uploads\/2023\/11\/5-dicas-eficazes-para-quem-precisa-mobiliar-a-sua-varanda03-696x696.jpg 696w, https:\/\/www.aarquiteta.com.br\/blog\/wp-content\/uploads\/2023\/11\/5-dicas-eficazes-para-quem-precisa-mobiliar-a-sua-varanda03-96x96.jpg 96w, https:\/\/www.aarquiteta.com.br\/blog\/wp-content\/uploads\/2023\/11\/5-dicas-eficazes-para-quem-precisa-mobiliar-a-sua-varanda03-150x150.jpg 150w\" sizes=\"(max-width: 1024px) 100vw, 1024px\" \/><figcaption id=\"caption-attachment-100135\" class=\"wp-caption-text\">5 dicas eficazes para quem precisa mobiliar a sua varanda<\/figcaption><\/figure>\n<p>Um pequeno espa\u00e7o dedicado a plantas pode ser um ref\u00fagio relaxante. Escolha plantas que se adaptem bem ao clima e \u00e0 quantidade de luz dispon\u00edvel em sua varanda, criando um mini jardim que traga frescor e tranquilidade.<\/p>\n<h3>Utilize tapetes para delimitar espa\u00e7os<\/h3>\n<p>Tapetes n\u00e3o s\u00e3o apenas para interiores. Eles podem ajudar a definir diferentes \u00e1reas em sua varanda e adicionar um toque de conforto e estilo. Escolha tapetes adequados para \u00e1reas externas, que sejam dur\u00e1veis e f\u00e1ceis de limpar.<\/p>\n<h3>Decore com objetos decorativos pequenos<\/h3>\n<figure id=\"attachment_97876\" aria-describedby=\"caption-attachment-97876\" style=\"width: 1024px\" class=\"wp-caption alignnone\"><img decoding=\"async\" class=\"size-full wp-image-97876\" src=\"https:\/\/www.aarquiteta.com.br\/blog\/wp-content\/uploads\/2023\/10\/varanda-fechada04.jpg\" alt=\"varanda fechada\" width=\"1024\" height=\"1024\" title=\"\" srcset=\"https:\/\/www.aarquiteta.com.br\/blog\/wp-content\/uploads\/2023\/10\/varanda-fechada04.jpg 1024w, https:\/\/www.aarquiteta.com.br\/blog\/wp-content\/uploads\/2023\/10\/varanda-fechada04-696x696.jpg 696w, https:\/\/www.aarquiteta.com.br\/blog\/wp-content\/uploads\/2023\/10\/varanda-fechada04-96x96.jpg 96w, https:\/\/www.aarquiteta.com.br\/blog\/wp-content\/uploads\/2023\/10\/varanda-fechada04-150x150.jpg 150w\" sizes=\"(max-width: 1024px) 100vw, 1024px\" \/><figcaption id=\"caption-attachment-97876\" class=\"wp-caption-text\">varanda fechada<\/figcaption><\/figure>\n<p>Acess\u00f3rios como velas, almofadas e pequenas esculturas podem adicionar personalidade sem ocupar muito espa\u00e7o. Escolha itens que reflitam seus gostos pessoais e que possam ser facilmente trocados para atualizar o visual da varanda.<\/p>\n<p>Em conclus\u00e3o, uma varanda pequena pode ser transformada em um espa\u00e7o encantador e multifuncional com um pouco de criatividade e planejamento. Ao escolher m\u00f3veis e decora\u00e7\u00f5es adequados, voc\u00ea pode criar um ambiente ao ar livre que seja tanto um ref\u00fagio quanto um local para entretenimento.<\/p>\n<p>Lembre-se de que cada detalhe conta e pode fazer a diferen\u00e7a na maximiza\u00e7\u00e3o do seu espa\u00e7o limitado.<\/p>\n<h2><strong>Perguntas Frequentes:<\/strong><\/h2>\n<h3>Como decorar uma varanda pequena?<\/h3>\n<p>Foque em m\u00f3veis multifuncionais, utilize cores claras, incorpore plantas de forma inteligente e aposte em acess\u00f3rios que n\u00e3o ocupem muito espa\u00e7o.<\/p>\n<h3>Quais s\u00e3o os melhores m\u00f3veis para uma varanda pequena?<\/h3>\n<p>M\u00f3veis compactos, dobr\u00e1veis e que ofere\u00e7am mais de uma fun\u00e7\u00e3o s\u00e3o ideais para otimizar o espa\u00e7o.<\/p>\n<h3>Como criar uma sensa\u00e7\u00e3o de amplitude em uma varanda pequena?<\/h3>\n<p>Use espelhos, cores claras e uma disposi\u00e7\u00e3o inteligente dos m\u00f3veis para criar a ilus\u00e3o de um espa\u00e7o maior.<\/p>\n","protected":false},"excerpt":{"rendered":"<p>Quer uma varanda pequena de tirar o f\u00f4lego? Descubra inspira\u00e7\u00f5es aqui!<\/p>\n","protected":false},"author":102,"featured_media":100009,"comment_status":"closed","ping_status":"closed","sticky":false,"template":"","format":"standard","meta":{"footnotes":""},"categories":[1484],"tags":[34850,27133],"class_list":["post-100012","post","type-post","status-publish","format-standard","has-post-thumbnail","category-decoracao","tag-decoracao-de-varanda-pequena","tag-varanda-pequena"],"_wp_attached_file":null,"_wp_attachment_metadata":null,"_wp_attachment_context":null,"_wp_attachment_is_custom_header":null,"geo_longitude":null,"geo_public":null,"geo_latitude":null,"_publicize_done_external":null,"_wpas_done_3897181":null,"publicize_twitter_user":null,"_wpas_done_3897175":null,"_wpas_skip_3897181":null,"_wpas_skip_3897175":null,"_wpas_skip_3924723":null,"_wpas_mess":null,"_wpas_done_3924723":null,"wps_subtitle":"","_links":{"self":[{"href":"https:\/\/www.aarquiteta.com.br\/blog\/wp-json\/wp\/v2\/posts\/100012","targetHints":{"allow":["GET"]}}],"collection":[{"href":"https:\/\/www.aarquiteta.com.br\/blog\/wp-json\/wp\/v2\/posts"}],"about":[{"href":"https:\/\/www.aarquiteta.com.br\/blog\/wp-json\/wp\/v2\/types\/post"}],"author":[{"embeddable":true,"href":"https:\/\/www.aarquiteta.com.br\/blog\/wp-json\/wp\/v2\/users\/102"}],"replies":[{"embeddable":true,"href":"https:\/\/www.aarquiteta.com.br\/blog\/wp-json\/wp\/v2\/comments?post=100012"}],"version-history":[{"count":0,"href":"https:\/\/www.aarquiteta.com.br\/blog\/wp-json\/wp\/v2\/posts\/100012\/revisions"}],"wp:featuredmedia":[{"embeddable":true,"href":"https:\/\/www.aarquiteta.com.br\/blog\/wp-json\/wp\/v2\/media\/100009"}],"wp:attachment":[{"href":"https:\/\/www.aarquiteta.com.br\/blog\/wp-json\/wp\/v2\/media?parent=100012"}],"wp:term":[{"taxonomy":"category","embeddable":true,"href":"https:\/\/www.aarquiteta.com.br\/blog\/wp-json\/wp\/v2\/categories?post=100012"},{"taxonomy":"post_tag","embeddable":true,"href":"https:\/\/www.aarquiteta.com.br\/blog\/wp-json\/wp\/v2\/tags?post=100012"}],"curies":[{"name":"wp","href":"https:\/\/api.w.org\/{rel}","templated":true}]}}