{"id":35389,"count":0,"description":"Aproveite ao m\u00e1ximo cada metro quadrado com nossas dicas para decorar e organizar espa\u00e7os pequenos! \r\n\r\nNesta categoria, voc\u00ea encontrar\u00e1 artigos sobre como otimizar o uso de ambientes compactos, combinando funcionalidade e estilo. \r\n\r\nExplore ideias para escolher m\u00f3veis multifuncionais, solu\u00e7\u00f5es inteligentes de armazenamento e truques de design que ampliam visualmente os espa\u00e7os. \r\n\r\nAprenda a integrar cores, ilumina\u00e7\u00e3o e acess\u00f3rios que valorizam cada canto do seu lar. \r\n\r\nInspire-se com exemplos de projetos bem-sucedidos e descubra como transformar espa\u00e7os pequenos em ambientes confort\u00e1veis, pr\u00e1ticos e acolhedores.","link":"https:\/\/www.aarquiteta.com.br\/blog\/decoracao\/ambientes-na-decoracao\/espacos-pequenos\/","name":"Espa\u00e7os Pequenos","slug":"espacos-pequenos","taxonomy":"category","parent":35372,"meta":[],"_links":{"self":[{"href":"https:\/\/www.aarquiteta.com.br\/blog\/wp-json\/wp\/v2\/categories\/35389","targetHints":{"allow":["GET"]}}],"collection":[{"href":"https:\/\/www.aarquiteta.com.br\/blog\/wp-json\/wp\/v2\/categories"}],"about":[{"href":"https:\/\/www.aarquiteta.com.br\/blog\/wp-json\/wp\/v2\/taxonomies\/category"}],"up":[{"embeddable":true,"href":"https:\/\/www.aarquiteta.com.br\/blog\/wp-json\/wp\/v2\/categories\/35372"}],"wp:post_type":[{"href":"https:\/\/www.aarquiteta.com.br\/blog\/wp-json\/wp\/v2\/posts?categories=35389"}],"curies":[{"name":"wp","href":"https:\/\/api.w.org\/{rel}","templated":true}]}}